{"id":43373,"date":"2017-09-04T19:23:36","date_gmt":"2017-09-04T19:23:36","guid":{"rendered":"http:\/\/folhadosudeste.com\/site\/?p=43373"},"modified":"2017-09-04T19:23:36","modified_gmt":"2017-09-04T19:23:36","slug":"prefeitura-cria-sala-de-vacinacao-para-recem-nascidos-do-hospital-sao-paulo","status":"publish","type":"post","link":"http:\/\/folhadosudeste.com\/site\/?p=43373","title":{"rendered":"Prefeitura cria sala de vacina\u00e7\u00e3o para rec\u00e9m-nascidos do Hospital S\u00e3o Paulo"},"content":{"rendered":"<p><a href=\"http:\/\/folhadosudeste.com\/site\/wp-content\/uploads\/2017\/09\/IMG_4723.jpg\"><img loading=\"lazy\" decoding=\"async\" class=\"aligncenter wp-image-43374 size-large\" src=\"http:\/\/folhadosudeste.com\/site\/wp-content\/uploads\/2017\/09\/IMG_4723-1024x683.jpg\" alt=\"\" width=\"620\" height=\"414\" srcset=\"http:\/\/folhadosudeste.com\/site\/wp-content\/uploads\/2017\/09\/IMG_4723-1024x683.jpg 1024w, http:\/\/folhadosudeste.com\/site\/wp-content\/uploads\/2017\/09\/IMG_4723-300x200.jpg 300w, http:\/\/folhadosudeste.com\/site\/wp-content\/uploads\/2017\/09\/IMG_4723-768x512.jpg 768w, http:\/\/folhadosudeste.com\/site\/wp-content\/uploads\/2017\/09\/IMG_4723-290x195.jpg 290w, http:\/\/folhadosudeste.com\/site\/wp-content\/uploads\/2017\/09\/IMG_4723.jpg 2048w\" sizes=\"auto, (max-width: 620px) 100vw, 620px\" \/><\/a><\/p>\n<p style=\"text-align: justify;\"><em>Benef\u00edcio ir\u00e1 melhorar acesso \u00e0 sa\u00fade promovendo aplica\u00e7\u00e3o de dose de vacinas no ato do nascimento<\/em><\/p>\n<p style=\"text-align: justify;\">A Prefeitura de Muria\u00e9 est\u00e1 criando uma sala de vacina\u00e7\u00e3o dentro do Hospital S\u00e3o Paulo para atender as crian\u00e7as nascidas na institui\u00e7\u00e3o. O novo espa\u00e7o, que dever\u00e1 ser inaugurado em setembro, tem como finalidade imunizar os beb\u00eas com doses de BCG e Hepatite B, antes mesmo que as m\u00e3es recebam alta m\u00e9dica e retornem para suas resid\u00eancias. O benef\u00edcio ir\u00e1 facilitar a vida das mulheres de toda a regi\u00e3o que d\u00e3o \u00e0 luz no hospital, eliminando a necessidade de retorno de m\u00e3es e beb\u00eas para receber as vacinas.<\/p>\n<p style=\"text-align: justify;\">Atualmente, as m\u00e3es recebem alta nos hospitais da cidade e precisam procurar o Centro de Vacina\u00e7\u00e3o, localizado ao lado do Centro Administrativo para vacinar os beb\u00eas. A dose precisa ser dada nas primeiras 12 horas de vida, para que alcance maior efeito. \u201cSe a vacina for aplicada nas primeiras horas do nascimento, ela tem mais efic\u00e1cia e, consequentemente, aumenta a prote\u00e7\u00e3o \u00e0 crian\u00e7a\u201d, disse a coordenadora de vacina\u00e7\u00e3o municipal, Priscila Secco.<\/p>\n<p style=\"text-align: justify;\">O secret\u00e1rio Municipal de Sa\u00fade, Paulo C\u00e9sar de Oliveira, ressalta a import\u00e2ncia das vacinas para a sa\u00fade dos rec\u00e9m-nascidos. \u201cA BCG e a Hepatite B s\u00e3o de extrema necessidade. A primeira, protege a crian\u00e7a contra as formas graves de tuberculose e, a segunda, imuniza contra poss\u00edveis doen\u00e7as do f\u00edgado, al\u00e9m de prevenir e gerar anticorpos no beb\u00ea, reduzindo a possibilidade de herdar v\u00edrus da m\u00e3e\u201d, informou.<\/p>\n<p style=\"text-align: justify;\">\u201cEstamos construindo uma vida mais saud\u00e1vel para nossas crian\u00e7as\u201d, explica prefeito<\/p>\n<p style=\"text-align: justify;\">A sala de vacina\u00e7\u00e3o est\u00e1 sendo implantada no 3\u00ba andar do Hospital S\u00e3o Paulo, nas proximidades da maternidade. Noventa e nove por cento dos beb\u00eas de toda a regi\u00e3o nascem na institui\u00e7\u00e3o. \u201cDecidimos criar esta sala para diminuir o trabalho das m\u00e3es de rec\u00e9m-nascidos. Ao inv\u00e9s de dar \u00e0 luz e precisar procurar o Centro de Vacina\u00e7\u00e3o da Prefeitura, instantes ap\u00f3s o nascimento, ela j\u00e1 sai da institui\u00e7\u00e3o com seu nen\u00e9m imunizado contra as doen\u00e7as. Oferecendo este servi\u00e7o, estamos construindo uma vida mais saud\u00e1vel para nossas crian\u00e7as e proporcionando uma cidade mais hospitaleira para todos\u201d, enfatizou o prefeito Grego.<\/p>\n","protected":false},"excerpt":{"rendered":"<p>Benef\u00edcio ir\u00e1 melhorar acesso \u00e0 sa\u00fade promovendo aplica\u00e7\u00e3o de dose de vacinas no ato do nascimento A Prefeitura de Muria\u00e9 est\u00e1 criando uma sala de vacina\u00e7\u00e3o dentro do Hospital S\u00e3o Paulo para atender as crian\u00e7as nascidas na institui\u00e7\u00e3o. O novo espa\u00e7o, que dever\u00e1 ser inaugurado em setembro, tem como finalidade imunizar os beb\u00eas com doses [&hellip;]<\/p>\n","protected":false},"author":6,"featured_media":43374,"comment_status":"open","ping_status":"closed","sticky":false,"template":"","format":"standard","meta":{"_joinchat":[],"footnotes":""},"categories":[1],"tags":[],"class_list":["post-43373","post","type-post","status-publish","format-standard","has-post-thumbnail","hentry","category-sem-categoria"],"_links":{"self":[{"href":"http:\/\/folhadosudeste.com\/site\/index.php?rest_route=\/wp\/v2\/posts\/43373","targetHints":{"allow":["GET"]}}],"collection":[{"href":"http:\/\/folhadosudeste.com\/site\/index.php?rest_route=\/wp\/v2\/posts"}],"about":[{"href":"http:\/\/folhadosudeste.com\/site\/index.php?rest_route=\/wp\/v2\/types\/post"}],"author":[{"embeddable":true,"href":"http:\/\/folhadosudeste.com\/site\/index.php?rest_route=\/wp\/v2\/users\/6"}],"replies":[{"embeddable":true,"href":"http:\/\/folhadosudeste.com\/site\/index.php?rest_route=%2Fwp%2Fv2%2Fcomments&post=43373"}],"version-history":[{"count":1,"href":"http:\/\/folhadosudeste.com\/site\/index.php?rest_route=\/wp\/v2\/posts\/43373\/revisions"}],"predecessor-version":[{"id":43375,"href":"http:\/\/folhadosudeste.com\/site\/index.php?rest_route=\/wp\/v2\/posts\/43373\/revisions\/43375"}],"wp:featuredmedia":[{"embeddable":true,"href":"http:\/\/folhadosudeste.com\/site\/index.php?rest_route=\/wp\/v2\/media\/43374"}],"wp:attachment":[{"href":"http:\/\/folhadosudeste.com\/site\/index.php?rest_route=%2Fwp%2Fv2%2Fmedia&parent=43373"}],"wp:term":[{"taxonomy":"category","embeddable":true,"href":"http:\/\/folhadosudeste.com\/site\/index.php?rest_route=%2Fwp%2Fv2%2Fcategories&post=43373"},{"taxonomy":"post_tag","embeddable":true,"href":"http:\/\/folhadosudeste.com\/site\/index.php?rest_route=%2Fwp%2Fv2%2Ftags&post=43373"}],"curies":[{"name":"wp","href":"https:\/\/api.w.org\/{rel}","templated":true}]}}