{"id":43391,"date":"2017-09-08T12:33:24","date_gmt":"2017-09-08T12:33:24","guid":{"rendered":"http:\/\/folhadosudeste.com\/site\/?p=43391"},"modified":"2017-09-08T12:33:24","modified_gmt":"2017-09-08T12:33:24","slug":"desfiles-civicos-de-6-e-7-de-setembro-e-muita-diversao-na-expo-muriae-2017","status":"publish","type":"post","link":"http:\/\/folhadosudeste.com\/site\/?p=43391","title":{"rendered":"DESFILES C\u00cdVICOS DE 6 E 7 DE SETEMBRO E MUITA DIVERS\u00c3O NA EXP\u00d4 MURIA\u00c9 2017"},"content":{"rendered":"<p style=\"text-align: justify;\"><a href=\"http:\/\/folhadosudeste.com\/site\/wp-content\/uploads\/2017\/09\/DESFILES.jpg\"><img loading=\"lazy\" decoding=\"async\" class=\"aligncenter size-full wp-image-43407\" src=\"http:\/\/folhadosudeste.com\/site\/wp-content\/uploads\/2017\/09\/DESFILES.jpg\" alt=\"\" width=\"620\" height=\"347\" srcset=\"http:\/\/folhadosudeste.com\/site\/wp-content\/uploads\/2017\/09\/DESFILES.jpg 620w, http:\/\/folhadosudeste.com\/site\/wp-content\/uploads\/2017\/09\/DESFILES-300x168.jpg 300w\" sizes=\"auto, (max-width: 620px) 100vw, 620px\" \/><\/a><\/p>\n<p style=\"text-align: justify;\"><strong>&nbsp;<\/strong><\/p>\n<p style=\"text-align: justify;\">As comemora\u00e7\u00f5es do Dia do Muriaeense, 6 de setembro, come\u00e7aram na parte da manh\u00e3, no palco oficial na Pra\u00e7a Jo\u00e3o Pinheiro, com a homenagem a Ant\u00f4nio Can\u00eado, ex-prefeito que instituiu o feriado do \u2018Dia do Muriaeense\u2019. Logo ap\u00f3s, foi realizado o Desfile C\u00edvico, com o tema \u201cPovos, Cores e Sabores Muriaeenses\u201d. Desfilaram as escolas municipais e estaduais localizadas no munic\u00edpio. Na parte da tarde, teve tamb\u00e9m a Festa dos Distritos, na arena do Parque de Exposi\u00e7\u00f5es. No in\u00edcio da noite, foi dado do Resultado do Torneio Curraleiro, no Centro de Eventos do Parque de&nbsp;Exposi\u00e7\u00f5es. E a Abertura Oficial da Exp\u00f4 2017 foi feita no palco de shows. E logo depois, um grande p\u00fablico de Muria\u00e9 e toda a regi\u00e3o prestigiou a t\u00e3o aguardada apresenta\u00e7\u00e3o da cantora Anitta.<\/p>\n<p style=\"text-align: justify;\">J\u00e1 no dia 7 de setembro, ap\u00f3s a concentra\u00e7\u00e3o na esquina da Rua S\u00e3o Pedro com a Rua Dr. Alves Pequeno, foram hasteadas as bandeiras e dado in\u00edcio ao Desfile C\u00edvico-Cultural. A ordem das institui\u00e7\u00f5es muriaeenses que participaram foram: viaturas dos Bombeiros, Pol\u00edcia Militar, Secretaria de Desenvolvimento Social e FUNDARTE (Abertura com escudos da FUNDARTE &#8211; alunas da Escola Municipal de Dan\u00e7a Jorge Barroca, Pavilh\u00e3o Nacional, N\u00facleo, Centro de Conviv\u00eancia do Idoso, Banda Sociedade Musical Uni\u00e3o dos Artistas, Escola Municipal de M\u00fasica Leonel Vargas, Escola Municipal de Dan\u00e7a Jorge Rodrigues Barroca, CRAS Vermelho e CRAS Santa Terezinha, Escola Municipal de Artes Visuais Moacyr Fenelon, CRAS Aeroporto e CRAS S\u00e3o Joaquim, Banda Marcial C\u00e2ndido Portinari, Escola Municipal de Audiovisual Carlos Scalla, Centros Culturais da FUNDARTE (Centro Cultural e Tur\u00edstico Regional Doutor Pio Soares Can\u00eado \u2013 Grande Hotel Muriah\u00e9, Memorial Municipal \u2013 Arquivo Hist\u00f3rico Municipal e Museu Municipal, Biblioteca P\u00fablica Municipal Vivaldi Wenceslau Moreira e Teatro Municipal Belmira Vilas Boas) e Departamento de Turismo da FUNDARTE, Programa Atitude Jovem e Setor de Apoio \u00e0 Juventude, Servidores do Programa Prote\u00e7\u00e3o Social Especial, Escola Municipal de Teatro Greg\u00f3rio de Mattos Guerra), Banda Marcial Bernadete Carneiro, Escoteiros, Desbravadores, Pol\u00edcia Ambiental, Agentes Penitenci\u00e1rios e Tiro de Guerra.<\/p>\n<p style=\"text-align: justify;\">Os outros shows da Exp\u00f4 Muria\u00e9 2017 foram: Gisele Nascimento e Banda Zem (05\/09), Eros Biondini e Z\u00e9 Neto &amp; Cristiano (07\/09), Bruno &amp; Barretto (08\/09), Pedro Paulo &amp; Alex (09\/09) e show gospel, Backlands e Artsamba (10\/09). Foram 3 dias de shows com entrada franca e 3 pagos. A Exposi\u00e7\u00e3o contou tamb\u00e9m com as tradicionais barraquinhas e o Parque de Divers\u00f5es Super Star Park.&nbsp;<\/p>\n<p>[ngg_images source=&#8221;galleries&#8221; container_ids=&#8221;1115&#8243; display_type=&#8221;photocrati-nextgen_basic_thumbnails&#8221; override_thumbnail_settings=&#8221;0&#8243; thumbnail_width=&#8221;100&#8243; thumbnail_height=&#8221;75&#8243; thumbnail_crop=&#8221;1&#8243; images_per_page=&#8221;0&#8243; number_of_columns=&#8221;0&#8243; ajax_pagination=&#8221;0&#8243; show_all_in_lightbox=&#8221;0&#8243; use_imagebrowser_effect=&#8221;0&#8243; show_slideshow_link=&#8221;1&#8243; slideshow_link_text=&#8221;[Show as slideshow]&#8221; order_by=&#8221;sortorder&#8221; order_direction=&#8221;ASC&#8221; returns=&#8221;included&#8221; maximum_entity_count=&#8221;500&#8243;]<\/p>\n","protected":false},"excerpt":{"rendered":"<p>&nbsp; As comemora\u00e7\u00f5es do Dia do Muriaeense, 6 de setembro, come\u00e7aram na parte da manh\u00e3, no palco oficial na Pra\u00e7a Jo\u00e3o Pinheiro, com a homenagem a Ant\u00f4nio Can\u00eado, ex-prefeito que instituiu o feriado do \u2018Dia do Muriaeense\u2019. Logo ap\u00f3s, foi realizado o Desfile C\u00edvico, com o tema \u201cPovos, Cores e Sabores Muriaeenses\u201d. Desfilaram as escolas [&hellip;]<\/p>\n","protected":false},"author":2,"featured_media":43407,"comment_status":"open","ping_status":"closed","sticky":false,"template":"","format":"standard","meta":{"_joinchat":[],"footnotes":""},"categories":[1],"tags":[],"class_list":["post-43391","post","type-post","status-publish","format-standard","has-post-thumbnail","hentry","category-sem-categoria"],"_links":{"self":[{"href":"http:\/\/folhadosudeste.com\/site\/index.php?rest_route=\/wp\/v2\/posts\/43391","targetHints":{"allow":["GET"]}}],"collection":[{"href":"http:\/\/folhadosudeste.com\/site\/index.php?rest_route=\/wp\/v2\/posts"}],"about":[{"href":"http:\/\/folhadosudeste.com\/site\/index.php?rest_route=\/wp\/v2\/types\/post"}],"author":[{"embeddable":true,"href":"http:\/\/folhadosudeste.com\/site\/index.php?rest_route=\/wp\/v2\/users\/2"}],"replies":[{"embeddable":true,"href":"http:\/\/folhadosudeste.com\/site\/index.php?rest_route=%2Fwp%2Fv2%2Fcomments&post=43391"}],"version-history":[{"count":2,"href":"http:\/\/folhadosudeste.com\/site\/index.php?rest_route=\/wp\/v2\/posts\/43391\/revisions"}],"predecessor-version":[{"id":43416,"href":"http:\/\/folhadosudeste.com\/site\/index.php?rest_route=\/wp\/v2\/posts\/43391\/revisions\/43416"}],"wp:featuredmedia":[{"embeddable":true,"href":"http:\/\/folhadosudeste.com\/site\/index.php?rest_route=\/wp\/v2\/media\/43407"}],"wp:attachment":[{"href":"http:\/\/folhadosudeste.com\/site\/index.php?rest_route=%2Fwp%2Fv2%2Fmedia&parent=43391"}],"wp:term":[{"taxonomy":"category","embeddable":true,"href":"http:\/\/folhadosudeste.com\/site\/index.php?rest_route=%2Fwp%2Fv2%2Fcategories&post=43391"},{"taxonomy":"post_tag","embeddable":true,"href":"http:\/\/folhadosudeste.com\/site\/index.php?rest_route=%2Fwp%2Fv2%2Ftags&post=43391"}],"curies":[{"name":"wp","href":"https:\/\/api.w.org\/{rel}","templated":true}]}}