{"id":43395,"date":"2017-09-08T12:37:11","date_gmt":"2017-09-08T12:37:11","guid":{"rendered":"http:\/\/folhadosudeste.com\/site\/?p=43395"},"modified":"2017-09-08T12:37:11","modified_gmt":"2017-09-08T12:37:11","slug":"escola-estadual-silveira-brum-realiza-a-festa-da-familia-no-muriae-tenis-clube","status":"publish","type":"post","link":"http:\/\/folhadosudeste.com\/site\/?p=43395","title":{"rendered":"ESCOLA ESTADUAL SILVEIRA BRUM REALIZA A FESTA DA FAM\u00cdLIA NO MURIA\u00c9 T\u00caNIS CLUBE"},"content":{"rendered":"<p style=\"text-align: justify;\"><a href=\"http:\/\/folhadosudeste.com\/site\/wp-content\/uploads\/2017\/09\/FESTA-DA-FAM\u00cdLIA.jpg\"><img loading=\"lazy\" decoding=\"async\" class=\"aligncenter size-full wp-image-43417\" src=\"http:\/\/folhadosudeste.com\/site\/wp-content\/uploads\/2017\/09\/FESTA-DA-FAM\u00cdLIA.jpg\" alt=\"\" width=\"620\" height=\"231\" srcset=\"http:\/\/folhadosudeste.com\/site\/wp-content\/uploads\/2017\/09\/FESTA-DA-FAM\u00cdLIA.jpg 620w, http:\/\/folhadosudeste.com\/site\/wp-content\/uploads\/2017\/09\/FESTA-DA-FAM\u00cdLIA-300x112.jpg 300w\" sizes=\"auto, (max-width: 620px) 100vw, 620px\" \/><\/a><\/p>\n<p style=\"text-align: justify;\"><strong><em>O tema foi \u2018Fam\u00edlia onde todos os ritmos se encontram\u2019<\/em><\/strong><\/p>\n<p style=\"text-align: justify;\">As fam\u00edlias dos alunos da E. E. \u2018Silveira Brum\u2019 se fizeram presentes na comemora\u00e7\u00e3o em sua homenagem, atendendo o convite dessa escola.<\/p>\n<p style=\"text-align: justify;\">A sua grandiosa presen\u00e7a e a sua contribui\u00e7\u00e3o ao confeccionar as roupas das apresenta\u00e7\u00f5es dos alunos possibilitaram que a FESTA estivesse ainda mais bonita, rica e animada.<\/p>\n<p style=\"text-align: justify;\">Em nome dos professores e funcion\u00e1rios, a dire\u00e7\u00e3o da E. E. Silveira Brum agradece a sua comunidade escolar que est\u00e1 sempre pronta em atender as suas solicita\u00e7\u00f5es e a colaborar com o sucesso desta escola. Ficamos imensamente felizes com a realiza\u00e7\u00e3o deste evento.<\/p>\n<p style=\"text-align: justify;\">A diretora da E. E. Silveira Brum \u00e9 Nilza Helena F\u00e1tima de Souza Salvato.<\/p>\n<p>[ngg_images source=&#8221;galleries&#8221; container_ids=&#8221;1116&#8243; display_type=&#8221;photocrati-nextgen_basic_thumbnails&#8221; override_thumbnail_settings=&#8221;0&#8243; thumbnail_width=&#8221;100&#8243; thumbnail_height=&#8221;75&#8243; thumbnail_crop=&#8221;1&#8243; images_per_page=&#8221;0&#8243; number_of_columns=&#8221;0&#8243; ajax_pagination=&#8221;0&#8243; show_all_in_lightbox=&#8221;0&#8243; use_imagebrowser_effect=&#8221;0&#8243; show_slideshow_link=&#8221;1&#8243; slideshow_link_text=&#8221;[Show as slideshow]&#8221; order_by=&#8221;sortorder&#8221; order_direction=&#8221;ASC&#8221; returns=&#8221;included&#8221; maximum_entity_count=&#8221;500&#8243;]<\/p>\n","protected":false},"excerpt":{"rendered":"<p>O tema foi \u2018Fam\u00edlia onde todos os ritmos se encontram\u2019 As fam\u00edlias dos alunos da E. E. \u2018Silveira Brum\u2019 se fizeram presentes na comemora\u00e7\u00e3o em sua homenagem, atendendo o convite dessa escola. A sua grandiosa presen\u00e7a e a sua contribui\u00e7\u00e3o ao confeccionar as roupas das apresenta\u00e7\u00f5es dos alunos possibilitaram que a FESTA estivesse ainda mais [&hellip;]<\/p>\n","protected":false},"author":2,"featured_media":43417,"comment_status":"open","ping_status":"closed","sticky":false,"template":"","format":"standard","meta":{"_joinchat":[],"footnotes":""},"categories":[1],"tags":[],"class_list":["post-43395","post","type-post","status-publish","format-standard","has-post-thumbnail","hentry","category-sem-categoria"],"_links":{"self":[{"href":"http:\/\/folhadosudeste.com\/site\/index.php?rest_route=\/wp\/v2\/posts\/43395","targetHints":{"allow":["GET"]}}],"collection":[{"href":"http:\/\/folhadosudeste.com\/site\/index.php?rest_route=\/wp\/v2\/posts"}],"about":[{"href":"http:\/\/folhadosudeste.com\/site\/index.php?rest_route=\/wp\/v2\/types\/post"}],"author":[{"embeddable":true,"href":"http:\/\/folhadosudeste.com\/site\/index.php?rest_route=\/wp\/v2\/users\/2"}],"replies":[{"embeddable":true,"href":"http:\/\/folhadosudeste.com\/site\/index.php?rest_route=%2Fwp%2Fv2%2Fcomments&post=43395"}],"version-history":[{"count":2,"href":"http:\/\/folhadosudeste.com\/site\/index.php?rest_route=\/wp\/v2\/posts\/43395\/revisions"}],"predecessor-version":[{"id":43446,"href":"http:\/\/folhadosudeste.com\/site\/index.php?rest_route=\/wp\/v2\/posts\/43395\/revisions\/43446"}],"wp:featuredmedia":[{"embeddable":true,"href":"http:\/\/folhadosudeste.com\/site\/index.php?rest_route=\/wp\/v2\/media\/43417"}],"wp:attachment":[{"href":"http:\/\/folhadosudeste.com\/site\/index.php?rest_route=%2Fwp%2Fv2%2Fmedia&parent=43395"}],"wp:term":[{"taxonomy":"category","embeddable":true,"href":"http:\/\/folhadosudeste.com\/site\/index.php?rest_route=%2Fwp%2Fv2%2Fcategories&post=43395"},{"taxonomy":"post_tag","embeddable":true,"href":"http:\/\/folhadosudeste.com\/site\/index.php?rest_route=%2Fwp%2Fv2%2Ftags&post=43395"}],"curies":[{"name":"wp","href":"https:\/\/api.w.org\/{rel}","templated":true}]}}