{"id":43501,"date":"2017-09-08T17:39:18","date_gmt":"2017-09-08T17:39:18","guid":{"rendered":"http:\/\/folhadosudeste.com\/site\/?p=43501"},"modified":"2017-09-11T11:52:14","modified_gmt":"2017-09-11T11:52:14","slug":"solenidade-de-entrega-de-titulos-de-cidadania-honoraria-de-honra-ao-merito-e-das-comendas-martins-da-costa-em-comemoracao-ao-dia-do-muriaeense-2017","status":"publish","type":"post","link":"http:\/\/folhadosudeste.com\/site\/?p=43501","title":{"rendered":"SOLENIDADE DE ENTREGA DE T\u00cdTULOS DE CIDADANIA HONOR\u00c1RIA, DE HONRA AO M\u00c9RITO"},"content":{"rendered":"<p><a href=\"http:\/\/folhadosudeste.com\/site\/wp-content\/uploads\/2017\/09\/DSC_0413.jpg\"><img loading=\"lazy\" decoding=\"async\" class=\"aligncenter wp-image-43609\" src=\"http:\/\/folhadosudeste.com\/site\/wp-content\/uploads\/2017\/09\/DSC_0413-300x199.jpg\" alt=\"\" width=\"425\" height=\"282\" srcset=\"http:\/\/folhadosudeste.com\/site\/wp-content\/uploads\/2017\/09\/DSC_0413-300x199.jpg 300w, http:\/\/folhadosudeste.com\/site\/wp-content\/uploads\/2017\/09\/DSC_0413-768x509.jpg 768w, http:\/\/folhadosudeste.com\/site\/wp-content\/uploads\/2017\/09\/DSC_0413-1024x678.jpg 1024w, http:\/\/folhadosudeste.com\/site\/wp-content\/uploads\/2017\/09\/DSC_0413.jpg 2048w\" sizes=\"auto, (max-width: 425px) 100vw, 425px\" \/><\/a><\/p>\n<p style=\"text-align: justify;\">A C\u00e2mara Municipal de Muria\u00e9 e Prefeitura, realizaram na noite do dia 5 de setembro (ter\u00e7a-feira), no Anfiteatro da Unifaminas, a&nbsp;Solenidade&nbsp;de&nbsp;Entrega&nbsp;de&nbsp;T\u00edtulos&nbsp;de Cidadania Honor\u00e1ria,&nbsp;de Honra ao M\u00e9rito e das Comendas Martins da Costa em comemora\u00e7\u00e3o ao Dia do Muriaeense 2017. Cada vereador e o prefeito de Muria\u00e9 indicaram dois nomes para receber&nbsp;t\u00edtulos, tanto de Cidadania Honor\u00e1ria (pessoas de relev\u00e2ncia no munic\u00edpio, que possuem significativas contribui\u00e7\u00f5es, embora n\u00e3o tenham nascido em Muria\u00e9) quanto Honra ao M\u00e9rito (cidad\u00e3os muriaeenses que se destacam no munic\u00edpio em determinadas \u00e1reas ou s\u00e3o exemplos de vida a serem oficialmente declarados cidad\u00e3os de atua\u00e7\u00f5es especiais de Muria\u00e9).&nbsp; Al\u00e9m disso, a presid\u00eancia da C\u00e2mara denominou sete pessoas para receberem a Comenda Martins da Costa, principal honraria ofertada pelo Poder Legislativo Municipal, que leva o nome do Juiz Municipal Dr. Francisco de Assis Martins da Costa, que foi um dos principais respons\u00e1veis por elevar Muria\u00e9 \u00e0 categoria de cidade. A rela\u00e7\u00e3o dos homenageados de 2017 e de seus respectivos outorgantes, al\u00e9m dos agraciados com a Comenda Martins da Costa, segue abaixo:<\/p>\n<p><strong>Vereador Ademar Camerino:<\/strong> George Hilton dos Santos Cec\u00edlio (Cidadania Honor\u00e1ria) e Junio Cezar Pereira de Oliveira (Honra ao M\u00e9rito).<\/p>\n<p><strong>Vereador Carlos Macuco:<\/strong> Luciano de OIiveira Archete (Honra ao M\u00e9rito) e Marcelo Henrique Teixeira Dias (Cidadania Honor\u00e1ria).<\/p>\n<p><strong>Vereador e Presidente Carlos Delfim:<\/strong> Juseleno Viegas de Carvalho (Cidadania Honor\u00e1ria) e Marlon Ant\u00f4nio Berno Torquato (Cidadania Honor\u00e1ria).<\/p>\n<p><strong>Vereador Celsinho:<\/strong> Maria Rosangela de Oliveira Donato (Cidadania) e Miguel Pereira Vilela (Honra ao M\u00e9rito).<\/p>\n<p><strong>Vereador David Lacerda:<\/strong> Renato Del Penho (Honra ao M\u00e9rito) e S\u00e9rgio Soares Duarte (Cidadania Honor\u00e1ria).<\/p>\n<p><strong>Vereador Devail Gomes Corr\u00eaa:<\/strong> Jacy Ant\u00f4nio Vilela (Honra ao M\u00e9rito) e Paulo S\u00e9rgio dos Santos Ramos (Cidadania Honor\u00e1ria).<\/p>\n<p><strong>Vereador Evandro Cheroso:<\/strong> Wantuil Alves da Silva (Cidadania Honor\u00e1ria) e Wilma Maria Alves de Souza Pimentel (Honra ao m\u00e9rito).<\/p>\n<p><strong>Vereadora Helena Carvalho:<\/strong> Carlos Roberto Moreira de Oliveira (Cidadania Honor\u00e1ria) e Rodrigo Barreto Campos (Cidadania Honor\u00e1ria).<\/p>\n<p><strong>Vereador Ivanir do Gaspar:<\/strong> Ant\u00f4nio Jos\u00e9 Fazionato Pereira (Honra ao M\u00e9rito) e Fernando Roberto Alves (Honra ao M\u00e9rito).<\/p>\n<p><strong>Vereador Jair Abreu:<\/strong> Maria Gon\u00e7alves dos Passos Vasconcelos (Cidadania Honor\u00e1ria) e Mirta da Cruz (Cidadania Honor\u00e1ria).<\/p>\n<p><strong>Vereador Sargento Joel:<\/strong> Adir de Freitas Valentim J\u00fanior (Honra ao M\u00e9rito) e Pedro Bernardes de Oliveira (Cidadania Honor\u00e1ria).<\/p>\n<p><strong>Vereador Dr. Jos\u00e9 Carlos:<\/strong> Cezar Ladeira Macedo Junior (Cidadania Honor\u00e1ria) e Messias Soares Vardiero (Honra ao M\u00e9rito).<\/p>\n<p><strong>Vereador Prof. J\u00falio Simbra:<\/strong> Ludolfo Costa (Cidadania Honor\u00e1ria) e Paulo Roberto Gomes (Honra ao M\u00e9rito).<\/p>\n<p><strong>Vereadora Dr\u00aa Miriam:<\/strong> Ernesto Facchini Sobrinho (Cidadania Honor\u00e1ria) e Sebasti\u00e3o Pereira de Oliveira Filho (Cidadania Honor\u00e1ria).<\/p>\n<p><strong>Vereador Reginaldo Roriz:<\/strong> Manoel Jos\u00e9 Pinheiro (Honra ao m\u00e9rito) e Tyerre Soares Coelho (Cidad\u00e3o Honor\u00e1ria).<\/p>\n<p><strong>Vereador Lelei:<\/strong> Edson Amorim de Souza (Honra ao M\u00e9rito) e Gilberto Teixeira da Silveira (Honra ao M\u00e9rito).<\/p>\n<p><strong>Vereador Ciso:<\/strong> Emerson Paiva da Silva (Cidadania) e Waltecy Rodrigues da Costa (Honra ao M\u00e9rito).<\/p>\n<p><strong>Prefeito Grego (Ioannis Konstantinos Grammatikopoulos):<\/strong> Enio Moreira Bernardo (Cidadania) e Marco Aur\u00e9lio Ridolphi (Honra ao M\u00e9rito).<\/p>\n<p><strong>Comenda Martins da Costa:<\/strong> Carlos Eduardo Felippe Feres, Gustavo de Vasconcellos Moreira, Jos\u00e9 Sigiliano Gomes Filho, M\u00e1rcio Lacerda, Misael Artur Ferreira Varella, Paulina de Souza Seren\u00e1rio e Sebasti\u00e3o Vitor Cotta.<\/p>\n<p>&nbsp;<\/p>\n<p>[ngg_images source=&#8221;galleries&#8221; container_ids=&#8221;1119&#8243; display_type=&#8221;photocrati-nextgen_basic_thumbnails&#8221; override_thumbnail_settings=&#8221;0&#8243; thumbnail_width=&#8221;100&#8243; thumbnail_height=&#8221;75&#8243; thumbnail_crop=&#8221;1&#8243; images_per_page=&#8221;0&#8243; number_of_columns=&#8221;0&#8243; ajax_pagination=&#8221;0&#8243; show_all_in_lightbox=&#8221;0&#8243; use_imagebrowser_effect=&#8221;0&#8243; show_slideshow_link=&#8221;1&#8243; slideshow_link_text=&#8221;[Show as slideshow]&#8221; order_by=&#8221;sortorder&#8221; order_direction=&#8221;ASC&#8221; returns=&#8221;included&#8221; maximum_entity_count=&#8221;500&#8243;]<\/p>\n<p>&nbsp;<\/p>\n","protected":false},"excerpt":{"rendered":"<p>A C\u00e2mara Municipal de Muria\u00e9 e Prefeitura, realizaram na noite do dia 5 de setembro (ter\u00e7a-feira), no Anfiteatro da Unifaminas, a&nbsp;Solenidade&nbsp;de&nbsp;Entrega&nbsp;de&nbsp;T\u00edtulos&nbsp;de Cidadania Honor\u00e1ria,&nbsp;de Honra ao M\u00e9rito e das Comendas Martins da Costa em comemora\u00e7\u00e3o ao Dia do Muriaeense 2017. Cada vereador e o prefeito de Muria\u00e9 indicaram dois nomes para receber&nbsp;t\u00edtulos, tanto de Cidadania Honor\u00e1ria [&hellip;]<\/p>\n","protected":false},"author":6,"featured_media":43505,"comment_status":"open","ping_status":"closed","sticky":false,"template":"","format":"standard","meta":{"_joinchat":[],"footnotes":""},"categories":[1],"tags":[],"class_list":["post-43501","post","type-post","status-publish","format-standard","has-post-thumbnail","hentry","category-sem-categoria"],"_links":{"self":[{"href":"http:\/\/folhadosudeste.com\/site\/index.php?rest_route=\/wp\/v2\/posts\/43501","targetHints":{"allow":["GET"]}}],"collection":[{"href":"http:\/\/folhadosudeste.com\/site\/index.php?rest_route=\/wp\/v2\/posts"}],"about":[{"href":"http:\/\/folhadosudeste.com\/site\/index.php?rest_route=\/wp\/v2\/types\/post"}],"author":[{"embeddable":true,"href":"http:\/\/folhadosudeste.com\/site\/index.php?rest_route=\/wp\/v2\/users\/6"}],"replies":[{"embeddable":true,"href":"http:\/\/folhadosudeste.com\/site\/index.php?rest_route=%2Fwp%2Fv2%2Fcomments&post=43501"}],"version-history":[{"count":11,"href":"http:\/\/folhadosudeste.com\/site\/index.php?rest_route=\/wp\/v2\/posts\/43501\/revisions"}],"predecessor-version":[{"id":43717,"href":"http:\/\/folhadosudeste.com\/site\/index.php?rest_route=\/wp\/v2\/posts\/43501\/revisions\/43717"}],"wp:featuredmedia":[{"embeddable":true,"href":"http:\/\/folhadosudeste.com\/site\/index.php?rest_route=\/wp\/v2\/media\/43505"}],"wp:attachment":[{"href":"http:\/\/folhadosudeste.com\/site\/index.php?rest_route=%2Fwp%2Fv2%2Fmedia&parent=43501"}],"wp:term":[{"taxonomy":"category","embeddable":true,"href":"http:\/\/folhadosudeste.com\/site\/index.php?rest_route=%2Fwp%2Fv2%2Fcategories&post=43501"},{"taxonomy":"post_tag","embeddable":true,"href":"http:\/\/folhadosudeste.com\/site\/index.php?rest_route=%2Fwp%2Fv2%2Ftags&post=43501"}],"curies":[{"name":"wp","href":"https:\/\/api.w.org\/{rel}","templated":true}]}}