{"id":43726,"date":"2017-09-15T16:46:41","date_gmt":"2017-09-15T16:46:41","guid":{"rendered":"http:\/\/folhadosudeste.com\/site\/?p=43726"},"modified":"2017-09-15T16:46:41","modified_gmt":"2017-09-15T16:46:41","slug":"1a-copa-de-marcha-do-cavalo-mangalarga-marchador-de-muriae-e-regiao","status":"publish","type":"post","link":"http:\/\/folhadosudeste.com\/site\/?p=43726","title":{"rendered":"1\u00aa Copa de Marcha do Cavalo Mangalarga Marchador de Muria\u00e9 e Regi\u00e3o"},"content":{"rendered":"<p><a href=\"http:\/\/folhadosudeste.com\/site\/wp-content\/uploads\/2017\/09\/DSC_0158.jpg\"><img loading=\"lazy\" decoding=\"async\" class=\"aligncenter wp-image-43727 size-full\" src=\"http:\/\/folhadosudeste.com\/site\/wp-content\/uploads\/2017\/09\/DSC_0158.jpg\" alt=\"\" width=\"800\" height=\"530\" srcset=\"http:\/\/folhadosudeste.com\/site\/wp-content\/uploads\/2017\/09\/DSC_0158.jpg 800w, http:\/\/folhadosudeste.com\/site\/wp-content\/uploads\/2017\/09\/DSC_0158-300x199.jpg 300w, http:\/\/folhadosudeste.com\/site\/wp-content\/uploads\/2017\/09\/DSC_0158-768x509.jpg 768w\" sizes=\"auto, (max-width: 800px) 100vw, 800px\" \/><\/a><\/p>\n<p style=\"text-align: justify;\">Durante a Exposi\u00e7\u00e3o Agropecu\u00e1ria e Comercial de Muria\u00e9, o N\u00facleo dos Criadores do Cavalo Mangalarga Machador de Muria\u00e9 e Regi\u00e3o promoveu a 1\u00aa Copa de Marcha dessa ra\u00e7a. Margareth Heloise de Melo Tavares, presidente do N\u00facleo, mostrou-se muito satisfeita porque o evento superou suas expectativas. Segundo ela, como existem muitos criadores da ra\u00e7a Mangalarga Marchador, a fun\u00e7\u00e3o do N\u00facleo era justamente essa, com funda\u00e7\u00e3o nessa inten\u00e7\u00e3o, j\u00e1 que n\u00e3o havia uma refer\u00eancia de eventos especializados. Assim, pelo n\u00facleo fica mais f\u00e1cil, porque todos se juntam, ficam mais unidos e fortes, colaborando para fazer um evento mais grandioso. <em>\u201cN\u00e3o \u00e9 f\u00e1cil, mas mesmo com toda dificuldade, conseguimos fazer a Exposi\u00e7\u00e3o Especializada. Fundamos um n\u00facleo em novembro do ano passado e agora estamos realizando a 1\u00b0 Copa de Marcha, uma satisfa\u00e7\u00e3o muito grande para n\u00f3s. A tend\u00eancia \u00e9 promover outros. foram 18 categorias, com pr\u00eamios em dinheiro. Os animais que participaram e ganharam, pontuam para a exposi\u00e7\u00e3o nacional, a Copa do Mangalarga Marchador. Ent\u00e3o o t\u00edtulo que ele ganha n\u00e3o fica s\u00f3 aqui, mas a pontua\u00e7\u00e3o \u00e9 contada para outras Especializadas, inclusive o Nacional, que acontece em Belo Horizonte, a maior de todas\u201d,<\/em> explica.<\/p>\n<p style=\"text-align: justify;\">O n\u00facleo \u00e9 o bra\u00e7o da Associa\u00e7\u00e3o Brasileira dos Criadores de Cavalos Mangalarga Marchador (ABCCMM). Aconteceu tamb\u00e9m o Concurso de Marcha, com animais que ainda n\u00e3o s\u00e3o registrados, para aquele criador que ainda n\u00e3o conseguiu registrar e, ao mesmo tempo, mostrar o potencial que ele tem. <em>\u201cFizemos tamb\u00e9m uma pequena homenagem para Manuela da Matta. Ela era uma amiga, ajudou a fundar o N\u00facleo, era veterin\u00e1ria, amante do Mangalarga Marchador, fazia aquilo que amava, contribuiu muito para nossa ra\u00e7a, para nossos animais e foi uma grande perda. Sentimos muito a sua falta. O cavalo \u00e9 um meio saud\u00e1vel de conviv\u00eancia, um animal que serve para o trabalho, para o lazer, para recupera\u00e7\u00e3o de pessoas que t\u00eam defici\u00eancia, n\u00e3o s\u00f3 crian\u00e7as, mas adultos tamb\u00e9m. Todo ser humano deveria saber a import\u00e2ncia que tem um cavalo. Fazemos do animal tamb\u00e9m uma fonte de renda, al\u00e9m de ser aquilo que gostamos. A longo prazo, temos retorno. O Henrique Aquino, presidente do Sindicato Rural de Muria\u00e9, tem sido excelente na administra\u00e7\u00e3o, conduzindo o Parque com muito amor e trazendo isso atrav\u00e9s de longos anos, com muita dedica\u00e7\u00e3o e amor. Agrade\u00e7o muito, pois sem ele nosso n\u00facleo n\u00e3o teria acontecido. Enfrentamos muitos obst\u00e1culos e em momento algum ele deixou de nos apoiar. Se n\u00e3o nos unirmos, ningu\u00e9m consegue nada. Parabenizo-o pelo belo trabalho realizado. Vimos as dificuldades que ele vem enfrentando, mas tem sobressa\u00eddo\u201d,<\/em> completa.<\/p>\n<p style=\"text-align: justify;\">&nbsp;Darlan Oliveira Santos, coordenador de Julgamentos da empresa Tr\u00eas Barras Promo\u00e7\u00f5es, de Belo Horizonte, que j\u00e1 tem 35 anos de mercado, trabalhando em todo territ\u00f3rio nacional at\u00e9 no Rio Grande do Sul, com forma\u00e7\u00e3o de movimentos agropecu\u00e1rios, mas nascido e criado em Muria\u00e9, trabalha no meio agropecu\u00e1rio com organiza\u00e7\u00e3o de eventos, tanto de bovinos quanto equinos. Na oportunidade, ele coordenou essa 1\u00aa Copa de Marcha, a convite da presidente Margareth. <em>\u201cTrabalho no Brasil inteiro, fa\u00e7o uma m\u00e9dia de 32 eventos por ano, e d\u00e1 para saber a qualidade dos animais apresentados. \u00c9 um diferencial, por conta da participa\u00e7\u00e3o de expositores de toda regi\u00e3o. Essa Copa foi \u00edmpar. Tivemos 5 categorias de f\u00eameas, 4 de machos, com a qualidade de 60% em cada categoria e isso mostra a for\u00e7a do cavalo. Tivemos uma boa parcela na Zona da Mata. Sou amigo dos criadores de Muria\u00e9 e fiz um la\u00e7o estreito de amizade em todo o Brasil. \u00c9 a primeira vez que fa\u00e7o um evento do Mangalarga Marchador com esse n\u00edvel em Muria\u00e9. Estou orgulhoso da minha cidade ter recebido animais de tamanha qualidade. Sou grato pela participa\u00e7\u00e3o dos amigos. Tivemos uma Exposi\u00e7\u00e3o Especializada que foi um sucesso e Muria\u00e9 volta a ser uma das pistas do Brasil. Est\u00e1 de parab\u00e9ns a diretoria\u201d,<\/em> finaliza.<\/p>\n<p>[ngg_images source=&#8221;galleries&#8221; container_ids=&#8221;1120&#8243; display_type=&#8221;photocrati-nextgen_basic_thumbnails&#8221; override_thumbnail_settings=&#8221;0&#8243; thumbnail_width=&#8221;100&#8243; thumbnail_height=&#8221;75&#8243; thumbnail_crop=&#8221;1&#8243; images_per_page=&#8221;0&#8243; number_of_columns=&#8221;0&#8243; ajax_pagination=&#8221;0&#8243; show_all_in_lightbox=&#8221;0&#8243; use_imagebrowser_effect=&#8221;0&#8243; show_slideshow_link=&#8221;1&#8243; slideshow_link_text=&#8221;[Show as slideshow]&#8221; order_by=&#8221;sortorder&#8221; order_direction=&#8221;ASC&#8221; returns=&#8221;included&#8221; maximum_entity_count=&#8221;500&#8243;]<\/p>\n","protected":false},"excerpt":{"rendered":"<p>Durante a Exposi\u00e7\u00e3o Agropecu\u00e1ria e Comercial de Muria\u00e9, o N\u00facleo dos Criadores do Cavalo Mangalarga Machador de Muria\u00e9 e Regi\u00e3o promoveu a 1\u00aa Copa de Marcha dessa ra\u00e7a. Margareth Heloise de Melo Tavares, presidente do N\u00facleo, mostrou-se muito satisfeita porque o evento superou suas expectativas. Segundo ela, como existem muitos criadores da ra\u00e7a Mangalarga Marchador, [&hellip;]<\/p>\n","protected":false},"author":6,"featured_media":43727,"comment_status":"open","ping_status":"closed","sticky":false,"template":"","format":"standard","meta":{"_joinchat":[],"footnotes":""},"categories":[1],"tags":[],"class_list":["post-43726","post","type-post","status-publish","format-standard","has-post-thumbnail","hentry","category-sem-categoria"],"_links":{"self":[{"href":"http:\/\/folhadosudeste.com\/site\/index.php?rest_route=\/wp\/v2\/posts\/43726","targetHints":{"allow":["GET"]}}],"collection":[{"href":"http:\/\/folhadosudeste.com\/site\/index.php?rest_route=\/wp\/v2\/posts"}],"about":[{"href":"http:\/\/folhadosudeste.com\/site\/index.php?rest_route=\/wp\/v2\/types\/post"}],"author":[{"embeddable":true,"href":"http:\/\/folhadosudeste.com\/site\/index.php?rest_route=\/wp\/v2\/users\/6"}],"replies":[{"embeddable":true,"href":"http:\/\/folhadosudeste.com\/site\/index.php?rest_route=%2Fwp%2Fv2%2Fcomments&post=43726"}],"version-history":[{"count":1,"href":"http:\/\/folhadosudeste.com\/site\/index.php?rest_route=\/wp\/v2\/posts\/43726\/revisions"}],"predecessor-version":[{"id":43778,"href":"http:\/\/folhadosudeste.com\/site\/index.php?rest_route=\/wp\/v2\/posts\/43726\/revisions\/43778"}],"wp:featuredmedia":[{"embeddable":true,"href":"http:\/\/folhadosudeste.com\/site\/index.php?rest_route=\/wp\/v2\/media\/43727"}],"wp:attachment":[{"href":"http:\/\/folhadosudeste.com\/site\/index.php?rest_route=%2Fwp%2Fv2%2Fmedia&parent=43726"}],"wp:term":[{"taxonomy":"category","embeddable":true,"href":"http:\/\/folhadosudeste.com\/site\/index.php?rest_route=%2Fwp%2Fv2%2Fcategories&post=43726"},{"taxonomy":"post_tag","embeddable":true,"href":"http:\/\/folhadosudeste.com\/site\/index.php?rest_route=%2Fwp%2Fv2%2Ftags&post=43726"}],"curies":[{"name":"wp","href":"https:\/\/api.w.org\/{rel}","templated":true}]}}