{"id":43779,"date":"2017-09-15T16:50:48","date_gmt":"2017-09-15T16:50:48","guid":{"rendered":"http:\/\/folhadosudeste.com\/site\/?p=43779"},"modified":"2017-09-15T16:50:48","modified_gmt":"2017-09-15T16:50:48","slug":"restaurante-espetaria-da-praca-e-inaugurado-em-muriae","status":"publish","type":"post","link":"http:\/\/folhadosudeste.com\/site\/?p=43779","title":{"rendered":"Restaurante Espetaria da Pra\u00e7a \u00e9 inaugurado em Muria\u00e9"},"content":{"rendered":"<p><a href=\"http:\/\/folhadosudeste.com\/site\/wp-content\/uploads\/2017\/09\/DSC_0047.jpg\"><img loading=\"lazy\" decoding=\"async\" class=\"aligncenter wp-image-43780 size-full\" src=\"http:\/\/folhadosudeste.com\/site\/wp-content\/uploads\/2017\/09\/DSC_0047.jpg\" alt=\"\" width=\"800\" height=\"530\" srcset=\"http:\/\/folhadosudeste.com\/site\/wp-content\/uploads\/2017\/09\/DSC_0047.jpg 800w, http:\/\/folhadosudeste.com\/site\/wp-content\/uploads\/2017\/09\/DSC_0047-300x199.jpg 300w, http:\/\/folhadosudeste.com\/site\/wp-content\/uploads\/2017\/09\/DSC_0047-768x509.jpg 768w\" sizes=\"auto, (max-width: 800px) 100vw, 800px\" \/><\/a><\/p>\n<p style=\"text-align: justify;\">Foi inaugurada, na segunda-feira 11 de setembro, a Espetaria da Pra\u00e7a, o novo empreendimento do casal Wagner e Rose, que j\u00e1 conquistaram seus clientes com o reconhecido Espetinho da Pra\u00e7a. Eles resolveram expandir no mercado com um restaurante diversificado e com pre\u00e7o justo para o p\u00fablico da cidade e regi\u00e3o, tanto os que j\u00e1 conhecem o tempero do casal quanto os que buscam um lugar para almo\u00e7ar fora todos os dias ou solicitar os saborosos pratos no conforto de sua resid\u00eancia ou mesmo no trabalho.<\/p>\n<p style=\"text-align: justify;\">Segundo Wagner do Nascimento Araujo, o Espetinho da Pra\u00e7a j\u00e1 existe h\u00e1 tr\u00eas anos, e j\u00e1 virou tradi\u00e7\u00e3o na cidade, sempre inovando, fazendo algo diferente. <em>\u201cBuscamos a satisfa\u00e7\u00e3o do cliente e come\u00e7amos a trabalhar com arrumadinho a noite. Os clientes sempre pediram para fazermos almo\u00e7o e estamos realizando mais um sonho. O funcionamento \u00e9 das 10h30 at\u00e9 as 15h e a noite continuamos com o arrumadinho a partir das 19h. J\u00e1 o espetinho na cal\u00e7ada do Banco do Brasil, n\u00f3s come\u00e7amos \u00e0s 16h, de segunda a s\u00e1bado, e n\u00e3o vamos parar com ele. Nossa refei\u00e7\u00e3o \u00e9 o prato comercial, mais conhecido como prato feito, no valor de R$ 10 reais. A salada \u00e9 \u00e0 vontade e temos tr\u00eas tipos de carnes todos os dias: frango, boi e porco\u201d,<\/em> explica.<\/p>\n<p style=\"text-align: justify;\">De acordo com Rose, o Espetinho da Pra\u00e7a \u00e9 um sonho que j\u00e1 est\u00e1 sendo um sucesso. <em>\u201cQuero agradecer os nossos fi\u00e9is clientes. Nossa refei\u00e7\u00e3o \u00e9 feita com muito carinho e \u00e9 muito gostosa, as pessoas j\u00e1 est\u00e3o acostumadas com nosso tempero. Atendemos todos os p\u00fablicos. Tem grelhado, cozido, do jeito que o cliente gosta. O espetinho vai continuar. Temos &nbsp;X-picanha que est\u00e1 sendo um sucesso\u201d,<\/em> completa.<\/p>\n<p style=\"text-align: justify;\">A Espetaria da Pra\u00e7a fica localizada na Rua Dr. Guilherme de Abreu Lima, rua do Educand\u00e1rio Batista, n\u00b0 34, ao lado do Banco do Brasil, funcionando de segunda a s\u00e1bado. O telefone para contato \u00e9 o 98884-3827 ou 3728-4318, no qual podem ser solicitadas as entregas.<\/p>\n<p>[ngg_images source=&#8221;galleries&#8221; container_ids=&#8221;1121&#8243; display_type=&#8221;photocrati-nextgen_basic_thumbnails&#8221; override_thumbnail_settings=&#8221;0&#8243; thumbnail_width=&#8221;100&#8243; thumbnail_height=&#8221;75&#8243; thumbnail_crop=&#8221;1&#8243; images_per_page=&#8221;0&#8243; number_of_columns=&#8221;0&#8243; ajax_pagination=&#8221;0&#8243; show_all_in_lightbox=&#8221;0&#8243; use_imagebrowser_effect=&#8221;0&#8243; show_slideshow_link=&#8221;1&#8243; slideshow_link_text=&#8221;[Show as slideshow]&#8221; order_by=&#8221;sortorder&#8221; order_direction=&#8221;ASC&#8221; returns=&#8221;included&#8221; maximum_entity_count=&#8221;500&#8243;]<\/p>\n","protected":false},"excerpt":{"rendered":"<p>Foi inaugurada, na segunda-feira 11 de setembro, a Espetaria da Pra\u00e7a, o novo empreendimento do casal Wagner e Rose, que j\u00e1 conquistaram seus clientes com o reconhecido Espetinho da Pra\u00e7a. Eles resolveram expandir no mercado com um restaurante diversificado e com pre\u00e7o justo para o p\u00fablico da cidade e regi\u00e3o, tanto os que j\u00e1 conhecem [&hellip;]<\/p>\n","protected":false},"author":6,"featured_media":43780,"comment_status":"open","ping_status":"closed","sticky":false,"template":"","format":"standard","meta":{"_joinchat":[],"footnotes":""},"categories":[1],"tags":[],"class_list":["post-43779","post","type-post","status-publish","format-standard","has-post-thumbnail","hentry","category-sem-categoria"],"_links":{"self":[{"href":"http:\/\/folhadosudeste.com\/site\/index.php?rest_route=\/wp\/v2\/posts\/43779","targetHints":{"allow":["GET"]}}],"collection":[{"href":"http:\/\/folhadosudeste.com\/site\/index.php?rest_route=\/wp\/v2\/posts"}],"about":[{"href":"http:\/\/folhadosudeste.com\/site\/index.php?rest_route=\/wp\/v2\/types\/post"}],"author":[{"embeddable":true,"href":"http:\/\/folhadosudeste.com\/site\/index.php?rest_route=\/wp\/v2\/users\/6"}],"replies":[{"embeddable":true,"href":"http:\/\/folhadosudeste.com\/site\/index.php?rest_route=%2Fwp%2Fv2%2Fcomments&post=43779"}],"version-history":[{"count":1,"href":"http:\/\/folhadosudeste.com\/site\/index.php?rest_route=\/wp\/v2\/posts\/43779\/revisions"}],"predecessor-version":[{"id":43805,"href":"http:\/\/folhadosudeste.com\/site\/index.php?rest_route=\/wp\/v2\/posts\/43779\/revisions\/43805"}],"wp:featuredmedia":[{"embeddable":true,"href":"http:\/\/folhadosudeste.com\/site\/index.php?rest_route=\/wp\/v2\/media\/43780"}],"wp:attachment":[{"href":"http:\/\/folhadosudeste.com\/site\/index.php?rest_route=%2Fwp%2Fv2%2Fmedia&parent=43779"}],"wp:term":[{"taxonomy":"category","embeddable":true,"href":"http:\/\/folhadosudeste.com\/site\/index.php?rest_route=%2Fwp%2Fv2%2Fcategories&post=43779"},{"taxonomy":"post_tag","embeddable":true,"href":"http:\/\/folhadosudeste.com\/site\/index.php?rest_route=%2Fwp%2Fv2%2Ftags&post=43779"}],"curies":[{"name":"wp","href":"https:\/\/api.w.org\/{rel}","templated":true}]}}