{"id":43806,"date":"2017-09-15T16:54:04","date_gmt":"2017-09-15T16:54:04","guid":{"rendered":"http:\/\/folhadosudeste.com\/site\/?p=43806"},"modified":"2017-09-15T16:54:04","modified_gmt":"2017-09-15T16:54:04","slug":"flor-de-lis-e-reinaugurada-para-melhor-atender-seus-clientes","status":"publish","type":"post","link":"http:\/\/folhadosudeste.com\/site\/?p=43806","title":{"rendered":"Flor de Lis \u00e9 reinaugurada para melhor atender seus clientes"},"content":{"rendered":"<p><a href=\"http:\/\/folhadosudeste.com\/site\/wp-content\/uploads\/2017\/09\/DSC_0015.jpg\"><img loading=\"lazy\" decoding=\"async\" class=\"aligncenter wp-image-43807 size-full\" src=\"http:\/\/folhadosudeste.com\/site\/wp-content\/uploads\/2017\/09\/DSC_0015.jpg\" alt=\"\" width=\"800\" height=\"530\" srcset=\"http:\/\/folhadosudeste.com\/site\/wp-content\/uploads\/2017\/09\/DSC_0015.jpg 800w, http:\/\/folhadosudeste.com\/site\/wp-content\/uploads\/2017\/09\/DSC_0015-300x199.jpg 300w, http:\/\/folhadosudeste.com\/site\/wp-content\/uploads\/2017\/09\/DSC_0015-768x509.jpg 768w\" sizes=\"auto, (max-width: 800px) 100vw, 800px\" \/><\/a><\/p>\n<p style=\"text-align: justify;\">A floricultura Flor de Lis foi reinaugurada na manh\u00e3 de segunda-feira (11), no mesmo endere\u00e7o onde funcionava anteriormente, na Rua Cel. Marciano Rodrigues, 12, Centro. Agora, a loja est\u00e1 mais ampla, oferecendo mais conforto e comodidade, para melhor atender seus clientes, depois de 20 dias de reforma, para proporcionar as melhorias e fazer modifica\u00e7\u00f5es positivas em sua estrutura. Entre as mudan\u00e7as, foi feito tamb\u00e9m um espa\u00e7o para melhor atender as noivas. A parte de entrega continua r\u00e1pida, &nbsp;eficiente e especializada para qualquer lugar.<\/p>\n<p style=\"text-align: justify;\">O empres\u00e1rio Everaldo Francisco Ribeiro, propriet\u00e1rio junto \u00e0 esposa Alessandra e os filhos, Augusto Vicente e Anelize, destaca que \u00e9 um trabalho em fam\u00edlia sempre compromissado com os clientes. A loja atende todos os tipos de eventos, sejam anivers\u00e1rios, casamentos, atendimento para noivas, decora\u00e7\u00e3o de igreja e demais festas, n\u00e3o inclui a parte de buffet. Na Flor de Lis as pessoas encontram v\u00e1rios tipos de flores para presentear a esposa, namorada, m\u00e3e, etc. O que n\u00e3o for encontrado na loja, pode ser encomendado e a dire\u00e7\u00e3o consegue atrav\u00e9s do fornecedor. <em>\u201cConvido nossos clientes e amigos para conhecerem a nova Flor de Lis e aos que ainda n\u00e3o conhecem a loja, fica nosso convite. Obrigado \u00e0 minha fam\u00edlia que deu toda for\u00e7a e suporte que eu precisava para este passo importante e aos clientes, que compreenderam este nosso processo de transi\u00e7\u00e3o, de quase 20 dias com a loja fechada. Mesmo assim, deram total apoio e continuaram nos dando prefer\u00eancia atrav\u00e9s do telefone\u201d, <\/em>destaca.<\/p>\n<p style=\"text-align: justify;\"><strong>Hist\u00f3ria<\/strong><\/p>\n<p style=\"text-align: justify;\">Em 1984 Vicente Jacinto Ribeiro deu in\u00edcio a primeira Floricultura \u201cS\u00f4 Vicente das Flores\u201d como era conhecido na feira. Com muito esfor\u00e7o, trabalho e dedica\u00e7\u00e3o se tornou conceituada em nossa cidade e regi\u00e3o.<\/p>\n<p style=\"text-align: justify;\">Vindo ele falecer em 1989, seu filho Everaldo Francisco Ribeiro, com a mesma dedica\u00e7\u00e3o e orgulho continuou com o seu trabalho, e a loja passou a chamar-se Floricultura Flor de Lis, que hoje com instala\u00e7\u00f5es ampliadas, informatizada e produtos diretamente da Holambra-S.P, oferece variedades ao cliente.<\/p>\n<p style=\"text-align: justify;\">Com isso ganhamos destaque, a cada dia pela for\u00e7a e pela sinceridade que a todos demonstramos. Ficamos gratos pela prefer\u00eancia que cada cliente amigo nos d\u00e1.<\/p>\n<p style=\"text-align: justify;\">N\u00e3o deixe de nos fazer uma visita. Um abra\u00e7o da fam\u00edlia Flor de Lis!<\/p>\n<p>[ngg_images source=&#8221;galleries&#8221; container_ids=&#8221;1122&#8243; display_type=&#8221;photocrati-nextgen_basic_thumbnails&#8221; override_thumbnail_settings=&#8221;0&#8243; thumbnail_width=&#8221;100&#8243; thumbnail_height=&#8221;75&#8243; thumbnail_crop=&#8221;1&#8243; images_per_page=&#8221;0&#8243; number_of_columns=&#8221;0&#8243; ajax_pagination=&#8221;0&#8243; show_all_in_lightbox=&#8221;0&#8243; use_imagebrowser_effect=&#8221;0&#8243; show_slideshow_link=&#8221;1&#8243; slideshow_link_text=&#8221;[Show as slideshow]&#8221; order_by=&#8221;sortorder&#8221; order_direction=&#8221;ASC&#8221; returns=&#8221;included&#8221; maximum_entity_count=&#8221;500&#8243;]<\/p>\n","protected":false},"excerpt":{"rendered":"<p>A floricultura Flor de Lis foi reinaugurada na manh\u00e3 de segunda-feira (11), no mesmo endere\u00e7o onde funcionava anteriormente, na Rua Cel. Marciano Rodrigues, 12, Centro. Agora, a loja est\u00e1 mais ampla, oferecendo mais conforto e comodidade, para melhor atender seus clientes, depois de 20 dias de reforma, para proporcionar as melhorias e fazer modifica\u00e7\u00f5es positivas [&hellip;]<\/p>\n","protected":false},"author":6,"featured_media":43807,"comment_status":"open","ping_status":"closed","sticky":false,"template":"","format":"standard","meta":{"_joinchat":[],"footnotes":""},"categories":[1],"tags":[],"class_list":["post-43806","post","type-post","status-publish","format-standard","has-post-thumbnail","hentry","category-sem-categoria"],"_links":{"self":[{"href":"http:\/\/folhadosudeste.com\/site\/index.php?rest_route=\/wp\/v2\/posts\/43806","targetHints":{"allow":["GET"]}}],"collection":[{"href":"http:\/\/folhadosudeste.com\/site\/index.php?rest_route=\/wp\/v2\/posts"}],"about":[{"href":"http:\/\/folhadosudeste.com\/site\/index.php?rest_route=\/wp\/v2\/types\/post"}],"author":[{"embeddable":true,"href":"http:\/\/folhadosudeste.com\/site\/index.php?rest_route=\/wp\/v2\/users\/6"}],"replies":[{"embeddable":true,"href":"http:\/\/folhadosudeste.com\/site\/index.php?rest_route=%2Fwp%2Fv2%2Fcomments&post=43806"}],"version-history":[{"count":1,"href":"http:\/\/folhadosudeste.com\/site\/index.php?rest_route=\/wp\/v2\/posts\/43806\/revisions"}],"predecessor-version":[{"id":43836,"href":"http:\/\/folhadosudeste.com\/site\/index.php?rest_route=\/wp\/v2\/posts\/43806\/revisions\/43836"}],"wp:featuredmedia":[{"embeddable":true,"href":"http:\/\/folhadosudeste.com\/site\/index.php?rest_route=\/wp\/v2\/media\/43807"}],"wp:attachment":[{"href":"http:\/\/folhadosudeste.com\/site\/index.php?rest_route=%2Fwp%2Fv2%2Fmedia&parent=43806"}],"wp:term":[{"taxonomy":"category","embeddable":true,"href":"http:\/\/folhadosudeste.com\/site\/index.php?rest_route=%2Fwp%2Fv2%2Fcategories&post=43806"},{"taxonomy":"post_tag","embeddable":true,"href":"http:\/\/folhadosudeste.com\/site\/index.php?rest_route=%2Fwp%2Fv2%2Ftags&post=43806"}],"curies":[{"name":"wp","href":"https:\/\/api.w.org\/{rel}","templated":true}]}}