{"id":43925,"date":"2017-09-15T17:13:16","date_gmt":"2017-09-15T17:13:16","guid":{"rendered":"http:\/\/folhadosudeste.com\/site\/?p=43925"},"modified":"2017-09-15T17:13:16","modified_gmt":"2017-09-15T17:13:16","slug":"associacao-de-violeiros-de-muriae-se-apresenta-na-praca-sao-cristovao","status":"publish","type":"post","link":"http:\/\/folhadosudeste.com\/site\/?p=43925","title":{"rendered":"Associa\u00e7\u00e3o de Violeiros de Muria\u00e9 se apresenta na Pra\u00e7a S\u00e3o Crist\u00f3v\u00e3o"},"content":{"rendered":"<p><a href=\"http:\/\/folhadosudeste.com\/site\/wp-content\/uploads\/2017\/09\/DSC_0160.jpg\"><img loading=\"lazy\" decoding=\"async\" class=\"aligncenter wp-image-43926 size-full\" src=\"http:\/\/folhadosudeste.com\/site\/wp-content\/uploads\/2017\/09\/DSC_0160.jpg\" alt=\"\" width=\"800\" height=\"533\" srcset=\"http:\/\/folhadosudeste.com\/site\/wp-content\/uploads\/2017\/09\/DSC_0160.jpg 800w, http:\/\/folhadosudeste.com\/site\/wp-content\/uploads\/2017\/09\/DSC_0160-300x200.jpg 300w, http:\/\/folhadosudeste.com\/site\/wp-content\/uploads\/2017\/09\/DSC_0160-768x512.jpg 768w\" sizes=\"auto, (max-width: 800px) 100vw, 800px\" \/><\/a><\/p>\n<p style=\"text-align: justify;\">A Associa\u00e7\u00e3o de Violeiros de Muria\u00e9 realizou mais uma apresenta\u00e7\u00e3o, que j\u00e1 est\u00e1 em sua 4\u00aa edi\u00e7\u00e3o, na Pra\u00e7a do bairro S\u00e3o Cristov\u00e3o, no \u00faltimo domingo (10). De acordo com a presidente Erotilde Francisca de Souza, a mesma existe h\u00e1 12 anos, com registro em documento. Ela mostrou sua satisfa\u00e7\u00e3o com a apresenta\u00e7\u00e3o com toda a Associa\u00e7\u00e3o, alternando os cantores violeiros. <em>\u201cTodo ano acontece esse encontro, j\u00e1 \u00e9 costume. Fazemos outros eventos quando somos convidados. O pr\u00f3ximo acontecer\u00e1 dia 17, no bairro Primavera, na casa da tia da Ilma. Sr. Zezinho (pai da Ilma) foi o pioneiro na Associa\u00e7\u00e3o de Violeiros. Cantamos m\u00fasicas sertanejas, de ra\u00edz e universit\u00e1rias. Temos 20 associados, contando com as crian\u00e7as. Agrade\u00e7o a presen\u00e7a de todos que nos prestigiam sempre\u201d,<\/em> afirma.<\/p>\n<p>[ngg_images source=&#8221;galleries&#8221; container_ids=&#8221;1128&#8243; display_type=&#8221;photocrati-nextgen_basic_thumbnails&#8221; override_thumbnail_settings=&#8221;0&#8243; thumbnail_width=&#8221;100&#8243; thumbnail_height=&#8221;75&#8243; thumbnail_crop=&#8221;1&#8243; images_per_page=&#8221;0&#8243; number_of_columns=&#8221;0&#8243; ajax_pagination=&#8221;0&#8243; show_all_in_lightbox=&#8221;0&#8243; use_imagebrowser_effect=&#8221;0&#8243; show_slideshow_link=&#8221;1&#8243; slideshow_link_text=&#8221;[Show as slideshow]&#8221; order_by=&#8221;sortorder&#8221; order_direction=&#8221;ASC&#8221; returns=&#8221;included&#8221; maximum_entity_count=&#8221;500&#8243;]<\/p>\n","protected":false},"excerpt":{"rendered":"<p>A Associa\u00e7\u00e3o de Violeiros de Muria\u00e9 realizou mais uma apresenta\u00e7\u00e3o, que j\u00e1 est\u00e1 em sua 4\u00aa edi\u00e7\u00e3o, na Pra\u00e7a do bairro S\u00e3o Cristov\u00e3o, no \u00faltimo domingo (10). De acordo com a presidente Erotilde Francisca de Souza, a mesma existe h\u00e1 12 anos, com registro em documento. Ela mostrou sua satisfa\u00e7\u00e3o com a apresenta\u00e7\u00e3o com toda [&hellip;]<\/p>\n","protected":false},"author":6,"featured_media":43926,"comment_status":"open","ping_status":"closed","sticky":false,"template":"","format":"standard","meta":{"_joinchat":[],"footnotes":""},"categories":[1],"tags":[],"class_list":["post-43925","post","type-post","status-publish","format-standard","has-post-thumbnail","hentry","category-sem-categoria"],"_links":{"self":[{"href":"http:\/\/folhadosudeste.com\/site\/index.php?rest_route=\/wp\/v2\/posts\/43925","targetHints":{"allow":["GET"]}}],"collection":[{"href":"http:\/\/folhadosudeste.com\/site\/index.php?rest_route=\/wp\/v2\/posts"}],"about":[{"href":"http:\/\/folhadosudeste.com\/site\/index.php?rest_route=\/wp\/v2\/types\/post"}],"author":[{"embeddable":true,"href":"http:\/\/folhadosudeste.com\/site\/index.php?rest_route=\/wp\/v2\/users\/6"}],"replies":[{"embeddable":true,"href":"http:\/\/folhadosudeste.com\/site\/index.php?rest_route=%2Fwp%2Fv2%2Fcomments&post=43925"}],"version-history":[{"count":1,"href":"http:\/\/folhadosudeste.com\/site\/index.php?rest_route=\/wp\/v2\/posts\/43925\/revisions"}],"predecessor-version":[{"id":43935,"href":"http:\/\/folhadosudeste.com\/site\/index.php?rest_route=\/wp\/v2\/posts\/43925\/revisions\/43935"}],"wp:featuredmedia":[{"embeddable":true,"href":"http:\/\/folhadosudeste.com\/site\/index.php?rest_route=\/wp\/v2\/media\/43926"}],"wp:attachment":[{"href":"http:\/\/folhadosudeste.com\/site\/index.php?rest_route=%2Fwp%2Fv2%2Fmedia&parent=43925"}],"wp:term":[{"taxonomy":"category","embeddable":true,"href":"http:\/\/folhadosudeste.com\/site\/index.php?rest_route=%2Fwp%2Fv2%2Fcategories&post=43925"},{"taxonomy":"post_tag","embeddable":true,"href":"http:\/\/folhadosudeste.com\/site\/index.php?rest_route=%2Fwp%2Fv2%2Ftags&post=43925"}],"curies":[{"name":"wp","href":"https:\/\/api.w.org\/{rel}","templated":true}]}}