{"id":43959,"date":"2017-09-22T12:30:38","date_gmt":"2017-09-22T12:30:38","guid":{"rendered":"http:\/\/folhadosudeste.com\/site\/?p=43959"},"modified":"2017-09-22T12:30:38","modified_gmt":"2017-09-22T12:30:38","slug":"muriae-sedia-audiencia-publica-sobre-seguranca-municipal","status":"publish","type":"post","link":"http:\/\/folhadosudeste.com\/site\/?p=43959","title":{"rendered":"MURIA\u00c9 SEDIA AUDI\u00caNCIA P\u00daBLICA SOBRE SEGURAN\u00c7A MUNICIPAL"},"content":{"rendered":"<p style=\"text-align: justify;\"><a href=\"http:\/\/folhadosudeste.com\/site\/wp-content\/uploads\/2017\/09\/AUDI\u00caNCIA.jpg\"><img loading=\"lazy\" decoding=\"async\" class=\"aligncenter size-full wp-image-43960\" src=\"http:\/\/folhadosudeste.com\/site\/wp-content\/uploads\/2017\/09\/AUDI\u00caNCIA.jpg\" alt=\"\" width=\"620\" height=\"260\" srcset=\"http:\/\/folhadosudeste.com\/site\/wp-content\/uploads\/2017\/09\/AUDI\u00caNCIA.jpg 620w, http:\/\/folhadosudeste.com\/site\/wp-content\/uploads\/2017\/09\/AUDI\u00caNCIA-300x126.jpg 300w\" sizes=\"auto, (max-width: 620px) 100vw, 620px\" \/><\/a><\/p>\n<p style=\"text-align: justify;\">&nbsp;<\/p>\n<p style=\"text-align: justify;\">Diversas autoridades se reuniram em uma Audi\u00eancia P\u00fablica, realizada na noite da \u00faltima ter\u00e7a (19), no Teatro Belmira Villas Boas, com o objetivo de debater sobre o atual cen\u00e1rio da seguran\u00e7a em Muria\u00e9, com uma onda de viol\u00eancia que vem assustando os cidad\u00e3os que aqui residem. Promovido pela C\u00e2mara de Vereadores, o projeto de discuss\u00e3o da pauta foi do vereador Reginaldo Roriz e contou com a presen\u00e7a dos demais representantes dos poderes Executivo e Legislativo (municipais e estaduais), Judici\u00e1rio, Minist\u00e9rio P\u00fablico, Defensoria P\u00fablica, OAB, CDL Muria\u00e9, Pol\u00edcias (Militar, Civil e Rodovi\u00e1ria Federal), e Sistema Prisional. Entre as autoridades municipais, estiveram presentes o vice-prefeito Marcos Guarino e o presidente da C\u00e2mara, Carlos Delfim. Tamb\u00e9m marcou presen\u00e7a o secret\u00e1rio adjunto de Seguran\u00e7a P\u00fablica de Minas Gerais, A\u00edlton Lacerda e o deputado estadual Cristiano Silveira. Foram tratados diversos assuntos, como a cria\u00e7\u00e3o da Guarda Municipal, implanta\u00e7\u00e3o de a\u00e7\u00f5es educacionais, entre outros.<\/p>\n<p style=\"text-align: justify;\">&nbsp;Reginaldo Roriz destacou que, enquanto vereador, membro da Comiss\u00e3o de Direitos Humanos, cidad\u00e3o muriaeense e crist\u00e3o, n\u00e3o faz distin\u00e7\u00e3o absolutamente nenhuma da vida de Manuela da Matta, com rela\u00e7\u00e3o \u00e0s outras 17 que foram ceifadas em Muria\u00e9 este ano. Ele explica que a motiva\u00e7\u00e3o da audi\u00eancia foram os homic\u00eddios, mas tamb\u00e9m os furtos, roubos e a onda crescente de viol\u00eancia que vem assustando nossa cidade. Apesar de ressaltar que j\u00e1 foram vividos tempos piores, a inten\u00e7\u00e3o \u00e9 que esses momentos n\u00e3o sejam revividos. <em>\u201cTrata-se de uma discuss\u00e3o muito ampla envolvendo o Poder Executivo, Desenvolvimento Social, Cultura, Sistema Prisional, Justi\u00e7a, Poder Legislativo, as Pol\u00edcias, entre outros \u00f3rg\u00e3os, para debater de maneira efetiva qual contribui\u00e7\u00e3o eles podem dar com a seguran\u00e7a da sociedade e descobrir as melhores alternativas e a melhor forma de aplicar tais pol\u00edticas. A Pol\u00edcia Militar n\u00e3o tem condi\u00e7\u00e3o de fazer um policiamento ostensivo, na preven\u00e7\u00e3o e repress\u00e3o do crime. No tr\u00e2nsito tamb\u00e9m precisamos achar uma solu\u00e7\u00e3o e, com muita responsabilidade, achar uma maneira vi\u00e1vel e legal para o munic\u00edpio implantar essa pol\u00edtica p\u00fablica\u201d, <\/em>explica.<\/p>\n<p style=\"text-align: justify;\">Reginaldo lembra que atualmente, com as despesas da folha de pagamento que o munic\u00edpio tem, n\u00e3o tinha como comportar um concurso p\u00fablico para contrata\u00e7\u00e3o. Por isso, fez um requerimento e pediu para que fosse encaminhado ao secret\u00e1rio municipal de Administra\u00e7\u00e3o, propondo a municipaliza\u00e7\u00e3o do tr\u00e2nsito, para que possa ser feito um estudo or\u00e7ament\u00e1rio da possibilidade da cria\u00e7\u00e3o de uma for\u00e7a para cuidar dessa \u00e1rea. <em>\u201c\u00c9 uma discuss\u00e3o que pretendemos levar \u00e0 frente e os pr\u00f3ximos passos ser\u00e3o as cobran\u00e7as que vamos fazer com o Poder Executivo Municipal e Estadual, para que essas pol\u00edticas sejam fortalecidas e implantadas, e instalar o Gabinete Integrado de Seguran\u00e7a a fim de envolver as entidades, para contar com essas contribui\u00e7\u00f5es\u201d,<\/em> afirma.<\/p>\n<p style=\"text-align: justify;\">De acordo com Cristiano Silveira, deputado estadual, presidente da Comiss\u00e3o de direitos Humanos e vice-l\u00edder do governo, em sua impress\u00e3o, foi uma audi\u00eancia positiva, de muito conte\u00fado e representa\u00e7\u00e3o institucional, trazendo os \u00f3rg\u00e3os ligados diretamente \u00e0 \u00e1rea da seguran\u00e7a e a sociedade, que \u00e9 a maior interessada. Para ele, foi um momento de muita representatividade e for\u00e7a institucional, tirando encaminhamentos importantes do conte\u00fado apresentado e debatido. <em>\u201cS\u00e3o esfor\u00e7os necess\u00e1rios para dar todo o suporte \u00e0s institui\u00e7\u00f5es locais para suas opera\u00e7\u00f5es e atividades policiais, seja recomposi\u00e7\u00e3o dos efetivos, novas viaturas ou suporte t\u00e1tico para proceder a operacionalidade das pol\u00edcias. Houve uma mudan\u00e7a na legisla\u00e7\u00e3o e desde 2014, a Guarda n\u00e3o \u00e9 s\u00f3 patrimonial, tem tamb\u00e9m fun\u00e7\u00e3o de seguran\u00e7a p\u00fablica, ajudando a incorporar um efetivo que trabalha na vigil\u00e2ncia e na preven\u00e7\u00e3o da cidade. Outro ponto importante em quest\u00e3o foi a constitui\u00e7\u00e3o de um Gabinete de Gest\u00e3o Integrada, um espa\u00e7o permanente onde esses participantes se encontrar\u00e3o periodicamente para debater, analisar, monitorar e estudar as a\u00e7\u00f5es de preven\u00e7\u00e3o \u00e0 viol\u00eancia e criminalidade, com as a\u00e7\u00f5es, t\u00e1ticas e opera\u00e7\u00f5es. Foram passos importantes que come\u00e7amos a dar. E tem a reivindica\u00e7\u00e3o para que, no futuro, possamos instalar aqui um Centro S\u00f3cio-Educativo. As opera\u00e7\u00f5es articuladas da Pol\u00edcia Civil e Pol\u00edcia Militar j\u00e1 podem ser imediatamente, compromissos a curto prazo. A instrumentaliza\u00e7\u00e3o, a parte de equipar a incorpora\u00e7\u00e3o de efetivo,&nbsp; tem o m\u00e9dio prazo. E a longo prazo temos as a\u00e7\u00f5es de preven\u00e7\u00e3o. Visamos fazer o Estado mais presente na vida das pessoas e precisamos do apoio desses \u00f3rg\u00e3os, para educar os jovens com cidadania e pensar no futuro\u201d,<\/em> destaca.<\/p>\n<p style=\"text-align: justify;\">O vereador Julio Simbra, tamb\u00e9m como representante de uma das for\u00e7as de seguran\u00e7a (Pol\u00edcia Rodovi\u00e1ria Federal), conduziu a Audi\u00eancia. lembra que, segundo pesquisas, essa \u00e9 a pol\u00edtica p\u00fablica mais importante e que mais preocupa a popula\u00e7\u00e3o depois da sa\u00fade. <em>\u201cSem ela, n\u00e3o d\u00e1 pra fortalecer outros segmentos em nossa cidade para que possam funcionar bem. Estamos vivendo momentos muito dif\u00edceis de criminalidade em Muria\u00e9 nos \u00faltimos anos e t\u00eam que ser tomadas medidas efetivas. Algumas delibera\u00e7\u00f5es j\u00e1 foram realizadas e escritas, mas essa audi\u00eancia foi um verdadeiro marco, j\u00e1 que conseguimos reunir v\u00e1rias entidades e poderes de todas as esferas. Isso foi muito importante. O objetivo \u00e9 colocar em pr\u00e1tica, cobrando e devolvendo \u00e0 popula\u00e7\u00e3o o que eles anseiam. Foi um debate rico para tomarmos as atitudes\u201d, <\/em>completa.<\/p>\n<p style=\"text-align: justify;\">No pronunciamento do presidente da CDL Muria\u00e9, Sr. Leandro Latini, o mesmo ofereceu o audit\u00f3rio da institui\u00e7\u00e3o para as pr\u00f3ximas reuni\u00f5es de trabalho, que na sua opini\u00e3o, dever\u00e3o ocorrer com a maior brevidade poss\u00edvel, para que as id\u00e9ias apresentadas n\u00e3o fiquem somente no papel.<\/p>\n<p>[ngg_images source=&#8221;galleries&#8221; container_ids=&#8221;1129&#8243; display_type=&#8221;photocrati-nextgen_basic_thumbnails&#8221; override_thumbnail_settings=&#8221;0&#8243; thumbnail_width=&#8221;100&#8243; thumbnail_height=&#8221;75&#8243; thumbnail_crop=&#8221;1&#8243; images_per_page=&#8221;0&#8243; number_of_columns=&#8221;0&#8243; ajax_pagination=&#8221;0&#8243; show_all_in_lightbox=&#8221;0&#8243; use_imagebrowser_effect=&#8221;0&#8243; show_slideshow_link=&#8221;1&#8243; slideshow_link_text=&#8221;[Show as slideshow]&#8221; order_by=&#8221;sortorder&#8221; order_direction=&#8221;ASC&#8221; returns=&#8221;included&#8221; maximum_entity_count=&#8221;500&#8243;]<\/p>\n","protected":false},"excerpt":{"rendered":"<p>&nbsp; Diversas autoridades se reuniram em uma Audi\u00eancia P\u00fablica, realizada na noite da \u00faltima ter\u00e7a (19), no Teatro Belmira Villas Boas, com o objetivo de debater sobre o atual cen\u00e1rio da seguran\u00e7a em Muria\u00e9, com uma onda de viol\u00eancia que vem assustando os cidad\u00e3os que aqui residem. Promovido pela C\u00e2mara de Vereadores, o projeto de [&hellip;]<\/p>\n","protected":false},"author":2,"featured_media":43960,"comment_status":"open","ping_status":"closed","sticky":false,"template":"","format":"standard","meta":{"_joinchat":[],"footnotes":""},"categories":[1],"tags":[],"class_list":["post-43959","post","type-post","status-publish","format-standard","has-post-thumbnail","hentry","category-sem-categoria"],"_links":{"self":[{"href":"http:\/\/folhadosudeste.com\/site\/index.php?rest_route=\/wp\/v2\/posts\/43959","targetHints":{"allow":["GET"]}}],"collection":[{"href":"http:\/\/folhadosudeste.com\/site\/index.php?rest_route=\/wp\/v2\/posts"}],"about":[{"href":"http:\/\/folhadosudeste.com\/site\/index.php?rest_route=\/wp\/v2\/types\/post"}],"author":[{"embeddable":true,"href":"http:\/\/folhadosudeste.com\/site\/index.php?rest_route=\/wp\/v2\/users\/2"}],"replies":[{"embeddable":true,"href":"http:\/\/folhadosudeste.com\/site\/index.php?rest_route=%2Fwp%2Fv2%2Fcomments&post=43959"}],"version-history":[{"count":1,"href":"http:\/\/folhadosudeste.com\/site\/index.php?rest_route=\/wp\/v2\/posts\/43959\/revisions"}],"predecessor-version":[{"id":43971,"href":"http:\/\/folhadosudeste.com\/site\/index.php?rest_route=\/wp\/v2\/posts\/43959\/revisions\/43971"}],"wp:featuredmedia":[{"embeddable":true,"href":"http:\/\/folhadosudeste.com\/site\/index.php?rest_route=\/wp\/v2\/media\/43960"}],"wp:attachment":[{"href":"http:\/\/folhadosudeste.com\/site\/index.php?rest_route=%2Fwp%2Fv2%2Fmedia&parent=43959"}],"wp:term":[{"taxonomy":"category","embeddable":true,"href":"http:\/\/folhadosudeste.com\/site\/index.php?rest_route=%2Fwp%2Fv2%2Fcategories&post=43959"},{"taxonomy":"post_tag","embeddable":true,"href":"http:\/\/folhadosudeste.com\/site\/index.php?rest_route=%2Fwp%2Fv2%2Ftags&post=43959"}],"curies":[{"name":"wp","href":"https:\/\/api.w.org\/{rel}","templated":true}]}}