{"id":43972,"date":"2017-09-22T12:33:27","date_gmt":"2017-09-22T12:33:27","guid":{"rendered":"http:\/\/folhadosudeste.com\/site\/?p=43972"},"modified":"2017-09-22T12:33:27","modified_gmt":"2017-09-22T12:33:27","slug":"muriae-comemora-semana-nacional-do-transito","status":"publish","type":"post","link":"http:\/\/folhadosudeste.com\/site\/?p=43972","title":{"rendered":"MURIA\u00c9 COMEMORA SEMANA NACIONAL DO TR\u00c2NSITO"},"content":{"rendered":"<p style=\"text-align: justify;\"><strong>&nbsp;<a href=\"http:\/\/folhadosudeste.com\/site\/wp-content\/uploads\/2017\/09\/TRANSITO.jpg\"><img loading=\"lazy\" decoding=\"async\" class=\"aligncenter size-full wp-image-43973\" src=\"http:\/\/folhadosudeste.com\/site\/wp-content\/uploads\/2017\/09\/TRANSITO.jpg\" alt=\"\" width=\"620\" height=\"259\" srcset=\"http:\/\/folhadosudeste.com\/site\/wp-content\/uploads\/2017\/09\/TRANSITO.jpg 620w, http:\/\/folhadosudeste.com\/site\/wp-content\/uploads\/2017\/09\/TRANSITO-300x125.jpg 300w\" sizes=\"auto, (max-width: 620px) 100vw, 620px\" \/><\/a><\/strong><\/p>\n<p style=\"text-align: justify;\">Para comemorar a Semana Nacional do Tr\u00e2nsito, foram realizadas v\u00e1rias atividades em Muria\u00e9, com o objetivo de proporcionar mais educa\u00e7\u00e3o e cidadania, principalmente aos jovens, para que possam cobrar da sociedade respeito \u00e0s leis nas ruas e estradas, colaborando para mais seguran\u00e7a e um menor n\u00famero de acidentes. Entre os dias 18 e 20\/09, foi realizada a Transitol\u00e2ndia, na Pra\u00e7a Jo\u00e3o Pinheiro. Na quinta (21), foi realizada uma palestra com o Sgto. PM Jos\u00e9 Luiz e Militar do Corpo de Bombeiros, no Teatro Zaccaria Marques (Fundarte). Na sexta, a palestra teve o tema \u2018Municipaliza\u00e7\u00e3o do Tr\u00e2nsito: responsabilidade e desafios\u2019, tamb\u00e9m no Teatro. Os palestrantes foram: Marcius D\u00e1vila (Belo Horizonte), administrador, especialista em Gest\u00e3o de Educa\u00e7\u00e3o e Seguran\u00e7a no Tr\u00e2nsito, especialista em mobilidade urbana, membro representante do Observat\u00f3rio Nacional de Seguran\u00e7a Vi\u00e1ria para Minas Gerais; Gerson Ferreira, advogado, especialista em Gest\u00e3o de Educa\u00e7\u00e3o e Seguran\u00e7a no Tr\u00e2nsito, ex-diretor de Transportes do munic\u00edpio de Passos MG; e Mantovani Franco, bacharel em Direito, especialista em Direito de Tr\u00e2nsito, guarda municipal de carreira, em Paul\u00ednia-SP, ex-diretor de Tr\u00e2nsito de Paul\u00ednia. J\u00e1 no s\u00e1bado (23), foi a vez da Blitz Educativa, em parceria com a Pol\u00edcia Militar, Lions Clube Muria\u00e9 Barra e Maxxcar, no sem\u00e1foro da Rua Bar\u00e3o do Monte Alto com a Pra\u00e7a Coronel Pacheco de Medeiros.<\/p>\n<p style=\"text-align: justify;\">Segundo Sgto. Jos\u00e9 Luiz, da Pol\u00edcia Militar, foram diversas atividades na semana, voltadas aos alunos de escolas p\u00fablicas, como as palestras com o tema \u2018Preven\u00e7\u00e3o no Tr\u00e2nsito\u2019, sobre os motoristas de \u00f4nibus, etc. <em>\u201cO foco foram regras de seguran\u00e7a, levando em conta que as crian\u00e7as t\u00eam o poder de corrigir pequenos erros que os pais cometem, e elas, tendo o conhecimento, podem nos ajudar a fazer a diferen\u00e7a. Inclusive a campanha desse ano fala exatamente sobre as nossas escolhas, ent\u00e3o, quando temos a capacidade de entender o que podemos fazer, temos a condi\u00e7\u00e3o de escolher entre fazer o certo ou o errado. Possibilitamos as crian\u00e7as escolherem, de forma que possam crescer e ser cidad\u00e3os do bem. Muitas crian\u00e7as, de 7 e 8 anos, conseguem enxergar, saber que alguma coisa est\u00e1 errada. Ter\u00e3o conhecimento dos pequenos detalhes. Se cada um fizer a sua parte, a escolha certa, teremos um transito melhor\u201d,<\/em> afirma.<\/p>\n<p>[ngg_images source=&#8221;galleries&#8221; container_ids=&#8221;1130&#8243; display_type=&#8221;photocrati-nextgen_basic_thumbnails&#8221; override_thumbnail_settings=&#8221;0&#8243; thumbnail_width=&#8221;100&#8243; thumbnail_height=&#8221;75&#8243; thumbnail_crop=&#8221;1&#8243; images_per_page=&#8221;0&#8243; number_of_columns=&#8221;0&#8243; ajax_pagination=&#8221;0&#8243; show_all_in_lightbox=&#8221;0&#8243; use_imagebrowser_effect=&#8221;0&#8243; show_slideshow_link=&#8221;1&#8243; slideshow_link_text=&#8221;[Show as slideshow]&#8221; order_by=&#8221;sortorder&#8221; order_direction=&#8221;ASC&#8221; returns=&#8221;included&#8221; maximum_entity_count=&#8221;500&#8243;]<\/p>\n","protected":false},"excerpt":{"rendered":"<p>&nbsp; Para comemorar a Semana Nacional do Tr\u00e2nsito, foram realizadas v\u00e1rias atividades em Muria\u00e9, com o objetivo de proporcionar mais educa\u00e7\u00e3o e cidadania, principalmente aos jovens, para que possam cobrar da sociedade respeito \u00e0s leis nas ruas e estradas, colaborando para mais seguran\u00e7a e um menor n\u00famero de acidentes. Entre os dias 18 e 20\/09, [&hellip;]<\/p>\n","protected":false},"author":2,"featured_media":43973,"comment_status":"open","ping_status":"closed","sticky":false,"template":"","format":"standard","meta":{"_joinchat":[],"footnotes":""},"categories":[1],"tags":[],"class_list":["post-43972","post","type-post","status-publish","format-standard","has-post-thumbnail","hentry","category-sem-categoria"],"_links":{"self":[{"href":"http:\/\/folhadosudeste.com\/site\/index.php?rest_route=\/wp\/v2\/posts\/43972","targetHints":{"allow":["GET"]}}],"collection":[{"href":"http:\/\/folhadosudeste.com\/site\/index.php?rest_route=\/wp\/v2\/posts"}],"about":[{"href":"http:\/\/folhadosudeste.com\/site\/index.php?rest_route=\/wp\/v2\/types\/post"}],"author":[{"embeddable":true,"href":"http:\/\/folhadosudeste.com\/site\/index.php?rest_route=\/wp\/v2\/users\/2"}],"replies":[{"embeddable":true,"href":"http:\/\/folhadosudeste.com\/site\/index.php?rest_route=%2Fwp%2Fv2%2Fcomments&post=43972"}],"version-history":[{"count":1,"href":"http:\/\/folhadosudeste.com\/site\/index.php?rest_route=\/wp\/v2\/posts\/43972\/revisions"}],"predecessor-version":[{"id":43980,"href":"http:\/\/folhadosudeste.com\/site\/index.php?rest_route=\/wp\/v2\/posts\/43972\/revisions\/43980"}],"wp:featuredmedia":[{"embeddable":true,"href":"http:\/\/folhadosudeste.com\/site\/index.php?rest_route=\/wp\/v2\/media\/43973"}],"wp:attachment":[{"href":"http:\/\/folhadosudeste.com\/site\/index.php?rest_route=%2Fwp%2Fv2%2Fmedia&parent=43972"}],"wp:term":[{"taxonomy":"category","embeddable":true,"href":"http:\/\/folhadosudeste.com\/site\/index.php?rest_route=%2Fwp%2Fv2%2Fcategories&post=43972"},{"taxonomy":"post_tag","embeddable":true,"href":"http:\/\/folhadosudeste.com\/site\/index.php?rest_route=%2Fwp%2Fv2%2Ftags&post=43972"}],"curies":[{"name":"wp","href":"https:\/\/api.w.org\/{rel}","templated":true}]}}