{"id":43981,"date":"2017-09-22T12:36:34","date_gmt":"2017-09-22T12:36:34","guid":{"rendered":"http:\/\/folhadosudeste.com\/site\/?p=43981"},"modified":"2017-09-22T12:36:34","modified_gmt":"2017-09-22T12:36:34","slug":"em-dia-nacional-do-ensino-responsavel-acontece-mais-uma-edicao-do-unifaminas-em-movimento","status":"publish","type":"post","link":"http:\/\/folhadosudeste.com\/site\/?p=43981","title":{"rendered":"EM DIA NACIONAL DO ENSINO RESPONS\u00c1VEL ACONTECE MAIS UMA EDI\u00c7\u00c3O DO UNIFAMINAS EM MOVIMENTO"},"content":{"rendered":"<p style=\"text-align: justify;\"><a href=\"http:\/\/folhadosudeste.com\/site\/wp-content\/uploads\/2017\/09\/UNIFAMINAS.jpg\"><img loading=\"lazy\" decoding=\"async\" class=\"aligncenter size-full wp-image-43982\" src=\"http:\/\/folhadosudeste.com\/site\/wp-content\/uploads\/2017\/09\/UNIFAMINAS.jpg\" alt=\"\" width=\"620\" height=\"279\" srcset=\"http:\/\/folhadosudeste.com\/site\/wp-content\/uploads\/2017\/09\/UNIFAMINAS.jpg 620w, http:\/\/folhadosudeste.com\/site\/wp-content\/uploads\/2017\/09\/UNIFAMINAS-300x135.jpg 300w\" sizes=\"auto, (max-width: 620px) 100vw, 620px\" \/><\/a><\/p>\n<p style=\"text-align: justify;\">A Pra\u00e7a Jo\u00e3o Pinheiro foi, na manh\u00e3 do \u00faltimo s\u00e1bado (16), palco de mais uma edi\u00e7\u00e3o do UNIFAMINAS em Movimento em comemora\u00e7\u00e3o a 13\u00aa Semana de Responsabilidade Social do Ensino Superior Particular idealizado pela ABMES (Associa\u00e7\u00e3o Brasileira das Mantenedoras de Ensino Superior), um evento tradicional da Institui\u00e7\u00e3o de Ensino Superior muriaeense que tem o objetivo de levar a campo professores, coordenadores e alunos dos 18 cursos oferecidos (das \u00e1reas de Sa\u00fade, Humanas e Exatas), de modo que possam prestar atendimento \u00e0 comunidade. E mais uma vez, todos estiveram presentes, colaborando com aquilo que aprendem em sala de aula.&nbsp;<em>\u201cFoi mais uma oportunidade de apresentar os conhecimentos e aprendizados, trazendo de uma forma que a sociedade possa ver nosso trabalho, como aferi\u00e7\u00e3o de press\u00e3o arterial, glicemia, degusta\u00e7\u00e3o gastron\u00f4mica, oferta de alimentos saud\u00e1veis, atividades f\u00edsicas, etc. Estivemos comemorando tamb\u00e9m o Dia Nacional do Ensino Respons\u00e1vel. Fazemos uma edi\u00e7\u00e3o do evento justamente nessa \u00e9poca porque a UNIFAMINAS tem o Selo de Institui\u00e7\u00e3o Socialmente Respons\u00e1vel. Ent\u00e3o, objetivamos trazer para a comunidade o que temos de melhor para atender a todos. Tamb\u00e9m \u00e9 um momento de intera\u00e7\u00e3o entre os coordenadores, professores e alunos\u201d,<\/em>&nbsp;afirma o coordenador de Extens\u00e3o, Nilton Freitas Junior.<\/p>\n<p>[ngg_images source=&#8221;galleries&#8221; container_ids=&#8221;1131&#8243; display_type=&#8221;photocrati-nextgen_basic_thumbnails&#8221; override_thumbnail_settings=&#8221;0&#8243; thumbnail_width=&#8221;100&#8243; thumbnail_height=&#8221;75&#8243; thumbnail_crop=&#8221;1&#8243; images_per_page=&#8221;0&#8243; number_of_columns=&#8221;0&#8243; ajax_pagination=&#8221;0&#8243; show_all_in_lightbox=&#8221;0&#8243; use_imagebrowser_effect=&#8221;0&#8243; show_slideshow_link=&#8221;1&#8243; slideshow_link_text=&#8221;[Show as slideshow]&#8221; order_by=&#8221;sortorder&#8221; order_direction=&#8221;ASC&#8221; returns=&#8221;included&#8221; maximum_entity_count=&#8221;500&#8243;]<\/p>\n","protected":false},"excerpt":{"rendered":"<p>A Pra\u00e7a Jo\u00e3o Pinheiro foi, na manh\u00e3 do \u00faltimo s\u00e1bado (16), palco de mais uma edi\u00e7\u00e3o do UNIFAMINAS em Movimento em comemora\u00e7\u00e3o a 13\u00aa Semana de Responsabilidade Social do Ensino Superior Particular idealizado pela ABMES (Associa\u00e7\u00e3o Brasileira das Mantenedoras de Ensino Superior), um evento tradicional da Institui\u00e7\u00e3o de Ensino Superior muriaeense que tem o objetivo [&hellip;]<\/p>\n","protected":false},"author":2,"featured_media":43982,"comment_status":"open","ping_status":"closed","sticky":false,"template":"","format":"standard","meta":{"_joinchat":[],"footnotes":""},"categories":[1],"tags":[],"class_list":["post-43981","post","type-post","status-publish","format-standard","has-post-thumbnail","hentry","category-sem-categoria"],"_links":{"self":[{"href":"http:\/\/folhadosudeste.com\/site\/index.php?rest_route=\/wp\/v2\/posts\/43981","targetHints":{"allow":["GET"]}}],"collection":[{"href":"http:\/\/folhadosudeste.com\/site\/index.php?rest_route=\/wp\/v2\/posts"}],"about":[{"href":"http:\/\/folhadosudeste.com\/site\/index.php?rest_route=\/wp\/v2\/types\/post"}],"author":[{"embeddable":true,"href":"http:\/\/folhadosudeste.com\/site\/index.php?rest_route=\/wp\/v2\/users\/2"}],"replies":[{"embeddable":true,"href":"http:\/\/folhadosudeste.com\/site\/index.php?rest_route=%2Fwp%2Fv2%2Fcomments&post=43981"}],"version-history":[{"count":1,"href":"http:\/\/folhadosudeste.com\/site\/index.php?rest_route=\/wp\/v2\/posts\/43981\/revisions"}],"predecessor-version":[{"id":43999,"href":"http:\/\/folhadosudeste.com\/site\/index.php?rest_route=\/wp\/v2\/posts\/43981\/revisions\/43999"}],"wp:featuredmedia":[{"embeddable":true,"href":"http:\/\/folhadosudeste.com\/site\/index.php?rest_route=\/wp\/v2\/media\/43982"}],"wp:attachment":[{"href":"http:\/\/folhadosudeste.com\/site\/index.php?rest_route=%2Fwp%2Fv2%2Fmedia&parent=43981"}],"wp:term":[{"taxonomy":"category","embeddable":true,"href":"http:\/\/folhadosudeste.com\/site\/index.php?rest_route=%2Fwp%2Fv2%2Fcategories&post=43981"},{"taxonomy":"post_tag","embeddable":true,"href":"http:\/\/folhadosudeste.com\/site\/index.php?rest_route=%2Fwp%2Fv2%2Ftags&post=43981"}],"curies":[{"name":"wp","href":"https:\/\/api.w.org\/{rel}","templated":true}]}}