{"id":44000,"date":"2017-09-22T12:37:43","date_gmt":"2017-09-22T12:37:43","guid":{"rendered":"http:\/\/folhadosudeste.com\/site\/?p=44000"},"modified":"2017-09-22T12:37:43","modified_gmt":"2017-09-22T12:37:43","slug":"iptu-em-muriae-tera-reajuste-maior-do-que-o-esperado","status":"publish","type":"post","link":"http:\/\/folhadosudeste.com\/site\/?p=44000","title":{"rendered":"IPTU EM MURIA\u00c9 TER\u00c1 REAJUSTE MAIOR DO QUE O ESPERADO"},"content":{"rendered":"<p style=\"text-align: justify;\"><a href=\"http:\/\/folhadosudeste.com\/site\/wp-content\/uploads\/2017\/09\/IPTU.jpg\"><img loading=\"lazy\" decoding=\"async\" class=\"aligncenter size-full wp-image-44001\" src=\"http:\/\/folhadosudeste.com\/site\/wp-content\/uploads\/2017\/09\/IPTU.jpg\" alt=\"\" width=\"620\" height=\"339\" srcset=\"http:\/\/folhadosudeste.com\/site\/wp-content\/uploads\/2017\/09\/IPTU.jpg 620w, http:\/\/folhadosudeste.com\/site\/wp-content\/uploads\/2017\/09\/IPTU-300x164.jpg 300w\" sizes=\"auto, (max-width: 620px) 100vw, 620px\" \/><\/a><\/p>\n<p style=\"text-align: justify;\">O valor do Imposto Sobre a Propriedade Predial e Territorial Urbana (IPTU) ter\u00e1 um aumento maior do que o esperado, cujo valor come\u00e7ar\u00e1 a valer a partir de 2018. A mudan\u00e7a \u00e9 decorrente da aprova\u00e7\u00e3o, na \u00faltima ter\u00e7a (19), de um projeto de lei da Prefeitura de Muria\u00e9 que prop\u00f5e o acr\u00e9scimo de uma atualiza\u00e7\u00e3o da planta de valores gen\u00e9ricos e a tabela de pre\u00e7os de constru\u00e7\u00e3o do munic\u00edpio, que n\u00e3o era atualizada desde 2005, juntamente com o tradicional reajuste realizado com base no \u00cdndice Nacional de Pre\u00e7os ao Consumidor (INPC). A aprova\u00e7\u00e3o do projeto, durante a reuni\u00e3o, contou com a aprova\u00e7\u00e3o de quase todos os vereadores, exceto Jair Abreu (PT) e Miriam Facchini (PSDB) que votaram contra, Sargento Joel (PMDB) que n\u00e3o compareceu \u00e0 sess\u00e3o e o presidente Carlos Delfim (PSDB), que \u00e9 impedido de votar por uma regra do Regimento Interno da Casa.<\/p>\n<p style=\"text-align: justify;\">A maior parte da popula\u00e7\u00e3o ficou indignada com o aumento, que pode ser consider\u00e1vel para alguns im\u00f3veis. O prefeito Grego explicou que o aumento do IPTU \u00e9 sempre pelo INPC (este ano 6,8%), mas o que foi alterado refere-se a planta de valoriza\u00e7\u00e3o dos im\u00f3veis em Muria\u00e9, cuja \u00faltima revis\u00e3o aconteceu h\u00e1 12 anos, tempo em que os mesmos tiveram grande valoriza\u00e7\u00e3o. Apesar disso, a m\u00e9dia de valores da nova tabela ser\u00e1 de aproximadamente 30% dos valores reais aplicados no mercado imobili\u00e1rio, ou seja, como se o im\u00f3vel tivesse 30% do seu valor real, o que diminuiria o impacto do reajuste. Grego lembra tamb\u00e9m que o IPTU continuar\u00e1 sendo reajustado anualmente pelo INPC, que, pelas proje\u00e7\u00f5es, ser\u00e1 abaixo do \u00edndice de 6,8% aplicado neste ano de 2017. O dinheiro arrecadado com o IPTU seria o mesmo que paga as obras realizadas na cidade.<\/p>\n","protected":false},"excerpt":{"rendered":"<p>O valor do Imposto Sobre a Propriedade Predial e Territorial Urbana (IPTU) ter\u00e1 um aumento maior do que o esperado, cujo valor come\u00e7ar\u00e1 a valer a partir de 2018. A mudan\u00e7a \u00e9 decorrente da aprova\u00e7\u00e3o, na \u00faltima ter\u00e7a (19), de um projeto de lei da Prefeitura de Muria\u00e9 que prop\u00f5e o acr\u00e9scimo de uma atualiza\u00e7\u00e3o [&hellip;]<\/p>\n","protected":false},"author":2,"featured_media":44001,"comment_status":"open","ping_status":"closed","sticky":false,"template":"","format":"standard","meta":{"_joinchat":[],"footnotes":""},"categories":[1],"tags":[],"class_list":["post-44000","post","type-post","status-publish","format-standard","has-post-thumbnail","hentry","category-sem-categoria"],"_links":{"self":[{"href":"http:\/\/folhadosudeste.com\/site\/index.php?rest_route=\/wp\/v2\/posts\/44000","targetHints":{"allow":["GET"]}}],"collection":[{"href":"http:\/\/folhadosudeste.com\/site\/index.php?rest_route=\/wp\/v2\/posts"}],"about":[{"href":"http:\/\/folhadosudeste.com\/site\/index.php?rest_route=\/wp\/v2\/types\/post"}],"author":[{"embeddable":true,"href":"http:\/\/folhadosudeste.com\/site\/index.php?rest_route=\/wp\/v2\/users\/2"}],"replies":[{"embeddable":true,"href":"http:\/\/folhadosudeste.com\/site\/index.php?rest_route=%2Fwp%2Fv2%2Fcomments&post=44000"}],"version-history":[{"count":1,"href":"http:\/\/folhadosudeste.com\/site\/index.php?rest_route=\/wp\/v2\/posts\/44000\/revisions"}],"predecessor-version":[{"id":44002,"href":"http:\/\/folhadosudeste.com\/site\/index.php?rest_route=\/wp\/v2\/posts\/44000\/revisions\/44002"}],"wp:featuredmedia":[{"embeddable":true,"href":"http:\/\/folhadosudeste.com\/site\/index.php?rest_route=\/wp\/v2\/media\/44001"}],"wp:attachment":[{"href":"http:\/\/folhadosudeste.com\/site\/index.php?rest_route=%2Fwp%2Fv2%2Fmedia&parent=44000"}],"wp:term":[{"taxonomy":"category","embeddable":true,"href":"http:\/\/folhadosudeste.com\/site\/index.php?rest_route=%2Fwp%2Fv2%2Fcategories&post=44000"},{"taxonomy":"post_tag","embeddable":true,"href":"http:\/\/folhadosudeste.com\/site\/index.php?rest_route=%2Fwp%2Fv2%2Ftags&post=44000"}],"curies":[{"name":"wp","href":"https:\/\/api.w.org\/{rel}","templated":true}]}}