{"id":44020,"date":"2017-09-25T19:14:10","date_gmt":"2017-09-25T19:14:10","guid":{"rendered":"http:\/\/folhadosudeste.com\/site\/?p=44020"},"modified":"2017-09-25T19:14:10","modified_gmt":"2017-09-25T19:14:10","slug":"prefeitura-comemora-dia-da-arvore-com-acoes-educativas-e-plantio-de-mudas-nas-escolas-municipais","status":"publish","type":"post","link":"http:\/\/folhadosudeste.com\/site\/?p=44020","title":{"rendered":"Prefeitura comemora Dia da \u00c1rvore com a\u00e7\u00f5es educativas e plantio de mudas nas escolas municipais"},"content":{"rendered":"<p align=\"center\"><a href=\"http:\/\/folhadosudeste.com\/site\/wp-content\/uploads\/2017\/09\/IMG_4809.jpg\"><img loading=\"lazy\" decoding=\"async\" class=\"aligncenter wp-image-44021 size-large\" src=\"http:\/\/folhadosudeste.com\/site\/wp-content\/uploads\/2017\/09\/IMG_4809-1024x764.jpg\" alt=\"\" width=\"620\" height=\"463\" srcset=\"http:\/\/folhadosudeste.com\/site\/wp-content\/uploads\/2017\/09\/IMG_4809-1024x764.jpg 1024w, http:\/\/folhadosudeste.com\/site\/wp-content\/uploads\/2017\/09\/IMG_4809-300x224.jpg 300w, http:\/\/folhadosudeste.com\/site\/wp-content\/uploads\/2017\/09\/IMG_4809-768x573.jpg 768w, http:\/\/folhadosudeste.com\/site\/wp-content\/uploads\/2017\/09\/IMG_4809.jpg 1500w\" sizes=\"auto, (max-width: 620px) 100vw, 620px\" \/><\/a><\/p>\n<p class=\"m_8809788015887737945gmail-MsoNoSpacing\" style=\"text-align: justify;\" align=\"center\"><i>Iniciativa conscientizou alunos sobre import\u00e2ncia de se preservar \u00e1rvores e florestas<\/i><\/p>\n<p class=\"m_8809788015887737945gmail-MsoNoSpacing\" style=\"text-align: justify;\">A Prefeitura de Muria\u00e9 realizou, na \u00faltima quinta e sexta-feira (21 e 22), a\u00e7\u00f5es educativas em escolas municipais em comemora\u00e7\u00e3o ao Dia da \u00c1rvore, celebrado em todo Brasil no dia 21 deste m\u00eas. A iniciativa promoveu junto \u00e0s crian\u00e7as uma reflex\u00e3o sobre a import\u00e2ncia da preserva\u00e7\u00e3o das \u00e1rvores e da prote\u00e7\u00e3o do meio ambiente com atitudes que tragam benef\u00edcios \u00e0 natureza. Al\u00e9m da conversa com os alunos, em cada escola visitada foi tamb\u00e9m plantada uma muda de \u00e1rvore nativa, como pau-brasil e ip\u00ea.<\/p>\n<p class=\"m_8809788015887737945gmail-MsoNoSpacing\" style=\"text-align: justify;\">A diretora escolar, Vanderl\u00e9ia de Castro, afirma que iniciativas como esta s\u00e3o importantes para conscientizar os estudantes sobre a necessidade de se preservar o meio ambiente, atrav\u00e9s das \u00e1rvores. \u201cTodas as a\u00e7\u00f5es voltadas para a conserva\u00e7\u00e3o da natureza s\u00e3o positivas, pois mostram para as crian\u00e7as a import\u00e2ncia de cuidar e preservar as \u00e1rvores, que \u00e9 um bem natural t\u00e3o valioso para todos n\u00f3s\u201d, diz.<\/p>\n<p class=\"m_8809788015887737945gmail-MsoNoSpacing\" style=\"text-align: justify;\">O prefeito Grego enumera os benef\u00edcios das \u00e1rvores, ressaltando que o dia 21 de setembro tamb\u00e9m deve ser visto como um dia de reflex\u00e3o sobre atitudes em rela\u00e7\u00e3o \u00e0 preserva\u00e7\u00e3o da natureza. \u201cAs \u00e1rvores s\u00e3o um bem de interesse coletivo e um patrim\u00f4nio p\u00fablico ambiental que pertencem a todos n\u00f3s. Al\u00e9m da beleza, refrescam o ambiente, oferecerem sombra, ajudam a manter a umidade do ar, diminuem a polui\u00e7\u00e3o, entre outras. Por isso, em Muria\u00e9, n\u00e3o estamos medindo esfor\u00e7os para preserv\u00e1-las, atrav\u00e9s de a\u00e7\u00f5es educativas e projetos de conserva\u00e7\u00e3o\u201d, diz.<\/p>\n","protected":false},"excerpt":{"rendered":"<p>Iniciativa conscientizou alunos sobre import\u00e2ncia de se preservar \u00e1rvores e florestas A Prefeitura de Muria\u00e9 realizou, na \u00faltima quinta e sexta-feira (21 e 22), a\u00e7\u00f5es educativas em escolas municipais em comemora\u00e7\u00e3o ao Dia da \u00c1rvore, celebrado em todo Brasil no dia 21 deste m\u00eas. A iniciativa promoveu junto \u00e0s crian\u00e7as uma reflex\u00e3o sobre a import\u00e2ncia [&hellip;]<\/p>\n","protected":false},"author":6,"featured_media":44021,"comment_status":"open","ping_status":"closed","sticky":false,"template":"","format":"standard","meta":{"_joinchat":[],"footnotes":""},"categories":[1],"tags":[],"class_list":["post-44020","post","type-post","status-publish","format-standard","has-post-thumbnail","hentry","category-sem-categoria"],"_links":{"self":[{"href":"http:\/\/folhadosudeste.com\/site\/index.php?rest_route=\/wp\/v2\/posts\/44020","targetHints":{"allow":["GET"]}}],"collection":[{"href":"http:\/\/folhadosudeste.com\/site\/index.php?rest_route=\/wp\/v2\/posts"}],"about":[{"href":"http:\/\/folhadosudeste.com\/site\/index.php?rest_route=\/wp\/v2\/types\/post"}],"author":[{"embeddable":true,"href":"http:\/\/folhadosudeste.com\/site\/index.php?rest_route=\/wp\/v2\/users\/6"}],"replies":[{"embeddable":true,"href":"http:\/\/folhadosudeste.com\/site\/index.php?rest_route=%2Fwp%2Fv2%2Fcomments&post=44020"}],"version-history":[{"count":1,"href":"http:\/\/folhadosudeste.com\/site\/index.php?rest_route=\/wp\/v2\/posts\/44020\/revisions"}],"predecessor-version":[{"id":44022,"href":"http:\/\/folhadosudeste.com\/site\/index.php?rest_route=\/wp\/v2\/posts\/44020\/revisions\/44022"}],"wp:featuredmedia":[{"embeddable":true,"href":"http:\/\/folhadosudeste.com\/site\/index.php?rest_route=\/wp\/v2\/media\/44021"}],"wp:attachment":[{"href":"http:\/\/folhadosudeste.com\/site\/index.php?rest_route=%2Fwp%2Fv2%2Fmedia&parent=44020"}],"wp:term":[{"taxonomy":"category","embeddable":true,"href":"http:\/\/folhadosudeste.com\/site\/index.php?rest_route=%2Fwp%2Fv2%2Fcategories&post=44020"},{"taxonomy":"post_tag","embeddable":true,"href":"http:\/\/folhadosudeste.com\/site\/index.php?rest_route=%2Fwp%2Fv2%2Ftags&post=44020"}],"curies":[{"name":"wp","href":"https:\/\/api.w.org\/{rel}","templated":true}]}}