{"id":44024,"date":"2017-09-25T19:15:34","date_gmt":"2017-09-25T19:15:34","guid":{"rendered":"http:\/\/folhadosudeste.com\/site\/?p=44024"},"modified":"2017-09-25T19:15:34","modified_gmt":"2017-09-25T19:15:34","slug":"acao-comunitaria-leva-lazer-e-servicos-gratuitos-ao-gaspar","status":"publish","type":"post","link":"http:\/\/folhadosudeste.com\/site\/?p=44024","title":{"rendered":"A\u00e7\u00e3o Comunit\u00e1ria leva lazer e servi\u00e7os gratuitos ao Gaspar"},"content":{"rendered":"<p align=\"center\"><a href=\"http:\/\/folhadosudeste.com\/site\/wp-content\/uploads\/2017\/09\/IMG_4868.jpg\"><img loading=\"lazy\" decoding=\"async\" class=\"aligncenter wp-image-44025 size-large\" src=\"http:\/\/folhadosudeste.com\/site\/wp-content\/uploads\/2017\/09\/IMG_4868-1024x629.jpg\" alt=\"\" width=\"620\" height=\"381\" srcset=\"http:\/\/folhadosudeste.com\/site\/wp-content\/uploads\/2017\/09\/IMG_4868-1024x629.jpg 1024w, http:\/\/folhadosudeste.com\/site\/wp-content\/uploads\/2017\/09\/IMG_4868-300x184.jpg 300w, http:\/\/folhadosudeste.com\/site\/wp-content\/uploads\/2017\/09\/IMG_4868-768x472.jpg 768w, http:\/\/folhadosudeste.com\/site\/wp-content\/uploads\/2017\/09\/IMG_4868.jpg 1500w\" sizes=\"auto, (max-width: 620px) 100vw, 620px\" \/><\/a><\/p>\n<p class=\"m_-1669742257826361917gmail-MsoNoSpacing\" style=\"text-align: justify;\" align=\"center\"><i>Iniciativa promovida pela Prefeitura aproximou<\/i><i>&nbsp;poder p\u00fablico e ouviu demandas dos moradores do bairro<\/i><\/p>\n<p class=\"m_-1669742257826361917gmail-MsoNoSpacing\" style=\"text-align: justify;\">Moradores da parte alta do Gaspar tiveram uma manh\u00e3 alegre e divertida no \u00faltimo s\u00e1bado (23). Promovida pela Prefeitura, a A\u00e7\u00e3o Comunit\u00e1ria&nbsp;levaservi\u00e7os p\u00fablicos, cultura e lazer de forma gratuita e aproxima os moradores da Administra\u00e7\u00e3o, para que sejam conhecidas suas demandas e reivindica\u00e7\u00f5es.<\/p>\n<p class=\"m_-1669742257826361917gmail-MsoNoSpacing\" style=\"text-align: justify;\">As barracas e \u00e1reas de lazer para as crian\u00e7as foram montadas na Rua N\u00e9lia de Ara\u00fajo Braga. A programa\u00e7\u00e3o incluiu apresenta\u00e7\u00f5es art\u00edsticas, culturais e esportivas, assim como demonstra\u00e7\u00e3o dos servi\u00e7os oferecidos pela Prefeitura e oficinas. \u201cAcreditamos muito neste trabalho. Acreditamos tamb\u00e9m que o Gaspar tem potencial cultural e social. Vendo a import\u00e2ncia deste projeto, a comunidade \u2018abra\u00e7ou\u2019 a causa e participou com muita dedica\u00e7\u00e3o\u201d, conta a presidente da Associa\u00e7\u00e3o de Moradores do Bairro Gaspar, Roselene Duarte.<\/p>\n<p class=\"m_-1669742257826361917gmail-MsoNoSpacing\" style=\"text-align: justify;\">Esta \u00e9 a terceira A\u00e7\u00e3o Comunit\u00e1ria realizada em Muria\u00e9 em 2017. O prefeito Grego frisa que a\u00e7\u00f5es como esta s\u00e3o importantes para a Administra\u00e7\u00e3o conhecer as necessidades de cada bairro e comunidade de Muria\u00e9. \u201cDurante eventos como este temos a oportunidade de ouvir as demandas dos moradores, para que possamos levar outros tipos de servi\u00e7os e projetos para o bairro. Por isso, o di\u00e1logo entre o poder p\u00fablico e a popula\u00e7\u00e3o \u00e9 importante, para possamos oferecer mais lazer e qualidade de vida aos muriaeenses\u201d, diz.<\/p>\n","protected":false},"excerpt":{"rendered":"<p>Iniciativa promovida pela Prefeitura aproximou&nbsp;poder p\u00fablico e ouviu demandas dos moradores do bairro Moradores da parte alta do Gaspar tiveram uma manh\u00e3 alegre e divertida no \u00faltimo s\u00e1bado (23). Promovida pela Prefeitura, a A\u00e7\u00e3o Comunit\u00e1ria&nbsp;levaservi\u00e7os p\u00fablicos, cultura e lazer de forma gratuita e aproxima os moradores da Administra\u00e7\u00e3o, para que sejam conhecidas suas demandas e [&hellip;]<\/p>\n","protected":false},"author":6,"featured_media":44025,"comment_status":"open","ping_status":"closed","sticky":false,"template":"","format":"standard","meta":{"_joinchat":[],"footnotes":""},"categories":[1],"tags":[],"class_list":["post-44024","post","type-post","status-publish","format-standard","has-post-thumbnail","hentry","category-sem-categoria"],"_links":{"self":[{"href":"http:\/\/folhadosudeste.com\/site\/index.php?rest_route=\/wp\/v2\/posts\/44024","targetHints":{"allow":["GET"]}}],"collection":[{"href":"http:\/\/folhadosudeste.com\/site\/index.php?rest_route=\/wp\/v2\/posts"}],"about":[{"href":"http:\/\/folhadosudeste.com\/site\/index.php?rest_route=\/wp\/v2\/types\/post"}],"author":[{"embeddable":true,"href":"http:\/\/folhadosudeste.com\/site\/index.php?rest_route=\/wp\/v2\/users\/6"}],"replies":[{"embeddable":true,"href":"http:\/\/folhadosudeste.com\/site\/index.php?rest_route=%2Fwp%2Fv2%2Fcomments&post=44024"}],"version-history":[{"count":1,"href":"http:\/\/folhadosudeste.com\/site\/index.php?rest_route=\/wp\/v2\/posts\/44024\/revisions"}],"predecessor-version":[{"id":44026,"href":"http:\/\/folhadosudeste.com\/site\/index.php?rest_route=\/wp\/v2\/posts\/44024\/revisions\/44026"}],"wp:featuredmedia":[{"embeddable":true,"href":"http:\/\/folhadosudeste.com\/site\/index.php?rest_route=\/wp\/v2\/media\/44025"}],"wp:attachment":[{"href":"http:\/\/folhadosudeste.com\/site\/index.php?rest_route=%2Fwp%2Fv2%2Fmedia&parent=44024"}],"wp:term":[{"taxonomy":"category","embeddable":true,"href":"http:\/\/folhadosudeste.com\/site\/index.php?rest_route=%2Fwp%2Fv2%2Fcategories&post=44024"},{"taxonomy":"post_tag","embeddable":true,"href":"http:\/\/folhadosudeste.com\/site\/index.php?rest_route=%2Fwp%2Fv2%2Ftags&post=44024"}],"curies":[{"name":"wp","href":"https:\/\/api.w.org\/{rel}","templated":true}]}}