{"id":44034,"date":"2017-09-29T12:10:09","date_gmt":"2017-09-29T12:10:09","guid":{"rendered":"http:\/\/folhadosudeste.com\/site\/?p=44034"},"modified":"2017-09-29T12:19:20","modified_gmt":"2017-09-29T12:19:20","slug":"jovens-escritores-muriaeenses-se-destacam-em-concurso-literario-da-amle","status":"publish","type":"post","link":"http:\/\/folhadosudeste.com\/site\/?p=44034","title":{"rendered":"JOVENS ESCRITORES MURIAEENSES SE DESTACAM EM CONCURSO LITER\u00c1RIO DA AMLE"},"content":{"rendered":"<p style=\"text-align: justify;\"><a href=\"http:\/\/folhadosudeste.com\/site\/wp-content\/uploads\/2017\/09\/AMLE.jpg\"><img loading=\"lazy\" decoding=\"async\" class=\"aligncenter size-full wp-image-44035\" src=\"http:\/\/folhadosudeste.com\/site\/wp-content\/uploads\/2017\/09\/AMLE.jpg\" alt=\"\" width=\"620\" height=\"259\" srcset=\"http:\/\/folhadosudeste.com\/site\/wp-content\/uploads\/2017\/09\/AMLE.jpg 620w, http:\/\/folhadosudeste.com\/site\/wp-content\/uploads\/2017\/09\/AMLE-300x125.jpg 300w\" sizes=\"auto, (max-width: 620px) 100vw, 620px\" \/><\/a><\/p>\n<p style=\"text-align: justify;\">A Academia Muriaeense de Letras realizou mais uma grande solenidade, aconteceu na noite de quinta feira (21), no Teatro Zaccaria Marques. Segundo Cristian Gomes Lima, presidente da AMLE, desde que ele assumiu o cargo, junto com sua equipe, tiveram o objetivo da Academia se tornar um Centro Cultural e os muriaeenses entenderem seu papel na cidade. De acordo com ele, nesta solenidade, foram tr\u00eas momentos importantes, talvez os mais relevantes da Academia este ano, ao lado da entrega da Medalha Paulo Fraga em dezembro de 2016: foi empossado o novo acad\u00eamico Natalino da Silva de Oliveira, preenchendo a cadeira n\u00ba 30, que era ocupada pelo saudoso Jos\u00e9 Alcino Bicalho, cujo patrono \u00e9 Machado de Assis. Foi entregue a premia\u00e7\u00e3o dos 10 primeiros classificados no Concurso Liter\u00e1rio Jovens Escritores Muriaeenses e instalada a Academia Muriaeense de Letras Jovem, para formar escritores jovens que sonham em se destacar neste segmento das letras, cultura e artes. Para ele, os premiados foram mais do que vencedores. <em>\u201cTivemos um grande n\u00famero de participantes, cerca de 270 inscritos, pois o convite foi feito para todas as escolas da cidade dentro do nosso p\u00fablico alvo, abrangendo o 9\u00ba ano e o Ensino M\u00e9dio. Assim, as escolas se organizaram e muitas conseguiram colocar um grande n\u00famero de alunos inscritos. Foram premiados os 5 primeiros de cada categoria em Cr\u00f4nica e Poesia. Al\u00e9m de receberem a premia\u00e7\u00e3o, foram convidados para a fazer parte da AMLE Jovem e eles aceitaram a oportunidade. Cada forma\u00e7\u00e3o da Academia ir\u00e1 durar dois anos, da\u00ed faremos outro Concurso para uma nova turma. Ent\u00e3o n\u00e3o \u00e9 a ideia de imortalidade como os titulares e sim de abranger o maior n\u00famero de jovens poss\u00edveis. Iniciamos o Concurso no dia 09\/05 e no dia 12\/08 come\u00e7ou a apura\u00e7\u00e3o e julgamento. A AMLE dar\u00e1 toda assessoria para que eles possam fazer um bom trabalho enquanto disseminadores da literatura, ganhando seu destaque, e ser\u00e3o exemplo para outros jovens que possivelmente passar\u00e3o a gostar dessa \u00e1rea. Eles deixam suas fam\u00edlias orgulhosas, pois sabemos que a educa\u00e7\u00e3o come\u00e7a l\u00e1, \u00e9 a base, agora est\u00e3o colhendo m\u00e9ritos\u201d,<\/em> analisa.<\/p>\n<p style=\"text-align: justify;\"><strong>Alunas Da E. E. Dr. Olavo Tostes Se Destacam Em Concurso Liter\u00e1rio Jovens Escritores Muriaeenses<\/strong><\/p>\n<p style=\"text-align: justify;\">A Escola Estadual Doutor Olavo Tostes foi destaque na premia\u00e7\u00e3o do Concurso Liter\u00e1rio Jovens Escritores Muriaeenses, cuja solenidade foi realizada na noite de quinta feira (21), no Teatro Zaccaria Marques.<\/p>\n<p style=\"text-align: justify;\">De acordo com Z\u00e9lia de Melo Pires, professora de L\u00edngua Portuguesa e vice&nbsp; diretora no turno matutino na E. E. Dr. Olavo Tostes, foram aproximadamente 40 inscritos e 4 jovens premiados da escola. Para ela \u00e9 uma sensa\u00e7\u00e3o maravilhosa, uma gratid\u00e3o ver que esses estudantes s\u00e3o sens\u00edveis aos pequenos detalhes da vida e com pequenas cenas constroem grandes hist\u00f3rias. Lembra tamb\u00e9m que \u00e9 gratificante o reconhecimento do trabalho, tanto dos alunos quanto dos professores e toda equipe da institui\u00e7\u00e3o de ensino. <em>\u201cFoi uma noite maravilhosa. Gostaria de parabenizar a AMLE pela iniciativa de investir em jovens multiplicadores dessa ideia t\u00e3o bela que \u00e9 o trabalho de arte com as letras. Participamos com alunos do Ensino M\u00e9dio, idade entre 15 e 17 anos. Procuramos incentivar os alunos sempre para que acreditem em si mesmos, desenvolvam seu potencial, perseverem no seu ideal e lutem para conquistar um espa\u00e7o na sociedade, para serem cidad\u00e3os de bem, pessoas felizes e realizadas. O sucesso deles \u00e9 nossa alegria e realiza\u00e7\u00e3o enquanto institui\u00e7\u00e3o de ensino que investe na forma\u00e7\u00e3o human\u00edstica das pessoas. \u00c9 um grande prazer trabalhar com essa juventude e poder acreditar que eles realmente correspondem \u00e0 semente que \u00e9 plantada em solo f\u00e9rtil, germinando, crescendo e dando frutos, que dar\u00e3o outros, tamb\u00e9m para serem colhidos\u201d, <\/em>explica.<\/p>\n<p style=\"text-align: justify;\">O trabalho da E. E. Dr. Olavo Tostes teve a coordena\u00e7\u00e3o da supervisora pedag\u00f3gica Alessandra Coelho e desenvolvido pelas professoras, Sandra Lamego e Julia Cec\u00edlia Nery, com o apoio do diretor Jos\u00e9 Edinei Magalh\u00e3es e todos os demais colaboradores.<\/p>\n<p style=\"text-align: justify;\">A aluna do 3\u00ba ano da Escola, Andrezza Calais Aguiar, estudante na escola desde o ano passado, ficou em 2\u00ba lugar na categoria de Poesia, com a obra intitulada \u2018Pro futuro\u2019. <em>\u201c\u00c9 uma emo\u00e7\u00e3o grande, pois, por mais que esperamos uma boa coloca\u00e7\u00e3o, n\u00e3o esperava conseguir tanto, entre tantos que concorreram. \u00c9 muita felicidade. Para tudo que queremos, basta dedicar o m\u00e1ximo poss\u00edvel, pois s\u00f3 assim podemos conseguir algo na vida. Mesmo sem tempo, sempre tem uma forma de conciliar\u201d,<\/em> afirma.<\/p>\n<p>[ngg_images source=&#8221;galleries&#8221; container_ids=&#8221;1132&#8243; display_type=&#8221;photocrati-nextgen_basic_thumbnails&#8221; override_thumbnail_settings=&#8221;0&#8243; thumbnail_width=&#8221;100&#8243; thumbnail_height=&#8221;75&#8243; thumbnail_crop=&#8221;1&#8243; images_per_page=&#8221;0&#8243; number_of_columns=&#8221;0&#8243; ajax_pagination=&#8221;0&#8243; show_all_in_lightbox=&#8221;0&#8243; use_imagebrowser_effect=&#8221;0&#8243; show_slideshow_link=&#8221;1&#8243; slideshow_link_text=&#8221;[Show as slideshow]&#8221; order_by=&#8221;sortorder&#8221; order_direction=&#8221;ASC&#8221; returns=&#8221;included&#8221; maximum_entity_count=&#8221;500&#8243;]<\/p>\n","protected":false},"excerpt":{"rendered":"<p>A Academia Muriaeense de Letras realizou mais uma grande solenidade, aconteceu na noite de quinta feira (21), no Teatro Zaccaria Marques. Segundo Cristian Gomes Lima, presidente da AMLE, desde que ele assumiu o cargo, junto com sua equipe, tiveram o objetivo da Academia se tornar um Centro Cultural e os muriaeenses entenderem seu papel na [&hellip;]<\/p>\n","protected":false},"author":2,"featured_media":44035,"comment_status":"open","ping_status":"closed","sticky":false,"template":"","format":"standard","meta":{"_joinchat":[],"footnotes":""},"categories":[1],"tags":[],"class_list":["post-44034","post","type-post","status-publish","format-standard","has-post-thumbnail","hentry","category-sem-categoria"],"_links":{"self":[{"href":"http:\/\/folhadosudeste.com\/site\/index.php?rest_route=\/wp\/v2\/posts\/44034","targetHints":{"allow":["GET"]}}],"collection":[{"href":"http:\/\/folhadosudeste.com\/site\/index.php?rest_route=\/wp\/v2\/posts"}],"about":[{"href":"http:\/\/folhadosudeste.com\/site\/index.php?rest_route=\/wp\/v2\/types\/post"}],"author":[{"embeddable":true,"href":"http:\/\/folhadosudeste.com\/site\/index.php?rest_route=\/wp\/v2\/users\/2"}],"replies":[{"embeddable":true,"href":"http:\/\/folhadosudeste.com\/site\/index.php?rest_route=%2Fwp%2Fv2%2Fcomments&post=44034"}],"version-history":[{"count":2,"href":"http:\/\/folhadosudeste.com\/site\/index.php?rest_route=\/wp\/v2\/posts\/44034\/revisions"}],"predecessor-version":[{"id":44098,"href":"http:\/\/folhadosudeste.com\/site\/index.php?rest_route=\/wp\/v2\/posts\/44034\/revisions\/44098"}],"wp:featuredmedia":[{"embeddable":true,"href":"http:\/\/folhadosudeste.com\/site\/index.php?rest_route=\/wp\/v2\/media\/44035"}],"wp:attachment":[{"href":"http:\/\/folhadosudeste.com\/site\/index.php?rest_route=%2Fwp%2Fv2%2Fmedia&parent=44034"}],"wp:term":[{"taxonomy":"category","embeddable":true,"href":"http:\/\/folhadosudeste.com\/site\/index.php?rest_route=%2Fwp%2Fv2%2Fcategories&post=44034"},{"taxonomy":"post_tag","embeddable":true,"href":"http:\/\/folhadosudeste.com\/site\/index.php?rest_route=%2Fwp%2Fv2%2Ftags&post=44034"}],"curies":[{"name":"wp","href":"https:\/\/api.w.org\/{rel}","templated":true}]}}