{"id":44099,"date":"2017-09-29T12:23:17","date_gmt":"2017-09-29T12:23:17","guid":{"rendered":"http:\/\/folhadosudeste.com\/site\/?p=44099"},"modified":"2017-09-29T12:23:17","modified_gmt":"2017-09-29T12:23:17","slug":"acao-comunitaria-leva-lazer-e-servicos-gratuitos-ao-gaspar-2","status":"publish","type":"post","link":"http:\/\/folhadosudeste.com\/site\/?p=44099","title":{"rendered":"A\u00c7\u00c3O COMUNIT\u00c1RIA LEVA LAZER E SERVI\u00c7OS GRATUITOS AO GASPAR"},"content":{"rendered":"<p style=\"text-align: justify;\"><a href=\"http:\/\/folhadosudeste.com\/site\/wp-content\/uploads\/2017\/09\/GASPAR.jpg\"><img loading=\"lazy\" decoding=\"async\" class=\"aligncenter size-full wp-image-44100\" src=\"http:\/\/folhadosudeste.com\/site\/wp-content\/uploads\/2017\/09\/GASPAR.jpg\" alt=\"\" width=\"620\" height=\"256\" srcset=\"http:\/\/folhadosudeste.com\/site\/wp-content\/uploads\/2017\/09\/GASPAR.jpg 620w, http:\/\/folhadosudeste.com\/site\/wp-content\/uploads\/2017\/09\/GASPAR-300x124.jpg 300w\" sizes=\"auto, (max-width: 620px) 100vw, 620px\" \/><\/a><\/p>\n<p style=\"text-align: justify;\"><strong><em>Iniciativa promovida pela Prefeitura aproximou poder p\u00fablico e ouviu demandas dos moradores do bairro<\/em><\/strong><\/p>\n<p style=\"text-align: justify;\">Moradores da parte alta do Gaspar tiveram uma manh\u00e3 alegre e divertida no \u00faltimo s\u00e1bado (23). Promovida pela Prefeitura, a A\u00e7\u00e3o Comunit\u00e1ria leva servi\u00e7os p\u00fablicos, cultura e lazer de forma gratuita e aproxima os moradores da Administra\u00e7\u00e3o, para que sejam conhecidas suas demandas e reivindica\u00e7\u00f5es.<\/p>\n<p style=\"text-align: justify;\">As barracas e \u00e1reas de lazer para as crian\u00e7as foram montadas na Rua N\u00e9lia de Ara\u00fajo Braga. A programa\u00e7\u00e3o incluiu apresenta\u00e7\u00f5es art\u00edsticas, culturais e esportivas, assim como demonstra\u00e7\u00e3o dos servi\u00e7os oferecidos pela Prefeitura e oficinas. Esta \u00e9 a terceira A\u00e7\u00e3o Comunit\u00e1ria realizada em Muria\u00e9 em 2017.<\/p>\n<p style=\"text-align: justify;\">Segundo Vanilda Ferreira Carneiro Pereira, coordenadora do programa AABB Comunidade, \u00e9 motivo de muita alegria participar com a comunidade no Gaspar, que acolhe e trabalha de uma maneira muito carinhosa, sendo de l\u00e1 um n\u00famero maior de crian\u00e7as que participam do programa, que se servem da atividade do servi\u00e7o de conviv\u00eancia, fortalecimento e v\u00ednculos. O Programa Integra\u00e7\u00e3o AABB Comunidade esteve na comunidade com o objetivo de torn\u00e1-lo mais conhecido, divulgando atrav\u00e9s da exposi\u00e7\u00e3o das fotos as oficinas que s\u00e3o desenvolvidas na AABB. <em>\u201cTodos est\u00e3o convidados a conhecer nossos trabalhos, que forma expostos. Estou iniciando no cargo esse ano, abrindo um caminho que j\u00e1 vem sendo constru\u00eddo h\u00e1 quase 20 anos em Muria\u00e9, com uma equipe que j\u00e1 desenvolve esse trabalho. Inicio na coordena\u00e7\u00e3o, que d\u00e1 as diretrizes do trabalho. A Secretaria Municipal de Desenvolvimento Social, com sua equipe, \u00e9 que d\u00e1 as orienta\u00e7\u00f5es. O Programa Integra\u00e7\u00e3o AABB Comunidade traz a proposta e a Administra\u00e7\u00e3o Municipal est\u00e1 no contexto da metodologia e da administra\u00e7\u00e3o geral. \u00c9 uma parceria com a Prefeitura e Funda\u00e7\u00e3o Banco do Brasil, logo temos a AABB Administra\u00e7\u00e3o, atrav\u00e9s do Luiz e da senhora Rita de C\u00e1ssia, e tem a Simone, coordenadora de v\u00ednculos\u201d,<\/em> explica.<\/p>\n<p style=\"text-align: justify;\">Vanilda disse estar muito feliz por estar \u00e0 frente desse programa, com uma equipe que considera maravilhosa. De acordo com ela, atualmente est\u00e3o sendo acolhidos tr\u00eas bairros: Gaspar (mais de 70 crian\u00e7as), S\u00e3o Pedro (que come\u00e7a para o desempenho do trabalho) e Inconfid\u00eancia, atendendo crian\u00e7as por interm\u00e9dio da escola. <em>\u201cAs pessoas que desejarem colocar seu filho para desenvolver a\u00e7\u00f5es do programa, basta que elas estejam matriculadas em uma das escolas municipais. \u00c9 s\u00f3 procurar a diretora, que ela encaminha. Na Escola Elza Rog\u00e9rio, a respons\u00e1vel \u00e9 a Ana Eliza e sua equipe, na escola do Inconfid\u00eancia \u00e9 a Fernanda e na escola Zuleima \u00e9 a Carmen L\u00facia\u201d,<\/em> pontua.<\/p>\n<p style=\"text-align: justify;\">Raquel Martins Pedrosa Costa, coordenadora do CRAS Aeroporto, comentou sobre a a\u00e7\u00e3o comunit\u00e1ria e destacou que, no in\u00edcio do ano, aconteceu a \u2018Prefeitura no seu Bairro\u2019, um evento maior que mobilizou todos os setores: tanto prefeitura quanto sociedade civil. <em>\u201cAgora promovemos na parte alta do bairro Gaspar, uma vez que \u00e9 abrang\u00eancia do bairro Aeroporto. Movimentamos todos os setores para as pessoas prestigiarem esse evento\u201d,<\/em> explica.<\/p>\n<p style=\"text-align: justify;\">Roselene Duarte de Souza,(Rose) presidente da Associa\u00e7\u00e3o de Moradores do Gaspar, refor\u00e7a que os moradores acreditam na comunidade cada vez mais unida e aprova a proposta de exibi\u00e7\u00e3o dos trabalhos dos participantes. <em>\u201c\u00c9 important\u00edssimo a Secretaria de Esportes estar presente, oferecendo lazer para as crian\u00e7as, proporcionando um trabalho conjunto para um resultado muito bom. Agrade\u00e7o a Prefeitura por nos apoiar, a equipe do CRAS, e o vereador que nos ajudou muito, o representante do bairro Ivanir do Gaspar\u201d,<\/em> acrescenta.<\/p>\n<p style=\"text-align: justify;\">Segundo Rose, a Barraca dos Sonhos \u00e9 uma iniciativa de levantamentos de prioridades do bairro. <em>\u201cS\u00e3o muitas as demandas e muitas das vezes n\u00e3o conseguimos colher. O que for mais votado pela comunidade, estaremos buscando para resolver. Vamos fazer um levantamento para procurarmos resolver\u201d,<\/em> confirma.<\/p>\n<p style=\"text-align: justify;\">Gisele Braga de Aquino, secret\u00e1ria municipal de Desenvolvimento Social, tamb\u00e9m refor\u00e7a que a equipe ficou muito feliz com a \u2018Prefeitura no seu Bairro\u2019 da primeira edi\u00e7\u00e3o. <em>\u201cO que aconteceu dessa vez \u00e9 fruto do que teve in\u00edcio em nossa gest\u00e3o, porque a Associa\u00e7\u00e3o de Moradores deu continuidade a todos movimentos no bairro, ent\u00e3o surgiu essa necessidade da parte alta. Dessa forma, estamos atendendo a todos. \u00c9 um trabalho de parceria, ent\u00e3o tem v\u00e1rias institui\u00e7\u00f5es, al\u00e9m das secretarias municipais\u201d,<\/em> completa.<\/p>\n<p>[ngg_images source=&#8221;galleries&#8221; container_ids=&#8221;1134&#8243; display_type=&#8221;photocrati-nextgen_basic_thumbnails&#8221; override_thumbnail_settings=&#8221;0&#8243; thumbnail_width=&#8221;100&#8243; thumbnail_height=&#8221;75&#8243; thumbnail_crop=&#8221;1&#8243; images_per_page=&#8221;0&#8243; number_of_columns=&#8221;0&#8243; ajax_pagination=&#8221;0&#8243; show_all_in_lightbox=&#8221;0&#8243; use_imagebrowser_effect=&#8221;0&#8243; show_slideshow_link=&#8221;1&#8243; slideshow_link_text=&#8221;[Show as slideshow]&#8221; order_by=&#8221;sortorder&#8221; order_direction=&#8221;ASC&#8221; returns=&#8221;included&#8221; maximum_entity_count=&#8221;500&#8243;]<\/p>\n","protected":false},"excerpt":{"rendered":"<p>Iniciativa promovida pela Prefeitura aproximou poder p\u00fablico e ouviu demandas dos moradores do bairro Moradores da parte alta do Gaspar tiveram uma manh\u00e3 alegre e divertida no \u00faltimo s\u00e1bado (23). Promovida pela Prefeitura, a A\u00e7\u00e3o Comunit\u00e1ria leva servi\u00e7os p\u00fablicos, cultura e lazer de forma gratuita e aproxima os moradores da Administra\u00e7\u00e3o, para que sejam conhecidas [&hellip;]<\/p>\n","protected":false},"author":2,"featured_media":44100,"comment_status":"open","ping_status":"closed","sticky":false,"template":"","format":"standard","meta":{"_joinchat":[],"footnotes":""},"categories":[1],"tags":[],"class_list":["post-44099","post","type-post","status-publish","format-standard","has-post-thumbnail","hentry","category-sem-categoria"],"_links":{"self":[{"href":"http:\/\/folhadosudeste.com\/site\/index.php?rest_route=\/wp\/v2\/posts\/44099","targetHints":{"allow":["GET"]}}],"collection":[{"href":"http:\/\/folhadosudeste.com\/site\/index.php?rest_route=\/wp\/v2\/posts"}],"about":[{"href":"http:\/\/folhadosudeste.com\/site\/index.php?rest_route=\/wp\/v2\/types\/post"}],"author":[{"embeddable":true,"href":"http:\/\/folhadosudeste.com\/site\/index.php?rest_route=\/wp\/v2\/users\/2"}],"replies":[{"embeddable":true,"href":"http:\/\/folhadosudeste.com\/site\/index.php?rest_route=%2Fwp%2Fv2%2Fcomments&post=44099"}],"version-history":[{"count":1,"href":"http:\/\/folhadosudeste.com\/site\/index.php?rest_route=\/wp\/v2\/posts\/44099\/revisions"}],"predecessor-version":[{"id":44147,"href":"http:\/\/folhadosudeste.com\/site\/index.php?rest_route=\/wp\/v2\/posts\/44099\/revisions\/44147"}],"wp:featuredmedia":[{"embeddable":true,"href":"http:\/\/folhadosudeste.com\/site\/index.php?rest_route=\/wp\/v2\/media\/44100"}],"wp:attachment":[{"href":"http:\/\/folhadosudeste.com\/site\/index.php?rest_route=%2Fwp%2Fv2%2Fmedia&parent=44099"}],"wp:term":[{"taxonomy":"category","embeddable":true,"href":"http:\/\/folhadosudeste.com\/site\/index.php?rest_route=%2Fwp%2Fv2%2Fcategories&post=44099"},{"taxonomy":"post_tag","embeddable":true,"href":"http:\/\/folhadosudeste.com\/site\/index.php?rest_route=%2Fwp%2Fv2%2Ftags&post=44099"}],"curies":[{"name":"wp","href":"https:\/\/api.w.org\/{rel}","templated":true}]}}