{"id":44148,"date":"2017-09-29T12:27:48","date_gmt":"2017-09-29T12:27:48","guid":{"rendered":"http:\/\/folhadosudeste.com\/site\/?p=44148"},"modified":"2017-09-29T12:27:48","modified_gmt":"2017-09-29T12:27:48","slug":"1o-dia-de-campo-da-estancia-nossa-senhora-aparecida-sv-assessoria-girolando","status":"publish","type":"post","link":"http:\/\/folhadosudeste.com\/site\/?p=44148","title":{"rendered":"1\u00ba DIA DE CAMPO DA EST\u00c2NCIA NOSSA SENHORA APARECIDA \u2013 SV ASSESSORIA GIROLANDO"},"content":{"rendered":"<p style=\"text-align: justify;\"><a href=\"http:\/\/folhadosudeste.com\/site\/wp-content\/uploads\/2017\/09\/SV-GIROLANDO.jpg\"><img loading=\"lazy\" decoding=\"async\" class=\"aligncenter size-full wp-image-44149\" src=\"http:\/\/folhadosudeste.com\/site\/wp-content\/uploads\/2017\/09\/SV-GIROLANDO.jpg\" alt=\"\" width=\"620\" height=\"293\" srcset=\"http:\/\/folhadosudeste.com\/site\/wp-content\/uploads\/2017\/09\/SV-GIROLANDO.jpg 620w, http:\/\/folhadosudeste.com\/site\/wp-content\/uploads\/2017\/09\/SV-GIROLANDO-300x142.jpg 300w\" sizes=\"auto, (max-width: 620px) 100vw, 620px\" \/><\/a><\/p>\n<p style=\"text-align: justify;\">A SV Assessoria Girolando promoveu, no s\u00e1bado (23), em sua propriedade, na Est\u00e2ncia Nossa Senhora Aparecida (Eugen\u00f3polis MG), seu 1\u00ba Dia de Campo \u2018Em Busca da Pecu\u00e1ria Sustent\u00e1vel\u2019. O evento come\u00e7ou com a Mostra de Animais SV e Abertura Oficial. Seguindo com as palestras: \u2018Produ\u00e7\u00e3o de Volumoso atrav\u00e9s das variedades dos Capins (BRS Capia\u00e7u e BRS Curumim)\u2019 (com Rodrigo Couto, engenheiro agr\u00f4nomo e coordenador da Bovinocultura da Emater MG), \u2018Produ\u00e7\u00e3o Silagem de Milho\u2019 (com \u00canio Marc\u00edlio de Miranda Gomes, engenheiro agr\u00f4nomo, RTV Dupont do Brasil para a marca Biogene de Sementes), \u2018Nutri\u00e7\u00e3o na Cria\u00e7\u00e3o de Bezerras\u2019 (com Jos\u00e9 Leonardo Ribeiro, zootecnista, doutor em Zootecnia, gerente nacional da linha ruminantes Guabi), \u2018Melhoramento Gen\u00e9tico da Ra\u00e7a Holandesa\u2019 (com Ricardo Bertola, zootecnista, gerente de Leite Importado Alta Genetics), \u2018Melhoramento Gen\u00e9tico da Ra\u00e7a Gir\u2019 (com Jo\u00e3o Cruz Reis Filho, engenheiro agr\u00f4nomo, doutor em Gen\u00e9tica Animal, auditor Fiscal Agropecu\u00e1rio do MAPA) e \u2018Melhoramento Gen\u00e9tico da Ra\u00e7a Girolando\u2019 (com Guilherme Marquez, especialista em Pecu\u00e1ria de Leite pela ABCZ, Fazu e Rehagro, gerente de Leite Nacional Alta Genetics). Um grande p\u00fablico de aproximadamente 400 pessoas ligadas ao Agroneg\u00f3cio, incluindo v\u00e1rios produtores rurais, estiveram presentes, sendo recepcionados pelo carism\u00e1tico casal Serginho e Ver\u00f4nica Peixoto, o filho Wslley, a nora Alice, e toda equipe SV, que eles chamam carinhosamente de fam\u00edlia.<\/p>\n<p style=\"text-align: justify;\">De acordo com Rodrigo Couto, da Emater, \u00e9 importante a presen\u00e7a do pequeno, m\u00e9dio e grande produtor, pois a tecnologia permite atender todas as propriedades, independente do tamanho e da propor\u00e7\u00e3o que seja a produ\u00e7\u00e3o de leite. <em>\u201cTemos escrit\u00f3rios em praticamente todas as cidades da regi\u00e3o e os t\u00e9cnicos t\u00eam incentivado o plantio, ent\u00e3o os pecuaristas do entorno em sua maioria j\u00e1 possuem o capim. Os produtores t\u00eam ficado muito satisfeitos com essa nova variedade, ampliando \u00e1reas. Sabemos que \u00e9 um capim que vai revolucionar nossa pecu\u00e1ria, principalmente pela quest\u00e3o do volumoso ser o principal alimento do gado leiteiro. Fiquei muito feliz com convite, pois j\u00e1 acompanho o trabalho da propriedade do Serginho e da Ver\u00f4nica\u201d,<\/em> explica.<\/p>\n<p style=\"text-align: justify;\">Jos\u00e9 Leonardo Ribeiro, de Campinas SP, representante da Guabi, ressaltou a import\u00e2ncia da nutri\u00e7\u00e3o na fase de bezerras e novilhas. <em>\u201cTemos que refor\u00e7ar para o produtor a necessidade que ele tem de melhorar o desempenho das bezerras para que, no futuro, as vacas produzam mais leite e ele tenha mais resultado, tanto lucrativo quanto produtivo\u201d, <\/em>acrescenta.<\/p>\n<p style=\"text-align: justify;\">Ricardo Bertola, de Barbacena MG, que trabalha na Alta Gen\u00e9tica do Brasil, com matriz em Uberaba MG, tamb\u00e9m concorda que este foi um Dia de Campo fant\u00e1stico. <em>\u201c\u00c9 dif\u00edcil ver tantas pessoas juntas, ao se falar de leite. A classe deveria ser mais unida. O melhoramento gen\u00e9tico \u00e9 mais um pilar, mas tem a alimenta\u00e7\u00e3o, o manejo, ent\u00e3o tem que juntar tudo que poss\u00edvel, pois n\u00e3o adianta um sem o outro. Os produtores devem encarar a gen\u00e9tica com mais seriedade, n\u00e3o selecionar por modismo mas de acordo com os objetivos de cada propriedade. Foi extremamente satisfat\u00f3rio poder passar um pouco de meus conhecimentos, diante de um p\u00fablico seleto, que conseguiu comparecer, mesmo com os afazeres do dia-a-dia de cada fazenda\u201d,<\/em> analisa.<\/p>\n<p style=\"text-align: justify;\">Jo\u00e3o Cruz Filho, engenheiro agr\u00f4nomo, doutor em gen\u00e9tica e melhoramento animal, falou um pouco sobre como o melhoramento gen\u00e9tico pode ser \u00fatil para uma pecu\u00e1ria sustent\u00e1vel. <em>\u201cA apresenta\u00e7\u00e3o mostrou a import\u00e2ncia dele para a produ\u00e7\u00e3o de leite. Foi um evento fant\u00e1stico e fomos recepcionados por anfitri\u00f5es com carisma muito grande, que constru\u00edram um relacionamento forte na regi\u00e3o e no Brasil inteiro. Agora est\u00e3o colhendo os frutos que plantaram\u201d,<\/em> afirma.<\/p>\n<p style=\"text-align: justify;\">\u00canio Marcilio de Miranda Gomes destaca que a agricultura e pecu\u00e1ria sustent\u00e1vel est\u00e1 ligada \u00e0 produ\u00e7\u00e3o de silagem de milho e a qualidade do mesmo est\u00e1 muito ligada ao neg\u00f3cio que o Serginho conduz. <em>\u201cAceitamos de imediato o convite porque era um bom desafio levar a tecnologia e informa\u00e7\u00e3o aos produtores que s\u00e3o carentes dela. Fizemos tamb\u00e9m alguns coment\u00e1rios sobre silagem de gr\u00e3o \u00famido. O evento surpreendeu a todos pelo n\u00famero de pessoas e grau de interesse dos participantes, comprometidos com o assunto e procurando aprender\u201d,<\/em> completa.<\/p>\n<p style=\"text-align: justify;\">Para Guilherme Marquez de Rezende, de Uberaba MG, foi uma boa oportunidade de falar sobre o melhoramento gen\u00e9tico que vem acontecendo na ra\u00e7a Girolando, usada por 80% dos produtores de leite do pa\u00eds, ra\u00e7a que o Serginho e sua esposa Ver\u00f4nica criam e d\u00e3o assist\u00eancia. <em>\u201cPudemos pontuar a evolu\u00e7\u00e3o do melhoramento de produ\u00e7\u00e3o de leite e de gen\u00e9tica, para que as pessoas possam entender e confiar no uso do touro Girolando como fonte de multiplica\u00e7\u00e3o\u201d,<\/em> destaca.<\/p>\n<p style=\"text-align: justify;\">Sergio Reis Peixoto (Serginho) conta que sua empresa, SV Assessoria Girolando, presta servi\u00e7os na agropecu\u00e1ria, voltada para a pecu\u00e1ria de leite, principalmente em animais Girolando. Ele \u00e9 tamb\u00e9m criador de gado, em sua propriedade. O 1\u00ba Dia de Campo teve o objetivo de difundir a ideia, a tecnologia e ter mais relacionamento com os criadores da regi\u00e3o. <em>\u201cAgrade\u00e7o todos os patrocinadores. No come\u00e7o, s\u00f3 eu prestava servi\u00e7os, mas conforme aumentou a demanda, fomos agregando um v\u00ednculo familiar e profissional, para garantir suprir as necessidades de todos. Fico muito feliz com o reconhecimento rec\u00edproco das empresas, com o trabalho e fidelidade\u201d,<\/em> finaliza.<\/p>\n<p>[ngg_images source=&#8221;galleries&#8221; container_ids=&#8221;1135&#8243; display_type=&#8221;photocrati-nextgen_basic_thumbnails&#8221; override_thumbnail_settings=&#8221;0&#8243; thumbnail_width=&#8221;100&#8243; thumbnail_height=&#8221;75&#8243; thumbnail_crop=&#8221;1&#8243; images_per_page=&#8221;0&#8243; number_of_columns=&#8221;0&#8243; ajax_pagination=&#8221;0&#8243; show_all_in_lightbox=&#8221;0&#8243; use_imagebrowser_effect=&#8221;0&#8243; show_slideshow_link=&#8221;1&#8243; slideshow_link_text=&#8221;[Show as slideshow]&#8221; order_by=&#8221;sortorder&#8221; order_direction=&#8221;ASC&#8221; returns=&#8221;included&#8221; maximum_entity_count=&#8221;500&#8243;]<\/p>\n","protected":false},"excerpt":{"rendered":"<p>A SV Assessoria Girolando promoveu, no s\u00e1bado (23), em sua propriedade, na Est\u00e2ncia Nossa Senhora Aparecida (Eugen\u00f3polis MG), seu 1\u00ba Dia de Campo \u2018Em Busca da Pecu\u00e1ria Sustent\u00e1vel\u2019. O evento come\u00e7ou com a Mostra de Animais SV e Abertura Oficial. Seguindo com as palestras: \u2018Produ\u00e7\u00e3o de Volumoso atrav\u00e9s das variedades dos Capins (BRS Capia\u00e7u e [&hellip;]<\/p>\n","protected":false},"author":2,"featured_media":44149,"comment_status":"open","ping_status":"closed","sticky":false,"template":"","format":"standard","meta":{"_joinchat":[],"footnotes":""},"categories":[1],"tags":[],"class_list":["post-44148","post","type-post","status-publish","format-standard","has-post-thumbnail","hentry","category-sem-categoria"],"_links":{"self":[{"href":"http:\/\/folhadosudeste.com\/site\/index.php?rest_route=\/wp\/v2\/posts\/44148","targetHints":{"allow":["GET"]}}],"collection":[{"href":"http:\/\/folhadosudeste.com\/site\/index.php?rest_route=\/wp\/v2\/posts"}],"about":[{"href":"http:\/\/folhadosudeste.com\/site\/index.php?rest_route=\/wp\/v2\/types\/post"}],"author":[{"embeddable":true,"href":"http:\/\/folhadosudeste.com\/site\/index.php?rest_route=\/wp\/v2\/users\/2"}],"replies":[{"embeddable":true,"href":"http:\/\/folhadosudeste.com\/site\/index.php?rest_route=%2Fwp%2Fv2%2Fcomments&post=44148"}],"version-history":[{"count":1,"href":"http:\/\/folhadosudeste.com\/site\/index.php?rest_route=\/wp\/v2\/posts\/44148\/revisions"}],"predecessor-version":[{"id":44216,"href":"http:\/\/folhadosudeste.com\/site\/index.php?rest_route=\/wp\/v2\/posts\/44148\/revisions\/44216"}],"wp:featuredmedia":[{"embeddable":true,"href":"http:\/\/folhadosudeste.com\/site\/index.php?rest_route=\/wp\/v2\/media\/44149"}],"wp:attachment":[{"href":"http:\/\/folhadosudeste.com\/site\/index.php?rest_route=%2Fwp%2Fv2%2Fmedia&parent=44148"}],"wp:term":[{"taxonomy":"category","embeddable":true,"href":"http:\/\/folhadosudeste.com\/site\/index.php?rest_route=%2Fwp%2Fv2%2Fcategories&post=44148"},{"taxonomy":"post_tag","embeddable":true,"href":"http:\/\/folhadosudeste.com\/site\/index.php?rest_route=%2Fwp%2Fv2%2Ftags&post=44148"}],"curies":[{"name":"wp","href":"https:\/\/api.w.org\/{rel}","templated":true}]}}