{"id":44224,"date":"2017-09-29T12:54:16","date_gmt":"2017-09-29T12:54:16","guid":{"rendered":"http:\/\/folhadosudeste.com\/site\/?p=44224"},"modified":"2017-09-29T12:54:16","modified_gmt":"2017-09-29T12:54:16","slug":"aluno-da-escola-sao-paulo-conquista-1o-lugar-em-concurso-literario-da-amle","status":"publish","type":"post","link":"http:\/\/folhadosudeste.com\/site\/?p=44224","title":{"rendered":"ALUNO DA ESCOLA S\u00c3O PAULO CONQUISTA 1\u00ba LUGAR EM CONCURSO LITER\u00c1RIO DA AMLE"},"content":{"rendered":"<p style=\"text-align: justify;\"><a href=\"http:\/\/folhadosudeste.com\/site\/wp-content\/uploads\/2017\/09\/ESCOLA-S\u00c3O-PAULO.jpg\"><img loading=\"lazy\" decoding=\"async\" class=\"aligncenter size-full wp-image-44225\" src=\"http:\/\/folhadosudeste.com\/site\/wp-content\/uploads\/2017\/09\/ESCOLA-S\u00c3O-PAULO.jpg\" alt=\"\" width=\"620\" height=\"309\" srcset=\"http:\/\/folhadosudeste.com\/site\/wp-content\/uploads\/2017\/09\/ESCOLA-S\u00c3O-PAULO.jpg 620w, http:\/\/folhadosudeste.com\/site\/wp-content\/uploads\/2017\/09\/ESCOLA-S\u00c3O-PAULO-300x150.jpg 300w\" sizes=\"auto, (max-width: 620px) 100vw, 620px\" \/><\/a><\/p>\n<p style=\"text-align: justify;\">O aluno da Escola S\u00e3o Paulo, Pablo do Nascimento Santos, ficou com o 1\u00ba lugar no Concurso Liter\u00e1rio promovido pela Academia Muriaeense de Letras (AMLE), mostrando seu potencial na \u00e1rea da Literatura e comprovando a metodologia de sucesso utilizada pela Institui\u00e7\u00e3o de Ensino na prepara\u00e7\u00e3o de seus alunos para chegarem a seus objetivos e alcan\u00e7arem a proje\u00e7\u00e3o profissional que almejam.<\/p>\n<p style=\"text-align: justify;\">Pablo estuda na Escola S\u00e3o Paulo desde o 5\u00ba ano do Ensino Fundamental, quando tinha 10 anos. Atualmente, est\u00e1 no 3\u00ba ano do Ensino M\u00e9dio. Ele foi orientado a participar do concurso pela supervisora M\u00e1rcia Murta, a quem considera uma ador\u00e1vel pessoa que guarda no fundo do cora\u00e7\u00e3o e pela qual tem um imenso respeito e carinho.<\/p>\n<p style=\"text-align: justify;\">O estudante \u00e9 apaixonado por ler e escrever desde pequeno. Sempre teve livros aos montes. Quando menor, era um f\u00e3 \u00e1vido de Maur\u00edcio de Sousa e Monteiro Lobato, escritores que lhe familiarizaram com a Literatura e ajudaram a formar seu gosto pela leitura e escrita.<\/p>\n<p style=\"text-align: justify;\">Gosta de ler os cl\u00e1ssicos romances hist\u00f3ricos brasileiros de Machado de Assis e Jos\u00e9 de Alencar, pois aprecia obras que buscam retratar a complexidade das rela\u00e7\u00f5es humanas e o territ\u00f3rio brasileiro em toda a sua singularidade, nas quais os autores criticam, a partir do seu ponto de vista, a sociedade que lhes \u00e9 contempor\u00e2nea.<\/p>\n<p style=\"text-align: justify;\">Atualmente, seu autor preferido \u00e9 Jos\u00e9 de Alencar, o qual escolheu como patrono de sua cadeira na Academia Muriaeense de Letras Jovem. A escolha se deve ao grande apre\u00e7o que tem \u00e0s obras deste autor, o qual admira seu estilo de escrita descritivo e ameno, mas ainda assim ligeiramente envolvente.<\/p>\n<p style=\"text-align: justify;\">Pablo revela que pretende seguir, cursando em breve, Jornalismo e trabalhando futuramente nessa \u00e1rea, al\u00e9m de se aprofundar na escrita com o lan\u00e7amento do livro a ser produzido pela Academia Muriaeense de Letras Jovem.<\/p>\n<p style=\"text-align: justify;\">Sobre o incentivo que recebe da fam\u00edlia e da escola, destaca que ambos apoiam seu anseio por trabalhar e desenvolver projetos nessa \u00e1rea. Conforme relata, a Escola S\u00e3o Paulo, inclusive, incentiva seus alunos de maneira admir\u00e1vel com a promo\u00e7\u00e3o frequente de eventos que visam \u00e0 dissemina\u00e7\u00e3o da Literatura em nosso munic\u00edpio, como foi o caso da recente Tarde Liter\u00e1ria, que contou com a participa\u00e7\u00e3o dos membros da Academia Muriaeense de Letras.<\/p>\n<p style=\"text-align: justify;\">Depois de sentir-se extremamente lisonjeado de ter a oportunidade de participar da Academia de Letras Jovem e poder estar perto de personalidades importantes para a dissemina\u00e7\u00e3o da cultura municipal, como os professores Luiz Gonzaga, de cujo trabalho \u00e9 f\u00e3, e Cristian Lima, o qual foi seu professor durante o Ensino Fundamental, Pablo j\u00e1 tra\u00e7a alguns objetivos para o futuro:<\/p>\n<p style=\"text-align: justify;\"><em>\u201cEspero poder representar plenamente e \u00e0 altura a Academia de Letras Jovem, da qual agora fa\u00e7o parte, e poder contribuir para a realiza\u00e7\u00e3o de trabalhos liter\u00e1rios que busquem engrandecer a cultura liter\u00e1ria municipal e que fa\u00e7am jus \u00e0 hist\u00f3ria de nossa cidade, sempre mantendo a \u00e9tica e os princ\u00edpios morais. Al\u00e9m disso, espero conseguir me tornar um bom jornalista que preze sempre pela verdade e pela justi\u00e7a\u201d,<\/em> prev\u00ea.<\/p>\n<p style=\"text-align: justify;\">A professora de Literatura da Escola S\u00e3o Paulo Camila Prado, explica que n\u00e3o foi feita uma prepara\u00e7\u00e3o, apenas a manifesta\u00e7\u00e3o de Pablo, que se disp\u00f4s imediatamente de participar do concurso, e se poss\u00edvel, ganhar, logo que esteve ciente dele. Ela e os demais colaboradores da Escola s\u00f3 incentivaram e motivaram, mas o aluno escreveu sozinho. O texto foi revisado, mas j\u00e1 estava impec\u00e1vel. Pela seriedade do concurso, os professores n\u00e3o poderiam intervir no texto, s\u00f3 opinar se o tema estava de acordo ou se havia erros graves. <em>\u201cPara n\u00f3s professores n\u00e3o foi muita surpresa o Pablo ganhar, apesar de sabermos que em nossa Escola e em outras de Muria\u00e9 existem jovens talentosos, mas o dom dele com a palavra sempre foi indiscut\u00edvel, algo muito admirado por todos. Sou professora dele h\u00e1 pouco tempo, mas vemos que essa habilidade dele com a escrita \u00e9 fruto de um trabalho bem feito ao longo dos anos em que ele estudou na Escola S\u00e3o Paulo, mas tamb\u00e9m de sua dedica\u00e7\u00e3o e esfor\u00e7o. Ele escreve bem e com uma facilidade muito grande. Conquistas s\u00e3o normais no que se refere aos trabalhos dele, que s\u00e3o de uma qualidade incr\u00edvel e sem igual. Ficamos muito orgulhos. \u00c9 muito bom ter alunos como ele, que s\u00e3o t\u00e3o colaborativos no ambiente de aprendizagem, gosta de ajudar os colegas, participa de tudo, faz trabalhos espetaculares, ent\u00e3o estamos muito felizes por essa conquista de Pablo, por ter tido vontade de participar. Ele mostrou os textos para mim e para o professor Rafael e n\u00f3s ficamos muito impressionados. O fato de ter sido selecionado e agora ocupar uma cadeira da Academia Muriaeense de Letras Jovem \u00e9 por puro merecimento\u201d,<\/em> avalia.<\/p>\n<p style=\"text-align: justify;\">O Diretor Jos\u00e9 Nicodemos Couto parabeniza Pablo pelo excelente resultado conquistado, com todos os m\u00e9ritos. Segundo ele, trata-se de um aluno exemplar, que sempre procura acumular o m\u00e1ximo de conhecimentos poss\u00edvel durante as aulas ofertadas pela Escola S\u00e3o Paulo. <em>\u201cFicamos felizes de ver a dedica\u00e7\u00e3o de nossos alunos e o empenho deles nas atividades extra-classe. Tamb\u00e9m est\u00e3o de parab\u00e9ns nossos professores e equipe pedag\u00f3gica, sempre orientando e preparando esses estudantes da melhor maneira poss\u00edvel, tanto como destaques na \u00e1rea que dominam quanto como cidad\u00e3os de bem\u201d,<\/em> completa.<\/p>\n<p>[ngg_images source=&#8221;galleries&#8221; container_ids=&#8221;1136&#8243; display_type=&#8221;photocrati-nextgen_basic_thumbnails&#8221; override_thumbnail_settings=&#8221;0&#8243; thumbnail_width=&#8221;100&#8243; thumbnail_height=&#8221;75&#8243; thumbnail_crop=&#8221;1&#8243; images_per_page=&#8221;0&#8243; number_of_columns=&#8221;0&#8243; ajax_pagination=&#8221;0&#8243; show_all_in_lightbox=&#8221;0&#8243; use_imagebrowser_effect=&#8221;0&#8243; show_slideshow_link=&#8221;1&#8243; slideshow_link_text=&#8221;[Show as slideshow]&#8221; order_by=&#8221;sortorder&#8221; order_direction=&#8221;ASC&#8221; returns=&#8221;included&#8221; maximum_entity_count=&#8221;500&#8243;]<\/p>\n","protected":false},"excerpt":{"rendered":"<p>O aluno da Escola S\u00e3o Paulo, Pablo do Nascimento Santos, ficou com o 1\u00ba lugar no Concurso Liter\u00e1rio promovido pela Academia Muriaeense de Letras (AMLE), mostrando seu potencial na \u00e1rea da Literatura e comprovando a metodologia de sucesso utilizada pela Institui\u00e7\u00e3o de Ensino na prepara\u00e7\u00e3o de seus alunos para chegarem a seus objetivos e alcan\u00e7arem [&hellip;]<\/p>\n","protected":false},"author":2,"featured_media":44225,"comment_status":"open","ping_status":"closed","sticky":false,"template":"","format":"standard","meta":{"_joinchat":[],"footnotes":""},"categories":[1],"tags":[],"class_list":["post-44224","post","type-post","status-publish","format-standard","has-post-thumbnail","hentry","category-sem-categoria"],"_links":{"self":[{"href":"http:\/\/folhadosudeste.com\/site\/index.php?rest_route=\/wp\/v2\/posts\/44224","targetHints":{"allow":["GET"]}}],"collection":[{"href":"http:\/\/folhadosudeste.com\/site\/index.php?rest_route=\/wp\/v2\/posts"}],"about":[{"href":"http:\/\/folhadosudeste.com\/site\/index.php?rest_route=\/wp\/v2\/types\/post"}],"author":[{"embeddable":true,"href":"http:\/\/folhadosudeste.com\/site\/index.php?rest_route=\/wp\/v2\/users\/2"}],"replies":[{"embeddable":true,"href":"http:\/\/folhadosudeste.com\/site\/index.php?rest_route=%2Fwp%2Fv2%2Fcomments&post=44224"}],"version-history":[{"count":1,"href":"http:\/\/folhadosudeste.com\/site\/index.php?rest_route=\/wp\/v2\/posts\/44224\/revisions"}],"predecessor-version":[{"id":44236,"href":"http:\/\/folhadosudeste.com\/site\/index.php?rest_route=\/wp\/v2\/posts\/44224\/revisions\/44236"}],"wp:featuredmedia":[{"embeddable":true,"href":"http:\/\/folhadosudeste.com\/site\/index.php?rest_route=\/wp\/v2\/media\/44225"}],"wp:attachment":[{"href":"http:\/\/folhadosudeste.com\/site\/index.php?rest_route=%2Fwp%2Fv2%2Fmedia&parent=44224"}],"wp:term":[{"taxonomy":"category","embeddable":true,"href":"http:\/\/folhadosudeste.com\/site\/index.php?rest_route=%2Fwp%2Fv2%2Fcategories&post=44224"},{"taxonomy":"post_tag","embeddable":true,"href":"http:\/\/folhadosudeste.com\/site\/index.php?rest_route=%2Fwp%2Fv2%2Ftags&post=44224"}],"curies":[{"name":"wp","href":"https:\/\/api.w.org\/{rel}","templated":true}]}}