{"id":44281,"date":"2017-10-03T17:57:54","date_gmt":"2017-10-03T17:57:54","guid":{"rendered":"http:\/\/folhadosudeste.com\/site\/?p=44281"},"modified":"2017-10-03T17:57:54","modified_gmt":"2017-10-03T17:57:54","slug":"agencia-do-ministerio-do-trabalho-retorna-com-servicos-em-muriae","status":"publish","type":"post","link":"http:\/\/folhadosudeste.com\/site\/?p=44281","title":{"rendered":"Ag\u00eancia do Minist\u00e9rio do Trabalho retorna com servi\u00e7os em Muria\u00e9"},"content":{"rendered":"<p><a href=\"http:\/\/folhadosudeste.com\/site\/wp-content\/uploads\/2017\/10\/IMG_5393.jpg\"><img loading=\"lazy\" decoding=\"async\" class=\"aligncenter wp-image-44282 size-full\" src=\"http:\/\/folhadosudeste.com\/site\/wp-content\/uploads\/2017\/10\/IMG_5393.jpg\" alt=\"\" width=\"2048\" height=\"1365\" srcset=\"http:\/\/folhadosudeste.com\/site\/wp-content\/uploads\/2017\/10\/IMG_5393.jpg 2048w, http:\/\/folhadosudeste.com\/site\/wp-content\/uploads\/2017\/10\/IMG_5393-300x200.jpg 300w, http:\/\/folhadosudeste.com\/site\/wp-content\/uploads\/2017\/10\/IMG_5393-768x512.jpg 768w, http:\/\/folhadosudeste.com\/site\/wp-content\/uploads\/2017\/10\/IMG_5393-1024x683.jpg 1024w\" sizes=\"auto, (max-width: 2048px) 100vw, 2048px\" \/><\/a><\/p>\n<p style=\"text-align: justify;\"><em>\u00d3rg\u00e3o que funciona em parceria com Prefeitura homologa rescis\u00f5es de contrato de trabalho na pr\u00f3pria cidade<\/em><\/p>\n<p style=\"text-align: justify;\">A ag\u00eancia do Minist\u00e9rio do Trabalho e Emprego de Muria\u00e9 volta a funcionar a partir desta ter\u00e7a-feira (3). O p\u00fablico ser\u00e1 atendido, com agendamento, \u00e0s ter\u00e7as e quartas-feiras, de&nbsp;7h30min \u00e0s 17h, ao lado da Rodovi\u00e1ria, pr\u00e9dio da Fundarte.&nbsp;O setor, que funciona em parceria com a Prefeitura, realiza homologa\u00e7\u00f5es de rescis\u00e3o de contrato e permite que as pend\u00eancias sejam resolvidas na pr\u00f3pria cidade, facilitando a vida dos muriaeenses, que n\u00e3o precisam se deslocar para outras localidades.<\/p>\n<p style=\"text-align: justify;\">Quando se quebra um vinculo de trabalho entre o empregador e o empregado, \u00e9 obrigat\u00f3rio, por lei, procurar o Minist\u00e9rio do Trabalho e realizar a homologa\u00e7\u00e3o (carimbar toda a documenta\u00e7\u00e3o), fazendo, assim, a dispensa correta do servidor. \u201cEstamos intervindo junto ao Minist\u00e9rio do Trabalho, em Bras\u00edlia, e j\u00e1 conseguimos uma funcion\u00e1ria federal para atuar na cidade, regularizando as atividades e deixando o servi\u00e7o em dia\u201d, disse o secret\u00e1rio de Desenvolvimento Econ\u00f4mico e Rela\u00e7\u00f5es Institucionais, Carlos Magno de Oliveira.<\/p>\n<p style=\"text-align: justify;\">A Prefeitura de Muria\u00e9 vem atuando para que os trabalhos sejam realizados de forma mais \u00e1gil. \u201cEstamos trabalhando, juntamente com o deputado Mizael Arthur, para que n\u00e3o nos falte atendimento do Minist\u00e9rio do Trabalho. Trouxemos uma servidora federal para agilizar os servi\u00e7os. Queremos que os muriaeenses n\u00e3o sejam prejudicados, oferecendo os servi\u00e7os e os direitos que eles precisam\u201d, disse o prefeito Grego.&nbsp;<\/p>\n<p style=\"text-align: justify;\"><strong>Ag\u00eancia do Minist\u00e9rio do Trabalho<\/strong><\/p>\n<p style=\"text-align: justify;\">Atendimento: ter\u00e7as e quartas-feiras<\/p>\n<p style=\"text-align: justify;\">Hor\u00e1rio: 7h30min \u00e0s 17h<\/p>\n<p style=\"text-align: justify;\">Local: Depend\u00eancias do Centro Administrativo Presidente Tancredo Neves \u2013 Rua Maestro Sans\u00e3o, 236 (Centro). Ao lado da Rodovi\u00e1ria de Muria\u00e9.<\/p>\n<p style=\"text-align: justify;\">Telefone:&nbsp;(32) 3696 \u2013 3329<\/p>\n<p style=\"text-align: justify;\">OBS.: (O telefone \u00e9 apenas para informa\u00e7\u00f5es. N\u00e3o ser\u00e1 poss\u00edvel a homologa\u00e7\u00e3o. Isto, s\u00f3 pessoalmente.)<\/p>\n","protected":false},"excerpt":{"rendered":"<p>\u00d3rg\u00e3o que funciona em parceria com Prefeitura homologa rescis\u00f5es de contrato de trabalho na pr\u00f3pria cidade A ag\u00eancia do Minist\u00e9rio do Trabalho e Emprego de Muria\u00e9 volta a funcionar a partir desta ter\u00e7a-feira (3). O p\u00fablico ser\u00e1 atendido, com agendamento, \u00e0s ter\u00e7as e quartas-feiras, de&nbsp;7h30min \u00e0s 17h, ao lado da Rodovi\u00e1ria, pr\u00e9dio da Fundarte.&nbsp;O setor, [&hellip;]<\/p>\n","protected":false},"author":6,"featured_media":44282,"comment_status":"open","ping_status":"closed","sticky":false,"template":"","format":"standard","meta":{"_joinchat":[],"footnotes":""},"categories":[1],"tags":[],"class_list":["post-44281","post","type-post","status-publish","format-standard","has-post-thumbnail","hentry","category-sem-categoria"],"_links":{"self":[{"href":"http:\/\/folhadosudeste.com\/site\/index.php?rest_route=\/wp\/v2\/posts\/44281","targetHints":{"allow":["GET"]}}],"collection":[{"href":"http:\/\/folhadosudeste.com\/site\/index.php?rest_route=\/wp\/v2\/posts"}],"about":[{"href":"http:\/\/folhadosudeste.com\/site\/index.php?rest_route=\/wp\/v2\/types\/post"}],"author":[{"embeddable":true,"href":"http:\/\/folhadosudeste.com\/site\/index.php?rest_route=\/wp\/v2\/users\/6"}],"replies":[{"embeddable":true,"href":"http:\/\/folhadosudeste.com\/site\/index.php?rest_route=%2Fwp%2Fv2%2Fcomments&post=44281"}],"version-history":[{"count":1,"href":"http:\/\/folhadosudeste.com\/site\/index.php?rest_route=\/wp\/v2\/posts\/44281\/revisions"}],"predecessor-version":[{"id":44283,"href":"http:\/\/folhadosudeste.com\/site\/index.php?rest_route=\/wp\/v2\/posts\/44281\/revisions\/44283"}],"wp:featuredmedia":[{"embeddable":true,"href":"http:\/\/folhadosudeste.com\/site\/index.php?rest_route=\/wp\/v2\/media\/44282"}],"wp:attachment":[{"href":"http:\/\/folhadosudeste.com\/site\/index.php?rest_route=%2Fwp%2Fv2%2Fmedia&parent=44281"}],"wp:term":[{"taxonomy":"category","embeddable":true,"href":"http:\/\/folhadosudeste.com\/site\/index.php?rest_route=%2Fwp%2Fv2%2Fcategories&post=44281"},{"taxonomy":"post_tag","embeddable":true,"href":"http:\/\/folhadosudeste.com\/site\/index.php?rest_route=%2Fwp%2Fv2%2Ftags&post=44281"}],"curies":[{"name":"wp","href":"https:\/\/api.w.org\/{rel}","templated":true}]}}