{"id":44284,"date":"2017-10-03T17:59:43","date_gmt":"2017-10-03T17:59:43","guid":{"rendered":"http:\/\/folhadosudeste.com\/site\/?p=44284"},"modified":"2017-10-03T17:59:43","modified_gmt":"2017-10-03T17:59:43","slug":"atividades-variadas-marcam-comemoracao-a-semana-do-idoso-em-muriae","status":"publish","type":"post","link":"http:\/\/folhadosudeste.com\/site\/?p=44284","title":{"rendered":"Atividades variadas marcam comemora\u00e7\u00e3o \u00e0 Semana do Idoso em Muria\u00e9"},"content":{"rendered":"<p align=\"center\"><a href=\"http:\/\/folhadosudeste.com\/site\/wp-content\/uploads\/2017\/10\/IMG_5158.jpg\"><img loading=\"lazy\" decoding=\"async\" class=\"aligncenter wp-image-44285 size-large\" src=\"http:\/\/folhadosudeste.com\/site\/wp-content\/uploads\/2017\/10\/IMG_5158-1024x530.jpg\" alt=\"\" width=\"620\" height=\"321\" srcset=\"http:\/\/folhadosudeste.com\/site\/wp-content\/uploads\/2017\/10\/IMG_5158-1024x530.jpg 1024w, http:\/\/folhadosudeste.com\/site\/wp-content\/uploads\/2017\/10\/IMG_5158-300x155.jpg 300w, http:\/\/folhadosudeste.com\/site\/wp-content\/uploads\/2017\/10\/IMG_5158-768x397.jpg 768w, http:\/\/folhadosudeste.com\/site\/wp-content\/uploads\/2017\/10\/IMG_5158.jpg 1500w\" sizes=\"auto, (max-width: 620px) 100vw, 620px\" \/><\/a><\/p>\n<p class=\"m_3451803117995938158gmail-MsoNoSpacing\" style=\"text-align: justify;\" align=\"center\"><i>A\u00e7\u00f5es promovidas pela Prefeitura t\u00eam objetivo de valorizar e parabenizar idosos pelo seu dia<\/i><\/p>\n<p class=\"m_3451803117995938158gmail-MsoNoSpacing\" style=\"text-align: justify;\" align=\"center\">As comemora\u00e7\u00f5es \u00e0 Semana do Idoso foram abertas oficialmente em Muria\u00e9 na tarde desta segunda-feira (2) pelo prefeito Grego. At\u00e9 a pr\u00f3xima sexta-feira (6), o Centro de Conviv\u00eancia para Idosos e os&nbsp;Centros de Refer\u00eancia de Assist\u00eancia Social (CRAS) da cidade recebem a\u00e7\u00f5es promovidas pela Prefeitura para&nbsp;valorizar e parabenizar as pessoas idosas pelo seu dia, celebrado em todo mundo em&nbsp;1\u00ba de outubro.<\/p>\n<p class=\"m_3451803117995938158gmail-MsoNoSpacing\" style=\"text-align: justify;\">Maria Helena Monteiro, de 74 anos, diz que se sente valorizada ao participar de atividades voltadas para o p\u00fablico da chamada \u201cmelhor idade\u201d. \u201cEsta festa \u00e9 muito importante para n\u00f3s. S\u00e3o momentos de lazer, descontra\u00e7\u00e3o e alegria. Est\u00e1 sendo muito bom\u201d, considera.<\/p>\n<p class=\"m_3451803117995938158gmail-MsoNoSpacing\" style=\"text-align: justify;\">O prefeito Grego, que foi presenteado com um quadro confeccionado pelas integrantes do curso de pintura, afirma que a Administra\u00e7\u00e3o est\u00e1 empenhada em desenvolver projetos e a\u00e7\u00f5es que promovam bem-estar e qualidade de vida aos idosos de Muria\u00e9. \u201cOs idosos merecem e precisam ser valorizados. Por isso, preparamos com todo carinho uma programa\u00e7\u00e3o especial para parabeniz\u00e1-los pelo seu dia, proporcionando a eles alegria e momentos de descontra\u00e7\u00e3o. O nosso objetivo \u00e9 oferecer servi\u00e7os p\u00fablicos de qualidade aos muriaeenses que j\u00e1 chegaram \u00e0 terceira idade\u201d, afirma Grego, que esteve acompanhado da secret\u00e1ria Municipal de Desenvolvimento Social, Giselle Braga, durante a abertura oficial do evento.<\/p>\n<p class=\"m_3451803117995938158gmail-MsoNoSpacing\" style=\"text-align: justify;\"><b>Programa\u00e7\u00e3o da Semana do Idoso de 2017:<\/b><\/p>\n<p class=\"m_3451803117995938158gmail-MsoNoSpacing\" style=\"text-align: justify;\"><b>Centro de Conviv\u00eancia para Idosos:<\/b><\/p>\n<p class=\"m_3451803117995938158gmail-MsoNoSpacing\" style=\"text-align: justify;\">Quarta-feira (4):<\/p>\n<p class=\"m_3451803117995938158gmail-MsoNoSpacing\" style=\"text-align: justify;\">14h &#8211; Roda de capoeira<\/p>\n<p class=\"m_3451803117995938158gmail-MsoNoSpacing\" style=\"text-align: justify;\">Quinta-feira (5):<\/p>\n<p class=\"m_3451803117995938158gmail-MsoNoSpacing\" style=\"text-align: justify;\">14h &#8211; Palestra sobre sa\u00fade do idoso, direitos e deveres, entre outros temas<\/p>\n<p class=\"m_3451803117995938158gmail-MsoNoSpacing\" style=\"text-align: justify;\">Sexta-feira (6):<\/p>\n<p class=\"m_3451803117995938158gmail-MsoNoSpacing\" style=\"text-align: justify;\">14h &#8211; Exposi\u00e7\u00e3o dos quadros&nbsp;feitos pelos idosos durante as oficinas de pintura&nbsp;e apresenta\u00e7\u00e3o do grupo &#8220;Resgate \u00e0 M\u00fasica&#8221;<\/p>\n<p class=\"m_3451803117995938158gmail-MsoNoSpacing\" style=\"text-align: justify;\">&nbsp;<\/p>\n<p class=\"m_3451803117995938158gmail-MsoNoSpacing\" style=\"text-align: justify;\"><b>CRAS Santa Terezinha:<\/b><\/p>\n<p class=\"m_3451803117995938158gmail-MsoNoSpacing\" style=\"text-align: justify;\">Quarta-feira (4):&nbsp;Passeio tur\u00edstico no Cristo Redentor de Muria\u00e9<\/p>\n<p class=\"m_3451803117995938158gmail-MsoNoSpacing\" style=\"text-align: justify;\">Quinta-feira (5):&nbsp;Cinema\/Sesc<\/p>\n<p class=\"m_3451803117995938158gmail-MsoNoSpacing\" style=\"text-align: justify;\">Sexta-feira (6):&nbsp;Tarde de beleza<\/p>\n<p class=\"m_3451803117995938158gmail-MsoNoSpacing\" style=\"text-align: justify;\">&nbsp;<\/p>\n<p class=\"m_3451803117995938158gmail-MsoNoSpacing\" style=\"text-align: justify;\"><b>CRAS S\u00e3o Joaquim:<\/b><\/p>\n<p class=\"m_3451803117995938158gmail-MsoNoSpacing\" style=\"text-align: justify;\">Quarta-feira (4):&nbsp;Atividade ao ar livre no campo do bairro Joan\u00f3polis<\/p>\n<p class=\"m_3451803117995938158gmail-MsoNoSpacing\" style=\"text-align: justify;\">Quinta-feira (5):&nbsp;Conversa sobre&nbsp;alimenta\u00e7\u00e3o saud\u00e1vel<\/p>\n<p class=\"m_3451803117995938158gmail-MsoNoSpacing\" style=\"text-align: justify;\"><i>&nbsp;<\/i><\/p>\n<p class=\"m_3451803117995938158gmail-MsoNoSpacing\" style=\"text-align: justify;\"><b>CRAS Vermelho:<\/b><\/p>\n<p class=\"m_3451803117995938158gmail-MsoNoSpacing\" style=\"text-align: justify;\">Quarta-feira (4):&nbsp;Palestra e din\u00e2mica de grupo<\/p>\n<p class=\"m_3451803117995938158gmail-MsoNoSpacing\" style=\"text-align: justify;\">Quinta-feira (5):&nbsp;Roda de viola<\/p>\n<p class=\"m_3451803117995938158gmail-MsoNoSpacing\" style=\"text-align: justify;\">Sexta-feira (6):&nbsp;Visita ao Centro de Conviv\u00eancia para Idosos para uma a\u00e7\u00e3o integrada<\/p>\n<p class=\"m_3451803117995938158gmail-MsoNoSpacing\" style=\"text-align: justify;\">&nbsp;<\/p>\n<p class=\"m_3451803117995938158gmail-MsoNoSpacing\" style=\"text-align: justify;\"><b>CRAS Aeroporto:<\/b><\/p>\n<p class=\"m_3451803117995938158gmail-MsoNoSpacing\" style=\"text-align: justify;\">Quarta-feira (4):&nbsp;11h30min &#8211;&nbsp;Conscientiza\u00e7\u00e3o a respeito das rela\u00e7\u00f5es entre idosos e crian\u00e7as<\/p>\n<p class=\"m_3451803117995938158gmail-MsoNoSpacing\" style=\"text-align: justify;\">Quinta-feira (5):&nbsp;13h &#8211;&nbsp;Conscientiza\u00e7\u00e3o a respeito das rela\u00e7\u00f5es entre idosos e adolescentes<\/p>\n<p class=\"m_3451803117995938158gmail-MsoNoSpacing\" style=\"text-align: justify;\">Sexta-feira (6):&nbsp;13h &#8211;&nbsp;Visita ao Centro de Conviv\u00eancia para Idosos para uma a\u00e7\u00e3o integrada<\/p>\n<p class=\"m_3451803117995938158gmail-MsoNoSpacing\" style=\"text-align: justify;\">&nbsp;<\/p>\n<p class=\"m_3451803117995938158gmail-MsoNoSpacing\" style=\"text-align: justify;\"><b>AABB Comunidade:<\/b><\/p>\n<p class=\"m_3451803117995938158gmail-MsoNoSpacing\" style=\"text-align: justify;\">Quarta-feira (4):&nbsp;Piquenique na AABB&nbsp;<\/p>\n","protected":false},"excerpt":{"rendered":"<p>A\u00e7\u00f5es promovidas pela Prefeitura t\u00eam objetivo de valorizar e parabenizar idosos pelo seu dia As comemora\u00e7\u00f5es \u00e0 Semana do Idoso foram abertas oficialmente em Muria\u00e9 na tarde desta segunda-feira (2) pelo prefeito Grego. At\u00e9 a pr\u00f3xima sexta-feira (6), o Centro de Conviv\u00eancia para Idosos e os&nbsp;Centros de Refer\u00eancia de Assist\u00eancia Social (CRAS) da cidade recebem [&hellip;]<\/p>\n","protected":false},"author":6,"featured_media":44285,"comment_status":"open","ping_status":"closed","sticky":false,"template":"","format":"standard","meta":{"_joinchat":[],"footnotes":""},"categories":[1],"tags":[],"class_list":["post-44284","post","type-post","status-publish","format-standard","has-post-thumbnail","hentry","category-sem-categoria"],"_links":{"self":[{"href":"http:\/\/folhadosudeste.com\/site\/index.php?rest_route=\/wp\/v2\/posts\/44284","targetHints":{"allow":["GET"]}}],"collection":[{"href":"http:\/\/folhadosudeste.com\/site\/index.php?rest_route=\/wp\/v2\/posts"}],"about":[{"href":"http:\/\/folhadosudeste.com\/site\/index.php?rest_route=\/wp\/v2\/types\/post"}],"author":[{"embeddable":true,"href":"http:\/\/folhadosudeste.com\/site\/index.php?rest_route=\/wp\/v2\/users\/6"}],"replies":[{"embeddable":true,"href":"http:\/\/folhadosudeste.com\/site\/index.php?rest_route=%2Fwp%2Fv2%2Fcomments&post=44284"}],"version-history":[{"count":1,"href":"http:\/\/folhadosudeste.com\/site\/index.php?rest_route=\/wp\/v2\/posts\/44284\/revisions"}],"predecessor-version":[{"id":44286,"href":"http:\/\/folhadosudeste.com\/site\/index.php?rest_route=\/wp\/v2\/posts\/44284\/revisions\/44286"}],"wp:featuredmedia":[{"embeddable":true,"href":"http:\/\/folhadosudeste.com\/site\/index.php?rest_route=\/wp\/v2\/media\/44285"}],"wp:attachment":[{"href":"http:\/\/folhadosudeste.com\/site\/index.php?rest_route=%2Fwp%2Fv2%2Fmedia&parent=44284"}],"wp:term":[{"taxonomy":"category","embeddable":true,"href":"http:\/\/folhadosudeste.com\/site\/index.php?rest_route=%2Fwp%2Fv2%2Fcategories&post=44284"},{"taxonomy":"post_tag","embeddable":true,"href":"http:\/\/folhadosudeste.com\/site\/index.php?rest_route=%2Fwp%2Fv2%2Ftags&post=44284"}],"curies":[{"name":"wp","href":"https:\/\/api.w.org\/{rel}","templated":true}]}}