{"id":44290,"date":"2017-10-03T18:24:32","date_gmt":"2017-10-03T18:24:32","guid":{"rendered":"http:\/\/folhadosudeste.com\/site\/?p=44290"},"modified":"2017-10-03T18:24:32","modified_gmt":"2017-10-03T18:24:32","slug":"muriae-sedia-quarta-etapa-do-campeonato-mineiro-de-bmx","status":"publish","type":"post","link":"http:\/\/folhadosudeste.com\/site\/?p=44290","title":{"rendered":"Muria\u00e9 sedia quarta etapa do Campeonato Mineiro de BMX"},"content":{"rendered":"<p align=\"center\"><a href=\"http:\/\/folhadosudeste.com\/site\/wp-content\/uploads\/2017\/10\/15.jpg\"><img loading=\"lazy\" decoding=\"async\" class=\"aligncenter wp-image-44291 size-large\" src=\"http:\/\/folhadosudeste.com\/site\/wp-content\/uploads\/2017\/10\/15-1024x768.jpg\" alt=\"\" width=\"620\" height=\"465\" srcset=\"http:\/\/folhadosudeste.com\/site\/wp-content\/uploads\/2017\/10\/15-1024x768.jpg 1024w, http:\/\/folhadosudeste.com\/site\/wp-content\/uploads\/2017\/10\/15-300x225.jpg 300w, http:\/\/folhadosudeste.com\/site\/wp-content\/uploads\/2017\/10\/15-768x576.jpg 768w, http:\/\/folhadosudeste.com\/site\/wp-content\/uploads\/2017\/10\/15.jpg 2048w\" sizes=\"auto, (max-width: 620px) 100vw, 620px\" \/><\/a><\/p>\n<p class=\"m_-8440571860471831537gmail-MsoNoSpacing\" style=\"text-align: justify;\" align=\"center\"><i>Evento promovido pela Prefeitura em parceria com federa\u00e7\u00f5es mineiras de Bicicross e de Ciclismo contou com participa\u00e7\u00e3o de centenas de atletas<\/i><\/p>\n<p class=\"m_-8440571860471831537gmail-MsoNoSpacing\" style=\"text-align: justify;\">Muria\u00e9 sediou, na manh\u00e3 do \u00faltimo domingo (1\u00ba), a quarta etapa do Campeonato Mineiro de BMX. O evento, promovido pela Prefeitura em parceria com a Federa\u00e7\u00e3o Mineira de Bicicross e Federa\u00e7\u00e3o Mineira de Ciclismo, reuniu centenas de ciclistas da cidade e v\u00e1rias partes do Estado no Horto Florestal. A prova incentiva o esporte e oferece op\u00e7\u00e3o de lazer e entretenimento para o p\u00fablico.<\/p>\n<p class=\"m_-8440571860471831537gmail-MsoNoSpacing\" style=\"text-align: justify;\">A competi\u00e7\u00e3o foi dividida em 33 categorias definidas por faixa et\u00e1ria, tanto masculino quanto feminino. Houve premia\u00e7\u00e3o de R$ 4 mil em dinheiro, valor este que foi dividido entre os tr\u00eas primeiros colocados das categorias Elite Men, Junior Men e Master, al\u00e9m de medalhas. A quinta &#8211; e \u00faltima &#8211; etapa do Campeonato Mineiro de BMX de 2017 ser\u00e1 realizada em Betim, no dia 28 deste m\u00eas.<\/p>\n<p class=\"m_-8440571860471831537gmail-MsoNoSpacing\" style=\"text-align: justify;\">Na pista, os atletas apresentaram ao p\u00fablico velocidade, t\u00e9cnica e manobras radicais. Presente no evento, o prefeito Grego frisa a import\u00e2ncia de Muria\u00e9 sediar a etapa deste campeonato. \u201cInvestir em esporte \u00e9 investir em educa\u00e7\u00e3o, sa\u00fade, seguran\u00e7a e qualidade de vida para o nosso povo. Foi motivo de felicidade receberemos em nossa cidade uma competi\u00e7\u00e3o como esta. Parab\u00e9ns a todos os competidores que participaram deste evento\u201d, diz.<\/p>\n<p class=\"m_-8440571860471831537gmail-MsoNoSpacing\" style=\"text-align: justify;\"><b>Resultado:<\/b><\/p>\n<p class=\"m_-8440571860471831537gmail-MsoNoSpacing\" style=\"text-align: justify;\"><b>Categoria Elite Men:<\/b><\/p>\n<p class=\"m_-8440571860471831537gmail-MsoNoSpacing\" style=\"text-align: justify;\">1\u00ba lugar &#8211; Gilberto Lucca<\/p>\n<p class=\"m_-8440571860471831537gmail-MsoNoSpacing\" style=\"text-align: justify;\">2\u00ba lugar &#8211; Ewerton Carneiro<\/p>\n<p class=\"m_-8440571860471831537gmail-MsoNoSpacing\" style=\"text-align: justify;\">3\u00ba lugar &#8211; Raphael Dellareti<\/p>\n<p class=\"m_-8440571860471831537gmail-MsoNoSpacing\" style=\"text-align: justify;\">&nbsp;<\/p>\n<p class=\"m_-8440571860471831537gmail-MsoNoSpacing\" style=\"text-align: justify;\"><b>Categoria Junior Men:<\/b><\/p>\n<p class=\"m_-8440571860471831537gmail-MsoNoSpacing\" style=\"text-align: justify;\">1\u00ba lugar &#8211; Marcelo Mafort<\/p>\n<p class=\"m_-8440571860471831537gmail-MsoNoSpacing\" style=\"text-align: justify;\">2\u00ba lugar &#8211; Melvin Willian<\/p>\n<p class=\"m_-8440571860471831537gmail-MsoNoSpacing\" style=\"text-align: justify;\">3\u00ba lugar &#8211; Luian dos Santos<\/p>\n<p class=\"m_-8440571860471831537gmail-MsoNoSpacing\" style=\"text-align: justify;\">&nbsp;<\/p>\n<p class=\"m_-8440571860471831537gmail-MsoNoSpacing\" style=\"text-align: justify;\"><b>Categoria Master:<\/b><\/p>\n<p class=\"m_-8440571860471831537gmail-MsoNoSpacing\" style=\"text-align: justify;\">1\u00ba lugar- R\u00f4mulo Silveira<\/p>\n<p class=\"m_-8440571860471831537gmail-MsoNoSpacing\" style=\"text-align: justify;\">2\u00ba lugar &#8211; Eduardo Jandre<\/p>\n<p class=\"m_-8440571860471831537gmail-MsoNoSpacing\" style=\"text-align: justify;\">3\u00ba lugar &#8211; Joubert Bibiano<\/p>\n","protected":false},"excerpt":{"rendered":"<p>Evento promovido pela Prefeitura em parceria com federa\u00e7\u00f5es mineiras de Bicicross e de Ciclismo contou com participa\u00e7\u00e3o de centenas de atletas Muria\u00e9 sediou, na manh\u00e3 do \u00faltimo domingo (1\u00ba), a quarta etapa do Campeonato Mineiro de BMX. O evento, promovido pela Prefeitura em parceria com a Federa\u00e7\u00e3o Mineira de Bicicross e Federa\u00e7\u00e3o Mineira de Ciclismo, [&hellip;]<\/p>\n","protected":false},"author":6,"featured_media":44291,"comment_status":"open","ping_status":"closed","sticky":false,"template":"","format":"standard","meta":{"_joinchat":[],"footnotes":""},"categories":[1],"tags":[],"class_list":["post-44290","post","type-post","status-publish","format-standard","has-post-thumbnail","hentry","category-sem-categoria"],"_links":{"self":[{"href":"http:\/\/folhadosudeste.com\/site\/index.php?rest_route=\/wp\/v2\/posts\/44290","targetHints":{"allow":["GET"]}}],"collection":[{"href":"http:\/\/folhadosudeste.com\/site\/index.php?rest_route=\/wp\/v2\/posts"}],"about":[{"href":"http:\/\/folhadosudeste.com\/site\/index.php?rest_route=\/wp\/v2\/types\/post"}],"author":[{"embeddable":true,"href":"http:\/\/folhadosudeste.com\/site\/index.php?rest_route=\/wp\/v2\/users\/6"}],"replies":[{"embeddable":true,"href":"http:\/\/folhadosudeste.com\/site\/index.php?rest_route=%2Fwp%2Fv2%2Fcomments&post=44290"}],"version-history":[{"count":1,"href":"http:\/\/folhadosudeste.com\/site\/index.php?rest_route=\/wp\/v2\/posts\/44290\/revisions"}],"predecessor-version":[{"id":44292,"href":"http:\/\/folhadosudeste.com\/site\/index.php?rest_route=\/wp\/v2\/posts\/44290\/revisions\/44292"}],"wp:featuredmedia":[{"embeddable":true,"href":"http:\/\/folhadosudeste.com\/site\/index.php?rest_route=\/wp\/v2\/media\/44291"}],"wp:attachment":[{"href":"http:\/\/folhadosudeste.com\/site\/index.php?rest_route=%2Fwp%2Fv2%2Fmedia&parent=44290"}],"wp:term":[{"taxonomy":"category","embeddable":true,"href":"http:\/\/folhadosudeste.com\/site\/index.php?rest_route=%2Fwp%2Fv2%2Fcategories&post=44290"},{"taxonomy":"post_tag","embeddable":true,"href":"http:\/\/folhadosudeste.com\/site\/index.php?rest_route=%2Fwp%2Fv2%2Ftags&post=44290"}],"curies":[{"name":"wp","href":"https:\/\/api.w.org\/{rel}","templated":true}]}}