{"id":44295,"date":"2017-10-05T23:35:51","date_gmt":"2017-10-05T23:35:51","guid":{"rendered":"http:\/\/folhadosudeste.com\/site\/?p=44295"},"modified":"2017-10-05T23:52:39","modified_gmt":"2017-10-05T23:52:39","slug":"seguranca-ateia-fogo-em-creche-de-janauba-e-mata-4-criancas","status":"publish","type":"post","link":"http:\/\/folhadosudeste.com\/site\/?p=44295","title":{"rendered":"SEGURAN\u00c7A ATEIA FOGO EM CRECHE DE JANA\u00daBA E MATA 4 CRIAN\u00c7AS"},"content":{"rendered":"<p><a href=\"http:\/\/folhadosudeste.com\/site\/?attachment_id=44296\" rel=\"attachment wp-att-44296\"><img loading=\"lazy\" decoding=\"async\" class=\"aligncenter size-full wp-image-44296\" src=\"http:\/\/folhadosudeste.com\/site\/wp-content\/uploads\/2017\/10\/crime-janauba-1-.jpeg\" alt=\"\" width=\"1000\" height=\"679\" srcset=\"http:\/\/folhadosudeste.com\/site\/wp-content\/uploads\/2017\/10\/crime-janauba-1-.jpeg 1000w, http:\/\/folhadosudeste.com\/site\/wp-content\/uploads\/2017\/10\/crime-janauba-1--300x204.jpeg 300w, http:\/\/folhadosudeste.com\/site\/wp-content\/uploads\/2017\/10\/crime-janauba-1--768x521.jpeg 768w\" sizes=\"auto, (max-width: 1000px) 100vw, 1000px\" \/><\/a><\/p>\n<p>Quatro crian\u00e7as morreram queimadas em uma creche em&nbsp;Jana\u00faba, no Norte de Minas Gerais, na manh\u00e3 desta quinta-feira (5). Segundo informa\u00e7\u00f5es da Pol\u00edcia Militar e do Corpo de Bombeiros, o vigia do Centro Municipal de Educa\u00e7\u00e3o Infantil Gente Inocente, no Bairro Rio Novo, jogou \u00e1lcool em crian\u00e7as e nele mesmo e, em seguida, ateou fogo. No hor\u00e1rio havia 75 crian\u00e7as e 17 funcion\u00e1rios na escola.<\/p>\n<p>O agressor, identificado como Dami\u00e3o Soares dos Santos, de 50 anos, chegou a ser internado, mas&nbsp;morreu horas depois.<\/p>\n<p>Segundo o Instituto M\u00e9dico-Legal da cidade, morreram no ataque:<\/p>\n<ul>\n<li>Ana Clara Ferreira Silva, 4 anos<\/li>\n<li>Luiz Davi Carlos Rodrigues, 4 anos<\/li>\n<li>Juan Pablo Cruz dos Santos, 4 anos<\/li>\n<li>Juan Miguel Soares Silva, 4 anos<\/li>\n<\/ul>\n<p>Inicialmente, a Prefeitura de Jana\u00faba havia informado a morte de uma das professoras da creche. A not\u00edcia tamb\u00e9m havia sido confirmada com a fam\u00edlia dela. No entanto, o hospital disse que ela est\u00e1 viva e \u00e9 uma das pessoas feridas internadas.<\/p>\n<h2>Autor do ataque<\/h2>\n<p style=\"font-style: inherit; font-weight: inherit;\">De acordo com a prefeitura, Dami\u00e3o Soares dos Santos era funcion\u00e1rio efetivo desde 2008. Ele ficou de f\u00e9rias de julho a agosto e, ao retornar ao trabalho, no m\u00eas de setembro, alegou problema de sa\u00fade e foi afastado.<\/p>\n<p style=\"font-style: inherit; font-weight: inherit;\" data-track-category=\"Link no Texto\" data-track-links=\"\">Ainda segundo a prefeitura, Dami\u00e3o foi \u00e0 creche na manh\u00e3 desta quinta entregar o atestado m\u00e9dico e cometeu o crime. A prefeitura n\u00e3o informou qual era o problema de sa\u00fade alegado pelo funcion\u00e1rio.<\/p>\n<p>Ele foi levado para o hospital com queimaduras no corpo inteiro e morreu cerca de tr\u00eas horas depois. O motivo do ataque ainda n\u00e3o foi esclarecido. (Por Adriana Lisboa, Marina Pereira e Juliana Peixoto, G1 Grande Minas)<\/p>\n<p><iframe loading=\"lazy\" title=\"Seguran\u00e7a ateia fogo em creche e deixa mortos em MG.V\u00eddeo mostra movimenta\u00e7\u00e3o em frente a creche\" width=\"640\" height=\"360\" src=\"https:\/\/www.youtube.com\/embed\/QlRwINVnyQ4?feature=oembed\" frameborder=\"0\" allow=\"accelerometer; autoplay; clipboard-write; encrypted-media; gyroscope; picture-in-picture; web-share\" referrerpolicy=\"strict-origin-when-cross-origin\" allowfullscreen><\/iframe><\/p>\n<p>&nbsp;<\/p>\n","protected":false},"excerpt":{"rendered":"<p>Quatro crian\u00e7as morreram queimadas em uma creche em&nbsp;Jana\u00faba, no Norte de Minas Gerais, na manh\u00e3 desta quinta-feira (5). Segundo informa\u00e7\u00f5es da Pol\u00edcia Militar e do Corpo de Bombeiros, o vigia do Centro Municipal de Educa\u00e7\u00e3o Infantil Gente Inocente, no Bairro Rio Novo, jogou \u00e1lcool em crian\u00e7as e nele mesmo e, em seguida, ateou fogo. No [&hellip;]<\/p>\n","protected":false},"author":3,"featured_media":44297,"comment_status":"open","ping_status":"closed","sticky":false,"template":"","format":"standard","meta":{"_joinchat":[],"footnotes":""},"categories":[1],"tags":[],"class_list":["post-44295","post","type-post","status-publish","format-standard","has-post-thumbnail","hentry","category-sem-categoria"],"_links":{"self":[{"href":"http:\/\/folhadosudeste.com\/site\/index.php?rest_route=\/wp\/v2\/posts\/44295","targetHints":{"allow":["GET"]}}],"collection":[{"href":"http:\/\/folhadosudeste.com\/site\/index.php?rest_route=\/wp\/v2\/posts"}],"about":[{"href":"http:\/\/folhadosudeste.com\/site\/index.php?rest_route=\/wp\/v2\/types\/post"}],"author":[{"embeddable":true,"href":"http:\/\/folhadosudeste.com\/site\/index.php?rest_route=\/wp\/v2\/users\/3"}],"replies":[{"embeddable":true,"href":"http:\/\/folhadosudeste.com\/site\/index.php?rest_route=%2Fwp%2Fv2%2Fcomments&post=44295"}],"version-history":[{"count":4,"href":"http:\/\/folhadosudeste.com\/site\/index.php?rest_route=\/wp\/v2\/posts\/44295\/revisions"}],"predecessor-version":[{"id":44301,"href":"http:\/\/folhadosudeste.com\/site\/index.php?rest_route=\/wp\/v2\/posts\/44295\/revisions\/44301"}],"wp:featuredmedia":[{"embeddable":true,"href":"http:\/\/folhadosudeste.com\/site\/index.php?rest_route=\/wp\/v2\/media\/44297"}],"wp:attachment":[{"href":"http:\/\/folhadosudeste.com\/site\/index.php?rest_route=%2Fwp%2Fv2%2Fmedia&parent=44295"}],"wp:term":[{"taxonomy":"category","embeddable":true,"href":"http:\/\/folhadosudeste.com\/site\/index.php?rest_route=%2Fwp%2Fv2%2Fcategories&post=44295"},{"taxonomy":"post_tag","embeddable":true,"href":"http:\/\/folhadosudeste.com\/site\/index.php?rest_route=%2Fwp%2Fv2%2Ftags&post=44295"}],"curies":[{"name":"wp","href":"https:\/\/api.w.org\/{rel}","templated":true}]}}