{"id":44303,"date":"2017-10-06T13:37:52","date_gmt":"2017-10-06T13:37:52","guid":{"rendered":"http:\/\/folhadosudeste.com\/site\/?p=44303"},"modified":"2017-10-06T13:37:52","modified_gmt":"2017-10-06T13:37:52","slug":"entrevista-marcelinho-o-garoto-fenomeno-do-bicicross","status":"publish","type":"post","link":"http:\/\/folhadosudeste.com\/site\/?p=44303","title":{"rendered":"ENTREVISTA: MARCELINHO, O GAROTO-FEN\u00d4MENO DO BICICROSS"},"content":{"rendered":"<p style=\"text-align: justify;\"><a href=\"http:\/\/folhadosudeste.com\/site\/wp-content\/uploads\/2017\/10\/MARCELINHO.jpg\"><img loading=\"lazy\" decoding=\"async\" class=\"aligncenter size-full wp-image-44304\" src=\"http:\/\/folhadosudeste.com\/site\/wp-content\/uploads\/2017\/10\/MARCELINHO.jpg\" alt=\"\" width=\"620\" height=\"327\" srcset=\"http:\/\/folhadosudeste.com\/site\/wp-content\/uploads\/2017\/10\/MARCELINHO.jpg 620w, http:\/\/folhadosudeste.com\/site\/wp-content\/uploads\/2017\/10\/MARCELINHO-300x158.jpg 300w\" sizes=\"auto, (max-width: 620px) 100vw, 620px\" \/><\/a><\/p>\n<p style=\"text-align: justify;\">Marcelo Rodrigues Feler Guimar\u00e3es (Marcelinho, ou Cepinha, como tamb\u00e9m \u00e9 conhecido), 6 anos de idade, \u00e9 um verdadeiro fen\u00f4meno do Bicicross, representando nossa cidade em todos os campeonatos que disputa. Atualmente participar do Paulista, Mineiro e Copa do Brasil, al\u00e9m de ter vencido o Brasileiro. Seus pais, Jos\u00e9 Marcelo Feler Guimar\u00e3es e Aline Silveira R.F. Guimar\u00e3es, e a irm\u00e3 Mariana Rodrigues F. Guimar\u00e3es, ficam emocionados e orgulhosos a cada novo treino, participa\u00e7\u00e3o em torneio e p\u00f3dio alcan\u00e7ado. Mas o caminho n\u00e3o \u00e9 t\u00e3o simples. Segundo Marcelo e Aline, \u00e9 dif\u00edcil para os pais quando a crian\u00e7a quer praticar, porque muitos n\u00e3o deixam ela se dedicar. <em>\u201c<\/em><em>Temos aprendido muito com o Marcelinho. \u00c9 gratificante, porque ele \u00e9 um diamante que estamos lapidando. Apesar de ainda ter muito a aprender, est\u00e1 no caminho certo. Tem que incentivar. \u00c0s vezes, tem que tirar a crian\u00e7a do videogame, da TV, da brincadeira com os amigos, para treinar. Mas se \u00e9 o objetivo, tem que criar a responsabilidade, a rotina, gerar a perseveran\u00e7a, a vontade de querer melhorar sempre, porque o esporte \u00e9 isso. Hoje, o Marcelinho gosta muito mais do que quando come\u00e7ou. Mas \u00e9 como uma semente que foi plantada e agora est\u00e1 gerando os frutos. Nada vem por acaso. No Brasil, infelizmente trabalhar com esporte \u00e9 muito dif\u00edcil, porque s\u00e3o gastos enormes, com equipamentos, viagens, etc. Mas desde o in\u00edcio venho contando com amigos patrocinadores, aos quais temos que agradecer muito pela ajuda\u201d, <\/em>explica Marcelo. Ele \u00e9 o treinador de Marcelinho, levando o garoto para competir, preparando a bicicleta, ajudando a m\u00e3e Aline no preparo das viagens, filmando tanto os treinos quanto as competi\u00e7\u00f5es para ver o que ele est\u00e1 errando e pode melhorar, analisando os advers\u00e1rios, o modelo de pista para a pr\u00f3xima competi\u00e7\u00e3o para que sejam feitos os ajustes e preparos na bicicleta e nos treinos. Enfim, \u00e9 muita coisa envolvida, mas os trof\u00e9us de Marcelinho s\u00e3o frutos deste trabalho.<\/p>\n<p style=\"text-align: justify;\">Marcelinho est\u00e1 mesmo em grande fase. No \u00faltimo domingo (1\u00ba), ele participou e venceu mais uma etapa do Campeonato Mineiro de Bicicross em Muria\u00e9, realizado na pista do Horto Florestal, trazendo mais uma medalha, que, junto dos trof\u00e9us j\u00e1 conquistados, ocupa um lugar consider\u00e1vel em seu quarto. Em breve ele precisar\u00e1 de mais espa\u00e7o. No evento, algumas categorias que n\u00e3o tinham o m\u00ednimo de participantes precisou ser juntada, ent\u00e3o Marcelinho participou e chegou na frente at\u00e9 mesmo de participantes de 7 anos. Em sua faixa, Boys 5\/6 Anos, foi o campe\u00e3o. O jornal Folha do Sudeste aproveitou a oportunidade e entrevistou o garoto-fen\u00f4meno, mostrando para voc\u00ea, leitor, um pouco das particularidades dele.<\/p>\n<p style=\"text-align: justify;\"><strong>JFdS: H\u00e1 quanto tempo voc\u00ea pratica Bicicross?<\/strong><\/p>\n<p style=\"text-align: justify;\"><strong>Marcelinho:<\/strong> H\u00e1 2 anos, desde os 4 de idade.<strong>&nbsp;<\/strong><\/p>\n<p style=\"text-align: justify;\"><strong>JFdS: Como come\u00e7ou seu interesse pelo esporte?<\/strong><\/p>\n<p style=\"text-align: justify;\"><strong>Marcelinho: <\/strong>Era meu sonho praticar, seguir e ganhar a Copa do Brasil. Sempre gostei e meus pais incentivaram. Na fam\u00edlia s\u00f3 eu pratico o Bicicross. Quando comecei a ver as competi\u00e7\u00f5es, gostei e me interessei. Meu pai sempre gostou de esporte, praticava MotoCross. Quando come\u00e7amos a treinar, ele achou que valia a pena seguir. Ent\u00e3o, comecei a competir e n\u00e3o parei mais.<strong>&nbsp;<\/strong><\/p>\n<p style=\"text-align: justify;\"><strong>JFdS: Como \u00e9 o seu treinamento para as competi\u00e7\u00f5es?<\/strong><\/p>\n<p style=\"text-align: justify;\"><strong>Marcelinho: <\/strong>Treino no Horto, na Funda\u00e7\u00e3o e tamb\u00e9m em Manhua\u00e7u, na pista. Geralmente s\u00e3o 2 vezes por semana, na ter\u00e7a e quinta, mas \u00e0s vezes s\u00e1bado e domingo tamb\u00e9m.<strong>&nbsp;<\/strong><\/p>\n<p style=\"text-align: justify;\"><strong>JFdS: De quantos campeonatos voc\u00ea j\u00e1 participou e em quais conseguiu vencer?<\/strong><\/p>\n<p style=\"text-align: justify;\"><strong>Marcelinho: <\/strong>Foram muitas participa\u00e7\u00f5es, as mais importantes foram: Campe\u00e3o Mineiro na categoria at\u00e9 6 anos, vice-campe\u00e3o Carioca e Campe\u00e3o Brasileiro em uma competi\u00e7\u00e3o no Rio Grande do Sul. Atualmente estou em 1\u00ba lugar no ranking do Campeonato Brasileiro, 2\u00ba no do Campeonato Paulista e 1\u00ba no Geral da Confedera\u00e7\u00e3o Brasileira de Ciclismo.<strong>&nbsp;<\/strong><\/p>\n<p style=\"text-align: justify;\"><strong>JFdS: Qual a sensa\u00e7\u00e3o de competir e o que voc\u00ea sente quando sobe no p\u00f3dio?<\/strong><\/p>\n<p style=\"text-align: justify;\"><strong>Marcelinho: <\/strong>Muita emo\u00e7\u00e3o e alegria, por ver meus pais e meus amigos presentes, me assistindo e incentivando.<strong>&nbsp;<\/strong><\/p>\n<p style=\"text-align: justify;\"><strong>JFdS: Quem s\u00e3o os seus \u00eddolos no esporte?<\/strong><\/p>\n<p style=\"text-align: justify;\"><strong>Marcelinho: <\/strong>Renato Rezende e Igor Martins.<strong>&nbsp;<\/strong><\/p>\n<p style=\"text-align: justify;\"><strong>JFdS: Quais outros esportes voc\u00ea pratica?<\/strong><\/p>\n<p style=\"text-align: justify;\"><strong>Marcelinho: <\/strong>J\u00e1 fiz nata\u00e7\u00e3o, mas s\u00f3 pra aprender. Esportes \u00e9 s\u00f3 o Bicicross mesmo.<strong>&nbsp;<\/strong><\/p>\n<p style=\"text-align: justify;\"><strong>JFdS: Quais dicas voc\u00ea daria para quem quer come\u00e7ar a praticar o Bicicross?<\/strong><\/p>\n<p style=\"text-align: justify;\"><strong>Marcelinho: <\/strong>Tem que comprar a bicicleta, o equipamento completo (camisa, capacete, joelheira, cotoveleira, colete, luva, sapatilha&#8230;), treinar muito na pista e variar os locais. E ter muita coragem tamb\u00e9m.<\/p>\n<p>[ngg_images source=&#8221;galleries&#8221; container_ids=&#8221;1138&#8243; display_type=&#8221;photocrati-nextgen_basic_thumbnails&#8221; override_thumbnail_settings=&#8221;0&#8243; thumbnail_width=&#8221;100&#8243; thumbnail_height=&#8221;75&#8243; thumbnail_crop=&#8221;1&#8243; images_per_page=&#8221;0&#8243; number_of_columns=&#8221;0&#8243; ajax_pagination=&#8221;0&#8243; show_all_in_lightbox=&#8221;0&#8243; use_imagebrowser_effect=&#8221;0&#8243; show_slideshow_link=&#8221;1&#8243; slideshow_link_text=&#8221;[Show as slideshow]&#8221; order_by=&#8221;sortorder&#8221; order_direction=&#8221;ASC&#8221; returns=&#8221;included&#8221; maximum_entity_count=&#8221;500&#8243;]<\/p>\n","protected":false},"excerpt":{"rendered":"<p>Marcelo Rodrigues Feler Guimar\u00e3es (Marcelinho, ou Cepinha, como tamb\u00e9m \u00e9 conhecido), 6 anos de idade, \u00e9 um verdadeiro fen\u00f4meno do Bicicross, representando nossa cidade em todos os campeonatos que disputa. Atualmente participar do Paulista, Mineiro e Copa do Brasil, al\u00e9m de ter vencido o Brasileiro. Seus pais, Jos\u00e9 Marcelo Feler Guimar\u00e3es e Aline Silveira R.F. [&hellip;]<\/p>\n","protected":false},"author":2,"featured_media":44304,"comment_status":"open","ping_status":"closed","sticky":false,"template":"","format":"standard","meta":{"_joinchat":[],"footnotes":""},"categories":[1],"tags":[],"class_list":["post-44303","post","type-post","status-publish","format-standard","has-post-thumbnail","hentry","category-sem-categoria"],"_links":{"self":[{"href":"http:\/\/folhadosudeste.com\/site\/index.php?rest_route=\/wp\/v2\/posts\/44303","targetHints":{"allow":["GET"]}}],"collection":[{"href":"http:\/\/folhadosudeste.com\/site\/index.php?rest_route=\/wp\/v2\/posts"}],"about":[{"href":"http:\/\/folhadosudeste.com\/site\/index.php?rest_route=\/wp\/v2\/types\/post"}],"author":[{"embeddable":true,"href":"http:\/\/folhadosudeste.com\/site\/index.php?rest_route=\/wp\/v2\/users\/2"}],"replies":[{"embeddable":true,"href":"http:\/\/folhadosudeste.com\/site\/index.php?rest_route=%2Fwp%2Fv2%2Fcomments&post=44303"}],"version-history":[{"count":1,"href":"http:\/\/folhadosudeste.com\/site\/index.php?rest_route=\/wp\/v2\/posts\/44303\/revisions"}],"predecessor-version":[{"id":44317,"href":"http:\/\/folhadosudeste.com\/site\/index.php?rest_route=\/wp\/v2\/posts\/44303\/revisions\/44317"}],"wp:featuredmedia":[{"embeddable":true,"href":"http:\/\/folhadosudeste.com\/site\/index.php?rest_route=\/wp\/v2\/media\/44304"}],"wp:attachment":[{"href":"http:\/\/folhadosudeste.com\/site\/index.php?rest_route=%2Fwp%2Fv2%2Fmedia&parent=44303"}],"wp:term":[{"taxonomy":"category","embeddable":true,"href":"http:\/\/folhadosudeste.com\/site\/index.php?rest_route=%2Fwp%2Fv2%2Fcategories&post=44303"},{"taxonomy":"post_tag","embeddable":true,"href":"http:\/\/folhadosudeste.com\/site\/index.php?rest_route=%2Fwp%2Fv2%2Ftags&post=44303"}],"curies":[{"name":"wp","href":"https:\/\/api.w.org\/{rel}","templated":true}]}}