{"id":44355,"date":"2017-10-06T13:48:16","date_gmt":"2017-10-06T13:48:16","guid":{"rendered":"http:\/\/folhadosudeste.com\/site\/?p=44355"},"modified":"2017-10-06T13:48:16","modified_gmt":"2017-10-06T13:48:16","slug":"inauguracao-do-espaco-gourmet-da-e-m-valdivino-dos-santos-mendes","status":"publish","type":"post","link":"http:\/\/folhadosudeste.com\/site\/?p=44355","title":{"rendered":"INAUGURA\u00c7\u00c3O DO ESPA\u00c7O GOURMET DA E. M. VALDIVINO DOS SANTOS MENDES"},"content":{"rendered":"<p style=\"text-align: justify;\"><a href=\"http:\/\/folhadosudeste.com\/site\/wp-content\/uploads\/2017\/10\/GASPAR.jpg\"><img loading=\"lazy\" decoding=\"async\" class=\"aligncenter size-full wp-image-44356\" src=\"http:\/\/folhadosudeste.com\/site\/wp-content\/uploads\/2017\/10\/GASPAR.jpg\" alt=\"\" width=\"620\" height=\"265\" srcset=\"http:\/\/folhadosudeste.com\/site\/wp-content\/uploads\/2017\/10\/GASPAR.jpg 620w, http:\/\/folhadosudeste.com\/site\/wp-content\/uploads\/2017\/10\/GASPAR-300x128.jpg 300w\" sizes=\"auto, (max-width: 620px) 100vw, 620px\" \/><\/a><\/p>\n<p style=\"text-align: justify;\">Foi inaugurada, no domingo 1\u00ba de outubro, o Espa\u00e7o Gourmet \u2018Gilceia do Carmo Grammatikopoulos\u2019 da E. M. Valdivino dos Santos Mendes, por meio da pr\u00f3pria escola, Prefeitura de Muria\u00e9, atrav\u00e9s da Secretaria Municipal de Educa\u00e7\u00e3o. O evento contou com a solenidade de descerramento da placa e discurso da diretora Tatiana, da vice Jesiane, do prefeito Grego e da secret\u00e1ria de Educa\u00e7\u00e3o Nininha. Logo ap\u00f3s foi servido um almo\u00e7o comunit\u00e1rio, bingo e apresenta\u00e7\u00e3o de pe\u00e7a teatral com os alunos.<\/p>\n<p style=\"text-align: justify;\">Para o prefeito Grego, inaugurar o Espa\u00e7o Gourmet \u00e9 uma enorme alegria, com uma grande uni\u00e3o, harmonia e sintonia entre a comunidade e escola. <em>\u201cS\u00e3o recursos atrav\u00e9s de festas, de eventos organizados pela escola e abra\u00e7ados pela comunidade. Que o exemplo dessa uni\u00e3o possa contagiar outros espa\u00e7os, que precisam dessa maior participa\u00e7\u00e3o. Maior alegria ainda \u00e9 a homenagem, com o nome da minha m\u00e3e Gilceia, recebido pelo espa\u00e7o. \u00c9 uma enorme alegria e honra, pois trata-se de uma pessoa simples e prestativa que ela foi, em especial das cozinhas das escolas p\u00fablicas da nossa cidade, como auxiliar de servi\u00e7os da educa\u00e7\u00e3o, merendeira\u201d,<\/em> explica.<\/p>\n<p style=\"text-align: justify;\">Para a diretora, Tatiana Aparecida dos Reis Pedrosa, que tem como vice Jesiane Rodrigues, a import\u00e2ncia \u00e9 muito grande, porque Gilceia trabalhou muitos anos no bairro, e como apareceu a oportunidade de trazer a cozinha, fazendo dela um lugar maior e melhor tanto para os funcion\u00e1rios quanto para os alunos, a equipe aproveitou e colocou seu nome como uma singela homenagem pela sua presta\u00e7\u00e3o de servi\u00e7os. <em>\u201cO espa\u00e7o j\u00e1 est\u00e1 em funcionamento h\u00e1 2 meses, mas agora que terminamos de colocar as coisas no lugar. S\u00e3o 12 pessoas que trabalham na cozinha durante o dia todo, e atendemos 204 alunos diariamente. A Prefeitura manda o card\u00e1pio e n\u00f3s seguimos a orienta\u00e7\u00e3o. Quando fizemos essa mudan\u00e7a, usamos os recursos que arrecadamos da Festa Junina, em parceria com a Prefeitura\u201d,<\/em> acrescenta.<\/p>\n<p style=\"text-align: justify;\">O vereador Ivanir Jos\u00e9 de Souza do Gaspar, morador do bairro h\u00e1 muitos anos, tamb\u00e9m participou da inaugura\u00e7\u00e3o. <em>\u201c\u00c9 um prazer muito grande receber o prefeito Grego e a comunidade em um momento t\u00e3o importante. Agrade\u00e7o a diretora Tatiana e toda equipe que aqui trabalham, espero que sirva de exemplo para nosso munic\u00edpio. Ainda temos muitas obras para fazer em nosso bairro, como a academia livre. Tenho certeza que ainda vamos conseguir muitas benfeitorias por aqui\u201d,<\/em> completa.<\/p>\n<p>[ngg_images source=&#8221;galleries&#8221; container_ids=&#8221;1140&#8243; display_type=&#8221;photocrati-nextgen_basic_thumbnails&#8221; override_thumbnail_settings=&#8221;0&#8243; thumbnail_width=&#8221;100&#8243; thumbnail_height=&#8221;75&#8243; thumbnail_crop=&#8221;1&#8243; images_per_page=&#8221;0&#8243; number_of_columns=&#8221;0&#8243; ajax_pagination=&#8221;0&#8243; show_all_in_lightbox=&#8221;0&#8243; use_imagebrowser_effect=&#8221;0&#8243; show_slideshow_link=&#8221;1&#8243; slideshow_link_text=&#8221;[Show as slideshow]&#8221; order_by=&#8221;sortorder&#8221; order_direction=&#8221;ASC&#8221; returns=&#8221;included&#8221; maximum_entity_count=&#8221;500&#8243;]<\/p>\n","protected":false},"excerpt":{"rendered":"<p>Foi inaugurada, no domingo 1\u00ba de outubro, o Espa\u00e7o Gourmet \u2018Gilceia do Carmo Grammatikopoulos\u2019 da E. M. Valdivino dos Santos Mendes, por meio da pr\u00f3pria escola, Prefeitura de Muria\u00e9, atrav\u00e9s da Secretaria Municipal de Educa\u00e7\u00e3o. O evento contou com a solenidade de descerramento da placa e discurso da diretora Tatiana, da vice Jesiane, do prefeito [&hellip;]<\/p>\n","protected":false},"author":2,"featured_media":44356,"comment_status":"open","ping_status":"closed","sticky":false,"template":"","format":"standard","meta":{"_joinchat":[],"footnotes":""},"categories":[1],"tags":[],"class_list":["post-44355","post","type-post","status-publish","format-standard","has-post-thumbnail","hentry","category-sem-categoria"],"_links":{"self":[{"href":"http:\/\/folhadosudeste.com\/site\/index.php?rest_route=\/wp\/v2\/posts\/44355","targetHints":{"allow":["GET"]}}],"collection":[{"href":"http:\/\/folhadosudeste.com\/site\/index.php?rest_route=\/wp\/v2\/posts"}],"about":[{"href":"http:\/\/folhadosudeste.com\/site\/index.php?rest_route=\/wp\/v2\/types\/post"}],"author":[{"embeddable":true,"href":"http:\/\/folhadosudeste.com\/site\/index.php?rest_route=\/wp\/v2\/users\/2"}],"replies":[{"embeddable":true,"href":"http:\/\/folhadosudeste.com\/site\/index.php?rest_route=%2Fwp%2Fv2%2Fcomments&post=44355"}],"version-history":[{"count":1,"href":"http:\/\/folhadosudeste.com\/site\/index.php?rest_route=\/wp\/v2\/posts\/44355\/revisions"}],"predecessor-version":[{"id":44381,"href":"http:\/\/folhadosudeste.com\/site\/index.php?rest_route=\/wp\/v2\/posts\/44355\/revisions\/44381"}],"wp:featuredmedia":[{"embeddable":true,"href":"http:\/\/folhadosudeste.com\/site\/index.php?rest_route=\/wp\/v2\/media\/44356"}],"wp:attachment":[{"href":"http:\/\/folhadosudeste.com\/site\/index.php?rest_route=%2Fwp%2Fv2%2Fmedia&parent=44355"}],"wp:term":[{"taxonomy":"category","embeddable":true,"href":"http:\/\/folhadosudeste.com\/site\/index.php?rest_route=%2Fwp%2Fv2%2Fcategories&post=44355"},{"taxonomy":"post_tag","embeddable":true,"href":"http:\/\/folhadosudeste.com\/site\/index.php?rest_route=%2Fwp%2Fv2%2Ftags&post=44355"}],"curies":[{"name":"wp","href":"https:\/\/api.w.org\/{rel}","templated":true}]}}