{"id":44671,"date":"2017-10-19T16:25:42","date_gmt":"2017-10-19T16:25:42","guid":{"rendered":"http:\/\/folhadosudeste.com\/site\/?p=44671"},"modified":"2017-10-19T16:25:42","modified_gmt":"2017-10-19T16:25:42","slug":"usuarios-dos-servicos-publicos-apresentarao-trabalhos-e-acoes-durante-cras-cultura","status":"publish","type":"post","link":"http:\/\/folhadosudeste.com\/site\/?p=44671","title":{"rendered":"Usu\u00e1rios dos servi\u00e7os p\u00fablicos apresentar\u00e3o trabalhos e a\u00e7\u00f5es durante CRAS Cultura"},"content":{"rendered":"<p align=\"center\">&nbsp;<\/p>\n<p align=\"center\"><a href=\"http:\/\/folhadosudeste.com\/site\/wp-content\/uploads\/2017\/10\/CRAS-CULTURA.jpg\"><img loading=\"lazy\" decoding=\"async\" class=\"aligncenter wp-image-44672 size-large\" src=\"http:\/\/folhadosudeste.com\/site\/wp-content\/uploads\/2017\/10\/CRAS-CULTURA-1024x578.jpg\" alt=\"\" width=\"620\" height=\"350\" srcset=\"http:\/\/folhadosudeste.com\/site\/wp-content\/uploads\/2017\/10\/CRAS-CULTURA-1024x578.jpg 1024w, http:\/\/folhadosudeste.com\/site\/wp-content\/uploads\/2017\/10\/CRAS-CULTURA-300x169.jpg 300w, http:\/\/folhadosudeste.com\/site\/wp-content\/uploads\/2017\/10\/CRAS-CULTURA-768x434.jpg 768w, http:\/\/folhadosudeste.com\/site\/wp-content\/uploads\/2017\/10\/CRAS-CULTURA.jpg 1135w\" sizes=\"auto, (max-width: 620px) 100vw, 620px\" \/><\/a><\/p>\n<p class=\"m_-5639024982671824109gmail-MsoNoSpacing\" style=\"text-align: justify;\" align=\"center\"><i>Projeto in\u00e9dito criado pela Prefeitura ser\u00e1 realizado no Teatro Municipal Belmira Vilas Boas, incentivando potencial art\u00edstico das comunidades<\/i><\/p>\n<p class=\"m_-5639024982671824109gmail-MsoNoSpacing\" style=\"text-align: justify;\">Um projeto in\u00e9dito criado pela Prefeitura este ano vai apresentar ao p\u00fablico o trabalho desenvolvido com os usu\u00e1rios dos quatro Centros de Refer\u00eancia de Assist\u00eancia Social (CRAS) de Muria\u00e9. O objetivo \u00e9 mostrar as potencialidades de cada regi\u00e3o atendida pelo servi\u00e7o e o talento dos moradores, fortalecendo v\u00ednculos entre eles e suas comunidades. Com entrada aberta \u00e0 popula\u00e7\u00e3o, o evento ser\u00e1 realizado entre os dias 24 e 28 deste m\u00eas, de 19h \u00e0s 21h, no Teatro Municipal Belmira Vilas Boas.<\/p>\n<p class=\"m_-5639024982671824109gmail-MsoNoSpacing\" style=\"text-align: justify;\">A programa\u00e7\u00e3o inclui apresenta\u00e7\u00f5es art\u00edsticas, culturais e esportivas, exibi\u00e7\u00e3o de curtas-metragens e exposi\u00e7\u00e3o dos trabalhos desenvolvidos com os usu\u00e1rios durante as oficinas. Al\u00e9m dos CRAS, haver\u00e1 ainda a participa\u00e7\u00e3o do Projeto AABB Comunidade (realizado em parceria entre a Prefeitura e a AABB Muria\u00e9), Sesc e integrantes do Centro de Conviv\u00eancia para Idosos. \u201cNeste evento, os usu\u00e1rios ser\u00e3o os pr\u00f3prios protagonistas das apresenta\u00e7\u00f5es, e isso \u00e9 muito importante, pois eles se sentem parte de todo o processo. Al\u00e9m disso, \u00e9 uma oportunidade para apresentarem as potencialidades do bairro onde moram e o trabalho desenvolvido nas oficinas que participam\u201d, afirma a secret\u00e1ria Municipal de Desenvolvimento Social, Giselle Braga.<\/p>\n<p class=\"m_-5639024982671824109gmail-MsoNoSpacing\" style=\"text-align: justify;\">O prefeito Grego frisa que a Administra\u00e7\u00e3o est\u00e1 realizando projetos para mudar o cen\u00e1rio social da cidade. \u201cA nossa gest\u00e3o tem uma aten\u00e7\u00e3o especial para os servi\u00e7os sociais. Por isso, estamos investindo em a\u00e7\u00f5es como esta, para que possamos construir uma nova realidade para quem mais precisa\u201d, afirma.<\/p>\n<p class=\"m_-5639024982671824109gmail-MsoNoSpacing\" style=\"text-align: justify;\">&nbsp;<\/p>\n<p class=\"m_-5639024982671824109gmail-MsoNoSpacing\" style=\"text-align: justify;\"><b>SERVI\u00c7O<\/b><\/p>\n<p class=\"m_-5639024982671824109gmail-MsoNoSpacing\" style=\"text-align: justify;\"><b>CRAS Cultura:<\/b><\/p>\n<p class=\"m_-5639024982671824109gmail-MsoNoSpacing\" style=\"text-align: justify;\">Data: entre 24 e 28 de outubro<\/p>\n<p class=\"m_-5639024982671824109gmail-MsoNoSpacing\" style=\"text-align: justify;\">Local: Teatro Municipal Belmira Vilas Boas&nbsp;(<a href=\"https:\/\/maps.google.com\/?q=Rua+Coronel+Domiciano,+13&amp;entry=gmail&amp;source=g\">Rua Coronel Domiciano, 13<\/a>, Centro)<\/p>\n<p class=\"m_-5639024982671824109gmail-MsoNoSpacing\" style=\"text-align: justify;\">Hor\u00e1rio: de 19h \u00e0s 21h<\/p>\n<p class=\"m_-5639024982671824109gmail-MsoNoSpacing\" style=\"text-align: justify;\">Entrada gratuita e aberta \u00e0 popula\u00e7\u00e3o<\/p>\n<p class=\"m_-5639024982671824109gmail-MsoNoSpacing\" style=\"text-align: justify;\">&nbsp;<\/p>\n<p class=\"m_-5639024982671824109gmail-MsoNoSpacing\" style=\"text-align: justify;\"><b>Confira abaixo a programa\u00e7\u00e3o:<\/b><\/p>\n<p class=\"m_-5639024982671824109gmail-MsoNoSpacing\" style=\"text-align: justify;\"><b>Ter\u00e7a-feira (24): CRAS Santa Terezinha:<\/b><\/p>\n<p class=\"m_-5639024982671824109gmail-MsoNoSpacing\" style=\"text-align: justify;\">&#8211; Curta metragem<\/p>\n<p class=\"m_-5639024982671824109gmail-MsoNoSpacing\" style=\"text-align: justify;\">&nbsp;&#8211; Dan\u00e7a<\/p>\n<p class=\"m_-5639024982671824109gmail-MsoNoSpacing\" style=\"text-align: justify;\">&nbsp;&#8211; Teatro (relato de um morador do bairro Encoberta)<\/p>\n<p class=\"m_-5639024982671824109gmail-MsoNoSpacing\" style=\"text-align: justify;\">&nbsp;&#8211; M\u00fasica<\/p>\n<p class=\"m_-5639024982671824109gmail-MsoNoSpacing\" style=\"text-align: justify;\">&nbsp;&#8211; Jornal falado (produzido e encenado pelos usu\u00e1rios)<\/p>\n<p class=\"m_-5639024982671824109gmail-MsoNoSpacing\" style=\"text-align: justify;\">&nbsp;&#8211; Poema<\/p>\n<p class=\"m_-5639024982671824109gmail-MsoNoSpacing\" style=\"text-align: justify;\">&nbsp;&#8211; M\u00fasica (\u201cTrem Bala\u201d, de Ana Vilela)<\/p>\n<p class=\"m_-5639024982671824109gmail-MsoNoSpacing\" style=\"text-align: justify;\">&nbsp;&#8211; Jogral\/encerrando com a m\u00fasica \u201c\u00c9 preciso saber viver\u201d, de \u200eRoberto Carlos e Erasmo Carlos<\/p>\n<p class=\"m_-5639024982671824109gmail-MsoNoSpacing\" style=\"text-align: justify;\">&nbsp;<\/p>\n<p class=\"m_-5639024982671824109gmail-MsoNoSpacing\" style=\"text-align: justify;\"><b>Quarta-feira (25): CRAS Aeroporto:<\/b><\/p>\n<p class=\"m_-5639024982671824109gmail-MsoNoSpacing\" style=\"text-align: justify;\">&#8211; Mapa falado<\/p>\n<p class=\"m_-5639024982671824109gmail-MsoNoSpacing\" style=\"text-align: justify;\">&#8211; Document\u00e1rio<\/p>\n<p class=\"m_-5639024982671824109gmail-MsoNoSpacing\" style=\"text-align: justify;\">&nbsp;&#8211; M\u00fasica<\/p>\n<p class=\"m_-5639024982671824109gmail-MsoNoSpacing\" style=\"text-align: justify;\">&nbsp;&#8211; Document\u00e1rio sobre a rotina das crian\u00e7as no Programa AABB Comunidade<\/p>\n<p class=\"m_-5639024982671824109gmail-MsoNoSpacing\" style=\"text-align: justify;\">&nbsp;&#8211; Teatro com as crian\u00e7as do Programa AABB Comunidade<\/p>\n<p class=\"m_-5639024982671824109gmail-MsoNoSpacing\" style=\"text-align: justify;\">&nbsp;&#8211; Dan\u00e7a sobre as Sete Maravilhas do Mundo com as crian\u00e7as que participam do Programa Habilidades de Estudos (PHE)\/SESC<\/p>\n<p class=\"m_-5639024982671824109gmail-MsoNoSpacing\" style=\"text-align: justify;\">&nbsp;&#8211; Dan\u00e7a zouk<\/p>\n<p class=\"m_-5639024982671824109gmail-MsoNoSpacing\" style=\"text-align: justify;\">&nbsp;&#8211; Folia de Reis<\/p>\n<p class=\"m_-5639024982671824109gmail-MsoNoSpacing\" style=\"text-align: justify;\">&nbsp;&#8211; Bloco do Papagaio<\/p>\n<p class=\"m_-5639024982671824109gmail-MsoNoSpacing\" style=\"text-align: justify;\">&nbsp;<\/p>\n<p class=\"m_-5639024982671824109gmail-MsoNoSpacing\" style=\"text-align: justify;\"><b>Quinta-feira (26): CRAS S\u00e3o Joaquim\/Santana:<\/b><\/p>\n<p class=\"m_-5639024982671824109gmail-MsoNoSpacing\" style=\"text-align: justify;\">&#8211; Document\u00e1rio<\/p>\n<p class=\"m_-5639024982671824109gmail-MsoNoSpacing\" style=\"text-align: justify;\">&nbsp;&#8211; Mapa falado<\/p>\n<p class=\"m_-5639024982671824109gmail-MsoNoSpacing\" style=\"text-align: justify;\">&nbsp;&#8211; Teatro \u201cViol\u00eancia nas escolas\u201d<\/p>\n<p class=\"m_-5639024982671824109gmail-MsoNoSpacing\" style=\"text-align: justify;\">&#8211; Maculel\u00ea<\/p>\n<p class=\"m_-5639024982671824109gmail-MsoNoSpacing\" style=\"text-align: justify;\">&nbsp;&#8211; M\u00fasicas (tema: Abuso sexual &#8211; \u201cTrancado no quarto\u201d, de Bruna Carla, e \u201cEstou aqui\u201d, de Carlos Colla e Michael Sullivan)<\/p>\n<p class=\"m_-5639024982671824109gmail-MsoNoSpacing\" style=\"text-align: justify;\">&nbsp;<\/p>\n<p class=\"m_-5639024982671824109gmail-MsoNoSpacing\" style=\"text-align: justify;\"><b>Sexta-feira (27): CRAS Vermelho:<\/b><\/p>\n<p class=\"m_-5639024982671824109gmail-MsoNoSpacing\" style=\"text-align: justify;\">&#8211; Musical (apresenta\u00e7\u00e3o realizada pelas crian\u00e7as do Pr\u00f3-Crian\u00e7a representando o resgate \u00e0 inf\u00e2ncia)<\/p>\n<p class=\"m_-5639024982671824109gmail-MsoNoSpacing\" style=\"text-align: justify;\">&nbsp;&#8211; Document\u00e1rio (ser\u00e3o apresentados imagens e depoimentos sobre o in\u00edcio das atividades do Projeto Lazer Ativo no distrito de Vermelho, experi\u00eancias de supera\u00e7\u00e3o de moradores do Condom\u00ednio Nova Muria\u00e9 que ainda residem no local e a participa\u00e7\u00e3o dos usu\u00e1rios nas a\u00e7\u00f5es desenvolvidas pelo CRAS)<\/p>\n<p class=\"m_-5639024982671824109gmail-MsoNoSpacing\" style=\"text-align: justify;\">&nbsp;&#8211; Teatro com crian\u00e7as que participam do Projeto Lazer Ativo falar\u00e3o sobre a realidade local e a import\u00e2ncia do esporte como estrat\u00e9gia de interven\u00e7\u00e3o<\/p>\n<p class=\"m_-5639024982671824109gmail-MsoNoSpacing\" style=\"text-align: justify;\">&nbsp;&#8211; Dan\u00e7a e rap (com adolescentes do \u201cConviver\u201d)<\/p>\n<p class=\"m_-5639024982671824109gmail-MsoNoSpacing\" style=\"text-align: justify;\">&nbsp;&#8211; Par\u00f3dia (apresenta\u00e7\u00e3o final com todos os participantes: equipe do CRAS, crian\u00e7as, adolescentes, idosos e usu\u00e1rios do servi\u00e7o de Prote\u00e7\u00e3o e Atendimento Integral \u00e0 Fam\u00edlia (PAIF)<\/p>\n<p class=\"m_-5639024982671824109gmail-MsoNoSpacing\" style=\"text-align: justify;\">&nbsp;<\/p>\n<p class=\"m_-5639024982671824109gmail-MsoNoSpacing\" style=\"text-align: justify;\"><b>S\u00e1bado (28):<\/b><\/p>\n<p class=\"m_-5639024982671824109gmail-MsoNoSpacing\" style=\"text-align: justify;\">Apresenta\u00e7\u00e3o dos CRAS, Secretaria Municipal de Desenvolvimento Social e Centro de Conviv\u00eancia para Idosos<\/p>\n<p class=\"m_-5639024982671824109gmail-MsoNoSpacing\" style=\"text-align: justify;\">&#8211; Quebra-cabe\u00e7a\/cordel<\/p>\n<p class=\"m_-5639024982671824109gmail-MsoNoSpacing\" style=\"text-align: justify;\">&#8211; Coral com idosos do Centro de Conviv\u00eancia para Idosos<\/p>\n<p class=\"m_-5639024982671824109gmail-MsoNoSpacing\" style=\"text-align: justify;\">&#8211; Apresenta\u00e7\u00e3o de Taekwondo e de m\u00fasicas no ritmo da capoeira<\/p>\n","protected":false},"excerpt":{"rendered":"<p>&nbsp; Projeto in\u00e9dito criado pela Prefeitura ser\u00e1 realizado no Teatro Municipal Belmira Vilas Boas, incentivando potencial art\u00edstico das comunidades Um projeto in\u00e9dito criado pela Prefeitura este ano vai apresentar ao p\u00fablico o trabalho desenvolvido com os usu\u00e1rios dos quatro Centros de Refer\u00eancia de Assist\u00eancia Social (CRAS) de Muria\u00e9. O objetivo \u00e9 mostrar as potencialidades de [&hellip;]<\/p>\n","protected":false},"author":6,"featured_media":44672,"comment_status":"open","ping_status":"closed","sticky":false,"template":"","format":"standard","meta":{"_joinchat":[],"footnotes":""},"categories":[1],"tags":[],"class_list":["post-44671","post","type-post","status-publish","format-standard","has-post-thumbnail","hentry","category-sem-categoria"],"_links":{"self":[{"href":"http:\/\/folhadosudeste.com\/site\/index.php?rest_route=\/wp\/v2\/posts\/44671","targetHints":{"allow":["GET"]}}],"collection":[{"href":"http:\/\/folhadosudeste.com\/site\/index.php?rest_route=\/wp\/v2\/posts"}],"about":[{"href":"http:\/\/folhadosudeste.com\/site\/index.php?rest_route=\/wp\/v2\/types\/post"}],"author":[{"embeddable":true,"href":"http:\/\/folhadosudeste.com\/site\/index.php?rest_route=\/wp\/v2\/users\/6"}],"replies":[{"embeddable":true,"href":"http:\/\/folhadosudeste.com\/site\/index.php?rest_route=%2Fwp%2Fv2%2Fcomments&post=44671"}],"version-history":[{"count":1,"href":"http:\/\/folhadosudeste.com\/site\/index.php?rest_route=\/wp\/v2\/posts\/44671\/revisions"}],"predecessor-version":[{"id":44673,"href":"http:\/\/folhadosudeste.com\/site\/index.php?rest_route=\/wp\/v2\/posts\/44671\/revisions\/44673"}],"wp:featuredmedia":[{"embeddable":true,"href":"http:\/\/folhadosudeste.com\/site\/index.php?rest_route=\/wp\/v2\/media\/44672"}],"wp:attachment":[{"href":"http:\/\/folhadosudeste.com\/site\/index.php?rest_route=%2Fwp%2Fv2%2Fmedia&parent=44671"}],"wp:term":[{"taxonomy":"category","embeddable":true,"href":"http:\/\/folhadosudeste.com\/site\/index.php?rest_route=%2Fwp%2Fv2%2Fcategories&post=44671"},{"taxonomy":"post_tag","embeddable":true,"href":"http:\/\/folhadosudeste.com\/site\/index.php?rest_route=%2Fwp%2Fv2%2Ftags&post=44671"}],"curies":[{"name":"wp","href":"https:\/\/api.w.org\/{rel}","templated":true}]}}