{"id":44676,"date":"2017-10-19T16:29:38","date_gmt":"2017-10-19T16:29:38","guid":{"rendered":"http:\/\/folhadosudeste.com\/site\/?p=44676"},"modified":"2017-10-19T16:29:38","modified_gmt":"2017-10-19T16:29:38","slug":"deputado-visita-prefeitura-de-argirita","status":"publish","type":"post","link":"http:\/\/folhadosudeste.com\/site\/?p=44676","title":{"rendered":"Deputado visita Prefeitura de Argirita"},"content":{"rendered":"<p><a href=\"http:\/\/folhadosudeste.com\/site\/wp-content\/uploads\/2017\/10\/4-Deputado-Renzo-Braz-e-lideran\u00e7as-de-Argirita.jpg\"><img loading=\"lazy\" decoding=\"async\" class=\"aligncenter wp-image-44677 size-large\" src=\"http:\/\/folhadosudeste.com\/site\/wp-content\/uploads\/2017\/10\/4-Deputado-Renzo-Braz-e-lideran\u00e7as-de-Argirita-1024x687.jpg\" alt=\"\" width=\"620\" height=\"416\" srcset=\"http:\/\/folhadosudeste.com\/site\/wp-content\/uploads\/2017\/10\/4-Deputado-Renzo-Braz-e-lideran\u00e7as-de-Argirita-1024x687.jpg 1024w, http:\/\/folhadosudeste.com\/site\/wp-content\/uploads\/2017\/10\/4-Deputado-Renzo-Braz-e-lideran\u00e7as-de-Argirita-300x201.jpg 300w, http:\/\/folhadosudeste.com\/site\/wp-content\/uploads\/2017\/10\/4-Deputado-Renzo-Braz-e-lideran\u00e7as-de-Argirita-768x516.jpg 768w, http:\/\/folhadosudeste.com\/site\/wp-content\/uploads\/2017\/10\/4-Deputado-Renzo-Braz-e-lideran\u00e7as-de-Argirita-290x195.jpg 290w, http:\/\/folhadosudeste.com\/site\/wp-content\/uploads\/2017\/10\/4-Deputado-Renzo-Braz-e-lideran\u00e7as-de-Argirita.jpg 1448w\" sizes=\"auto, (max-width: 620px) 100vw, 620px\" \/><\/a><\/p>\n<p style=\"text-align: justify;\">Renzo Braz esteve na Prefeitura de Argirita no dia 11\/10, onde foi recebido pelo prefeito Cacau, pela ex-prefeita Mar\u00edlia, por vereadores e servidores p\u00fablicos.<\/p>\n<p style=\"text-align: justify;\">Iniciando a conversa, o prefeito informou ao deputado que no dia 30\/11 ter\u00e1 reuni\u00e3o na Superintend\u00eancia da Caixa Econ\u00f4mica Federal, em Juiz de Fora, para assinar o conv\u00eanio referente \u00e0 emenda destinada por Renzo Braz, para pavimenta\u00e7\u00e3o de ruas do munic\u00edpio.<\/p>\n<p style=\"text-align: justify;\">Em seguida, o prefeito convidou parte da equipe administrativa do munic\u00edpio para se reunir com Renzo Braz. Na conversa, foram abordados assuntos referentes \u00e0 gest\u00e3o p\u00fablica, pacto federativo e realidade dos munic\u00edpios (necessidades financeiras e dificuldades administrativas). O deputado respondeu a questionamentos e se disponibilizou a buscar mudan\u00e7as e solu\u00e7\u00f5es.<\/p>\n<p style=\"text-align: justify;\">Em seguida, o prefeito e os vereadores Beto e Dud\u00e9 acompanharam Renzo Braz ao Latic\u00ednio Alzira, importante empresa do munic\u00edpio, que gera emprego e renda para Argirita.<\/p>\n<p style=\"text-align: justify;\">Al\u00e9m dos citados, j\u00e1 participaram da reuni\u00e3o o vereador Reginaldo, a esposa do prefeito, S\u00f4nia, e os servidores p\u00fablicos Ana Maria, Beatriz, Valqu\u00edria, Generoso, Jos\u00e9 Mauro, Oswaldo, Ana Cristina, Josete, Oneide, Elis\u00e2ngela, Gl\u00e1ucia, Cidinha, Giovane e Moacir.<\/p>\n","protected":false},"excerpt":{"rendered":"<p>Renzo Braz esteve na Prefeitura de Argirita no dia 11\/10, onde foi recebido pelo prefeito Cacau, pela ex-prefeita Mar\u00edlia, por vereadores e servidores p\u00fablicos. Iniciando a conversa, o prefeito informou ao deputado que no dia 30\/11 ter\u00e1 reuni\u00e3o na Superintend\u00eancia da Caixa Econ\u00f4mica Federal, em Juiz de Fora, para assinar o conv\u00eanio referente \u00e0 emenda [&hellip;]<\/p>\n","protected":false},"author":6,"featured_media":44677,"comment_status":"open","ping_status":"closed","sticky":false,"template":"","format":"standard","meta":{"_joinchat":[],"footnotes":""},"categories":[1],"tags":[],"class_list":["post-44676","post","type-post","status-publish","format-standard","has-post-thumbnail","hentry","category-sem-categoria"],"_links":{"self":[{"href":"http:\/\/folhadosudeste.com\/site\/index.php?rest_route=\/wp\/v2\/posts\/44676","targetHints":{"allow":["GET"]}}],"collection":[{"href":"http:\/\/folhadosudeste.com\/site\/index.php?rest_route=\/wp\/v2\/posts"}],"about":[{"href":"http:\/\/folhadosudeste.com\/site\/index.php?rest_route=\/wp\/v2\/types\/post"}],"author":[{"embeddable":true,"href":"http:\/\/folhadosudeste.com\/site\/index.php?rest_route=\/wp\/v2\/users\/6"}],"replies":[{"embeddable":true,"href":"http:\/\/folhadosudeste.com\/site\/index.php?rest_route=%2Fwp%2Fv2%2Fcomments&post=44676"}],"version-history":[{"count":1,"href":"http:\/\/folhadosudeste.com\/site\/index.php?rest_route=\/wp\/v2\/posts\/44676\/revisions"}],"predecessor-version":[{"id":44678,"href":"http:\/\/folhadosudeste.com\/site\/index.php?rest_route=\/wp\/v2\/posts\/44676\/revisions\/44678"}],"wp:featuredmedia":[{"embeddable":true,"href":"http:\/\/folhadosudeste.com\/site\/index.php?rest_route=\/wp\/v2\/media\/44677"}],"wp:attachment":[{"href":"http:\/\/folhadosudeste.com\/site\/index.php?rest_route=%2Fwp%2Fv2%2Fmedia&parent=44676"}],"wp:term":[{"taxonomy":"category","embeddable":true,"href":"http:\/\/folhadosudeste.com\/site\/index.php?rest_route=%2Fwp%2Fv2%2Fcategories&post=44676"},{"taxonomy":"post_tag","embeddable":true,"href":"http:\/\/folhadosudeste.com\/site\/index.php?rest_route=%2Fwp%2Fv2%2Ftags&post=44676"}],"curies":[{"name":"wp","href":"https:\/\/api.w.org\/{rel}","templated":true}]}}