{"id":44679,"date":"2017-10-19T16:32:10","date_gmt":"2017-10-19T16:32:10","guid":{"rendered":"http:\/\/folhadosudeste.com\/site\/?p=44679"},"modified":"2017-10-19T16:32:10","modified_gmt":"2017-10-19T16:32:10","slug":"renzo-braz-visita-vereador-em-sao-joao-nepomuceno","status":"publish","type":"post","link":"http:\/\/folhadosudeste.com\/site\/?p=44679","title":{"rendered":"Renzo Braz visita vereador em S\u00e3o Jo\u00e3o Nepomuceno"},"content":{"rendered":"<p><a href=\"http:\/\/folhadosudeste.com\/site\/wp-content\/uploads\/2017\/10\/6-Deputado-Renzo-Braz-e-lideran\u00e7as-de-S\u00e3o-Jo\u00e3o-Nepomuceno.jpg\"><img loading=\"lazy\" decoding=\"async\" class=\"aligncenter wp-image-44680 size-large\" src=\"http:\/\/folhadosudeste.com\/site\/wp-content\/uploads\/2017\/10\/6-Deputado-Renzo-Braz-e-lideran\u00e7as-de-S\u00e3o-Jo\u00e3o-Nepomuceno-1024x687.jpg\" alt=\"\" width=\"620\" height=\"416\" srcset=\"http:\/\/folhadosudeste.com\/site\/wp-content\/uploads\/2017\/10\/6-Deputado-Renzo-Braz-e-lideran\u00e7as-de-S\u00e3o-Jo\u00e3o-Nepomuceno-1024x687.jpg 1024w, http:\/\/folhadosudeste.com\/site\/wp-content\/uploads\/2017\/10\/6-Deputado-Renzo-Braz-e-lideran\u00e7as-de-S\u00e3o-Jo\u00e3o-Nepomuceno-300x201.jpg 300w, http:\/\/folhadosudeste.com\/site\/wp-content\/uploads\/2017\/10\/6-Deputado-Renzo-Braz-e-lideran\u00e7as-de-S\u00e3o-Jo\u00e3o-Nepomuceno-768x516.jpg 768w, http:\/\/folhadosudeste.com\/site\/wp-content\/uploads\/2017\/10\/6-Deputado-Renzo-Braz-e-lideran\u00e7as-de-S\u00e3o-Jo\u00e3o-Nepomuceno-290x195.jpg 290w, http:\/\/folhadosudeste.com\/site\/wp-content\/uploads\/2017\/10\/6-Deputado-Renzo-Braz-e-lideran\u00e7as-de-S\u00e3o-Jo\u00e3o-Nepomuceno.jpg 1448w\" sizes=\"auto, (max-width: 620px) 100vw, 620px\" \/><\/a><\/p>\n<p style=\"text-align: justify;\">Renzo Braz foi recebido em S\u00e3o Jo\u00e3o Nepomuceno pelo amigo e vereador Jos\u00e9 Maria, Chumbinho, no dia 11\/10. A visita come\u00e7ou pela C\u00e2mara de Vereadores, onde o deputado deu uma entrevista para o site Fatos Net.<\/p>\n<p style=\"text-align: justify;\">Em seguida, o vereador levou o deputado \u00e0 Prefeitura Municipal e o apresentou ao secret\u00e1rio Municipal de Obras, Milton; ao chefe de Governo, M\u00e1rcio; ao vice-prefeito e secret\u00e1rio Municipal de Agricultura e Meio Ambiente, Sebasti\u00e3o; e ao assessor de Conv\u00eanio, Andr\u00e9. Na oportunidade, as autoridades conversaram sobre o atual cen\u00e1rio pol\u00edtico local e as necessidades do munic\u00edpio. Renzo Braz garantiu que continuar\u00e1 atendendo aos pleitos repassados pelo vereador Chumbinho.<\/p>\n<p style=\"text-align: justify;\">Dando sequ\u00eancia \u00e0s visitas, o vereador e o deputado visitaram a Associa\u00e7\u00e3o Pestalozzi, entidade que cuida de pessoas com necessidades especiais. Nela, Renzo Braz foi recebido pela Diretora Orcilene e conheceu os equipamentos de fisioterapia e de inform\u00e1tica adquiridos gra\u00e7as a recursos viabilizados por ele.<\/p>\n<p style=\"text-align: justify;\">Outra visita realizada foi \u00e0 Associa\u00e7\u00e3o Feminina de Preven\u00e7\u00e3o e Combate ao C\u00e2ncer de S\u00e3o Jo\u00e3o Nepomuceno, a ASFECER, na qual os colaboradores Naiara, Ana Paula e Arthur apresentaram o Ambulat\u00f3rio Esperan\u00e7a ao deputado e solicitaram ajuda para aquisi\u00e7\u00e3o e novos equipamentos.<\/p>\n<p style=\"text-align: justify;\">Por fim, o deputado esteve nos est\u00fadios da Conex\u00e3o TV, uma TV a cabo (canal 99) da regi\u00e3o, onde deu uma entrevista para a apresentadora Ester Costa, falando sobre as conquistas j\u00e1 viabilizadas par o munic\u00edpio e sobre quest\u00f5es da pol\u00edtica nacional.&nbsp;<\/p>\n<p style=\"text-align: justify;\">Os eventos foram acompanhados pela assessora do vereador Chumbinho, Sara Costa.<\/p>\n<p style=\"text-align: justify;\">Face:<\/p>\n<p style=\"text-align: justify;\">Fiz uma visita muito produtiva a S\u00e3o Jo\u00e3o Nepomuceno. Com o amigo e vereador Chumbinho, dei entrevista e visitei importantes entidades do munic\u00edpio.<\/p>\n<p style=\"text-align: justify;\">#RenzoporMinas #SaoJoaoNepomucenoMG<\/p>\n","protected":false},"excerpt":{"rendered":"<p>Renzo Braz foi recebido em S\u00e3o Jo\u00e3o Nepomuceno pelo amigo e vereador Jos\u00e9 Maria, Chumbinho, no dia 11\/10. A visita come\u00e7ou pela C\u00e2mara de Vereadores, onde o deputado deu uma entrevista para o site Fatos Net. Em seguida, o vereador levou o deputado \u00e0 Prefeitura Municipal e o apresentou ao secret\u00e1rio Municipal de Obras, Milton; [&hellip;]<\/p>\n","protected":false},"author":6,"featured_media":44680,"comment_status":"open","ping_status":"closed","sticky":false,"template":"","format":"standard","meta":{"_joinchat":[],"footnotes":""},"categories":[1],"tags":[],"class_list":["post-44679","post","type-post","status-publish","format-standard","has-post-thumbnail","hentry","category-sem-categoria"],"_links":{"self":[{"href":"http:\/\/folhadosudeste.com\/site\/index.php?rest_route=\/wp\/v2\/posts\/44679","targetHints":{"allow":["GET"]}}],"collection":[{"href":"http:\/\/folhadosudeste.com\/site\/index.php?rest_route=\/wp\/v2\/posts"}],"about":[{"href":"http:\/\/folhadosudeste.com\/site\/index.php?rest_route=\/wp\/v2\/types\/post"}],"author":[{"embeddable":true,"href":"http:\/\/folhadosudeste.com\/site\/index.php?rest_route=\/wp\/v2\/users\/6"}],"replies":[{"embeddable":true,"href":"http:\/\/folhadosudeste.com\/site\/index.php?rest_route=%2Fwp%2Fv2%2Fcomments&post=44679"}],"version-history":[{"count":1,"href":"http:\/\/folhadosudeste.com\/site\/index.php?rest_route=\/wp\/v2\/posts\/44679\/revisions"}],"predecessor-version":[{"id":44681,"href":"http:\/\/folhadosudeste.com\/site\/index.php?rest_route=\/wp\/v2\/posts\/44679\/revisions\/44681"}],"wp:featuredmedia":[{"embeddable":true,"href":"http:\/\/folhadosudeste.com\/site\/index.php?rest_route=\/wp\/v2\/media\/44680"}],"wp:attachment":[{"href":"http:\/\/folhadosudeste.com\/site\/index.php?rest_route=%2Fwp%2Fv2%2Fmedia&parent=44679"}],"wp:term":[{"taxonomy":"category","embeddable":true,"href":"http:\/\/folhadosudeste.com\/site\/index.php?rest_route=%2Fwp%2Fv2%2Fcategories&post=44679"},{"taxonomy":"post_tag","embeddable":true,"href":"http:\/\/folhadosudeste.com\/site\/index.php?rest_route=%2Fwp%2Fv2%2Ftags&post=44679"}],"curies":[{"name":"wp","href":"https:\/\/api.w.org\/{rel}","templated":true}]}}