{"id":44790,"date":"2017-10-20T16:40:03","date_gmt":"2017-10-20T16:40:03","guid":{"rendered":"http:\/\/folhadosudeste.com\/site\/?p=44790"},"modified":"2017-10-20T16:40:03","modified_gmt":"2017-10-20T16:40:03","slug":"1a-cavalgada-da-fazenda-fortaleza-uma-historia-de-65-anos-sob-direcao-da-familia-nogueira","status":"publish","type":"post","link":"http:\/\/folhadosudeste.com\/site\/?p=44790","title":{"rendered":"1\u00aa CAVALGADA DA FAZENDA FORTALEZA: UMA HIST\u00d3RIA DE 65 ANOS SOB DIRE\u00c7\u00c3O DA FAM\u00cdLIA NOGUEIRA"},"content":{"rendered":"<p style=\"text-align: justify;\"><a href=\"http:\/\/folhadosudeste.com\/site\/wp-content\/uploads\/2017\/10\/CAVALGADA-FORTALEZA.jpg\"><img loading=\"lazy\" decoding=\"async\" class=\"aligncenter size-full wp-image-44791\" src=\"http:\/\/folhadosudeste.com\/site\/wp-content\/uploads\/2017\/10\/CAVALGADA-FORTALEZA.jpg\" alt=\"\" width=\"620\" height=\"243\" srcset=\"http:\/\/folhadosudeste.com\/site\/wp-content\/uploads\/2017\/10\/CAVALGADA-FORTALEZA.jpg 620w, http:\/\/folhadosudeste.com\/site\/wp-content\/uploads\/2017\/10\/CAVALGADA-FORTALEZA-300x118.jpg 300w\" sizes=\"auto, (max-width: 620px) 100vw, 620px\" \/><\/a><\/p>\n<p style=\"text-align: justify;\">No \u00faltimo domingo (15), a Fazenda Fortaleza, localizada em Muria\u00e9, realizou sua 1\u00aa Cavalgada, ao completar, em 2017, 65 anos com sob dire\u00e7\u00e3o da Fam\u00edlia Nogueira (desde 1952), tendo como seus fortes o caf\u00e9, o arroz e o leite e tamb\u00e9m criavam cavalos para passeio. A cavalgada saiu da Fazenda Boa Vista (da Dona Ieda), passando pela Fazenda Eldorado, at\u00e9 voltar para a Fazenda Fortaleza, onde aconteceu o almo\u00e7o de confraterniza\u00e7\u00e3o e leil\u00e3o beneficente (bezerros, muares, equ\u00eddeos e prendas).<\/p>\n<p style=\"text-align: justify;\">Ismar Nogueira Calcagno, propriet\u00e1rio da Fazenda, explica que o objetivo da 1\u00aa Cavalgada \u00e9 tentar fazer um circuito de fazendas hist\u00f3ricas e tamb\u00e9m arrecadar fundos para restaurar a Capela Santa Rita de C\u00e1ssia situada no local. <em>\u201cpara revitalizar a hist\u00f3ria de Muria\u00e9 e trazer o turismo para o munic\u00edpio, porque \u00e9 uma hist\u00f3ria que come\u00e7ou em 1891 e todos t\u00eam uma mem\u00f3ria. O percurso foi de 11,5 km, em um evento cultural. Surgiu a ideia de refazer a Capela e a Cavalgada \u00e9 justamente para isso: arrecadar os fundos necess\u00e1rios. Tivemos m\u00fasica ao vivo com Vinicius &amp; Ademir. Quero agradecer a todos que fortaleceram esse evento, Jeane Carla, idealizadora do evento, Carla Simone que ajudou muito, e todos os funcion\u00e1rios da fazenda\u201d,<\/em> afirma.<\/p>\n<p style=\"text-align: justify;\">Solange Nogueira lembra que seu primo Ismar tem o mesmo nome do tio, que dirigiu a fazenda com muito entusiasmo e trabalho, um orgulho para a fam\u00edlia. <em>\u201cComprar essa fazenda n\u00e3o foi f\u00e1cil. Minha m\u00e3e interveio na negocia\u00e7\u00e3o. O antigo dono aceitou a proposta, por isso ela tinha muito orgulho dessa fazenda. \u00c9 muito bom ver essa ideia de reconstruir a igrejinha, com toda a garra, porque ali a neta do meu tio Ismar protagonizou um casamento maravilhoso\u201d,<\/em> completa.<\/p>\n<p>[ngg_images source=&#8221;galleries&#8221; container_ids=&#8221;1157&#8243; display_type=&#8221;photocrati-nextgen_basic_thumbnails&#8221; override_thumbnail_settings=&#8221;0&#8243; thumbnail_width=&#8221;100&#8243; thumbnail_height=&#8221;75&#8243; thumbnail_crop=&#8221;1&#8243; images_per_page=&#8221;0&#8243; number_of_columns=&#8221;0&#8243; ajax_pagination=&#8221;0&#8243; show_all_in_lightbox=&#8221;0&#8243; use_imagebrowser_effect=&#8221;0&#8243; show_slideshow_link=&#8221;1&#8243; slideshow_link_text=&#8221;[Show as slideshow]&#8221; order_by=&#8221;sortorder&#8221; order_direction=&#8221;ASC&#8221; returns=&#8221;included&#8221; maximum_entity_count=&#8221;500&#8243;]<\/p>\n","protected":false},"excerpt":{"rendered":"<p>No \u00faltimo domingo (15), a Fazenda Fortaleza, localizada em Muria\u00e9, realizou sua 1\u00aa Cavalgada, ao completar, em 2017, 65 anos com sob dire\u00e7\u00e3o da Fam\u00edlia Nogueira (desde 1952), tendo como seus fortes o caf\u00e9, o arroz e o leite e tamb\u00e9m criavam cavalos para passeio. A cavalgada saiu da Fazenda Boa Vista (da Dona Ieda), [&hellip;]<\/p>\n","protected":false},"author":2,"featured_media":44791,"comment_status":"open","ping_status":"closed","sticky":false,"template":"","format":"standard","meta":{"_joinchat":[],"footnotes":""},"categories":[1],"tags":[],"class_list":["post-44790","post","type-post","status-publish","format-standard","has-post-thumbnail","hentry","category-sem-categoria"],"_links":{"self":[{"href":"http:\/\/folhadosudeste.com\/site\/index.php?rest_route=\/wp\/v2\/posts\/44790","targetHints":{"allow":["GET"]}}],"collection":[{"href":"http:\/\/folhadosudeste.com\/site\/index.php?rest_route=\/wp\/v2\/posts"}],"about":[{"href":"http:\/\/folhadosudeste.com\/site\/index.php?rest_route=\/wp\/v2\/types\/post"}],"author":[{"embeddable":true,"href":"http:\/\/folhadosudeste.com\/site\/index.php?rest_route=\/wp\/v2\/users\/2"}],"replies":[{"embeddable":true,"href":"http:\/\/folhadosudeste.com\/site\/index.php?rest_route=%2Fwp%2Fv2%2Fcomments&post=44790"}],"version-history":[{"count":1,"href":"http:\/\/folhadosudeste.com\/site\/index.php?rest_route=\/wp\/v2\/posts\/44790\/revisions"}],"predecessor-version":[{"id":44810,"href":"http:\/\/folhadosudeste.com\/site\/index.php?rest_route=\/wp\/v2\/posts\/44790\/revisions\/44810"}],"wp:featuredmedia":[{"embeddable":true,"href":"http:\/\/folhadosudeste.com\/site\/index.php?rest_route=\/wp\/v2\/media\/44791"}],"wp:attachment":[{"href":"http:\/\/folhadosudeste.com\/site\/index.php?rest_route=%2Fwp%2Fv2%2Fmedia&parent=44790"}],"wp:term":[{"taxonomy":"category","embeddable":true,"href":"http:\/\/folhadosudeste.com\/site\/index.php?rest_route=%2Fwp%2Fv2%2Fcategories&post=44790"},{"taxonomy":"post_tag","embeddable":true,"href":"http:\/\/folhadosudeste.com\/site\/index.php?rest_route=%2Fwp%2Fv2%2Ftags&post=44790"}],"curies":[{"name":"wp","href":"https:\/\/api.w.org\/{rel}","templated":true}]}}