{"id":44879,"date":"2017-10-20T20:22:16","date_gmt":"2017-10-20T20:22:16","guid":{"rendered":"http:\/\/folhadosudeste.com\/site\/?p=44879"},"modified":"2017-10-20T20:22:16","modified_gmt":"2017-10-20T20:22:16","slug":"poliana-curte-descanso-em-muriae-apos-vitoria-no-ufc-e-faz-participacao-em-novela-forca-do-querer","status":"publish","type":"post","link":"http:\/\/folhadosudeste.com\/site\/?p=44879","title":{"rendered":"POLIANA CURTE DESCANSO EM MURIA\u00c9 AP\u00d3S VIT\u00d3RIA NO UFC E FAZ PARTICIPA\u00c7\u00c3O EM NOVELA FOR\u00c7A DO QUERER"},"content":{"rendered":"<p style=\"text-align: justify;\"><a href=\"http:\/\/folhadosudeste.com\/site\/wp-content\/uploads\/2017\/10\/POLIANA.jpg\"><img loading=\"lazy\" decoding=\"async\" class=\"aligncenter size-full wp-image-44880\" src=\"http:\/\/folhadosudeste.com\/site\/wp-content\/uploads\/2017\/10\/POLIANA.jpg\" alt=\"\" width=\"620\" height=\"259\" srcset=\"http:\/\/folhadosudeste.com\/site\/wp-content\/uploads\/2017\/10\/POLIANA.jpg 620w, http:\/\/folhadosudeste.com\/site\/wp-content\/uploads\/2017\/10\/POLIANA-300x125.jpg 300w\" sizes=\"auto, (max-width: 620px) 100vw, 620px\" \/><\/a><\/p>\n<p style=\"text-align: justify;\">Depois de brilhar mais uma vez em sua \u00faltima luta, estreando com vit\u00f3ria no UFC, a bela lutadora muriaeense, Poliana Botelho, far\u00e1 nova apari\u00e7\u00e3o na novela das 21h, For\u00e7a do Querer, da Globo, dessa vez em seu \u00faltimo cap\u00edtulo, o qual vai ao ar nessa sexta (20). Poliana aparece nesse epis\u00f3dio enfrentando a policial Jeiza Rocha (Paolla Oliveira), que na trama tamb\u00e9m luta MMA, em uma luta que vale o cintur\u00e3o do UFC. A protagonista da novela conquistaria ent\u00e3o o cintur\u00e3o vencendo a luta em Los Angeles. Poliana j\u00e1 havia gravado as primeiras cenas com Paolla no m\u00eas de junho, quando a personagem estava entrando para o UFC.<\/p>\n<p style=\"text-align: justify;\">Curtindo as f\u00e9rias em Muria\u00e9, Poliana n\u00e3o esconde sua felicidade com a \u00faltima vit\u00f3ria, no UFC real. Segundo ela, \u00e9 como se a carreira tivesse come\u00e7ado agora, o primeiro passo dentro do maior campeonato do mundo. <em>\u201cTenho certeza que muita coisa ainda est\u00e1 por vir, muitas vit\u00f3rias e conquistas. Minha fam\u00edlia sempre esteve apoiando, ajudando no que p\u00f4de. Os f\u00e3s tamb\u00e9m sempre me receberam muito bem, me chamando pra tirar foto, mandando v\u00e1rias mensagens bacanas, entrando em contato comigo, nas redes sociais, o que s\u00f3 me d\u00e1 for\u00e7as para continuar meu trabalho. Por enquanto estou em descanso, pra depois voltar 100%, com mais garra e vontade ainda. N\u00e3o tenho nada agendado por enquanto, s\u00f3 entrevistas e presen\u00e7as VIPs. Nessa etapa, minha maior dificuldade \u00e9 com a quest\u00e3o do peso, pra evitar subidas bruscas. Busco manter sempre pr\u00f3ximo do m\u00e1ximo permitido, n\u00e3o perdendo o foco para depois n\u00e3o ter dificuldades. \u00c9 um grande orgulho levar o nome de Muria\u00e9 para o topo, porque \u00e9 a cidade onde eu nasci, de onde vim\u201d, <\/em>explica.<\/p>\n<p style=\"text-align: justify;\">&nbsp;&nbsp;&nbsp;&nbsp;&nbsp;&nbsp;&nbsp;&nbsp;&nbsp;&nbsp;&nbsp; Com apenas 27 anos de idade, Poliana Botelho Lopes j\u00e1 \u00e9 um fen\u00f4meno nacional e internacional das Artes Marciais Mistas \u2013 o MMA. A jovem lutadora acumula vit\u00f3rias e conquista de cintur\u00f5es em sua carreira. Em todas elas, Poliana faz quest\u00e3o de enaltecer Muria\u00e9, onde nasceu e foi criada. A lutadora iniciou seus treinamentos de Muay Thai em 2012, na pr\u00f3pria cidade, apenas com o objetivo de manter um estilo de vida saud\u00e1vel. Mas o destino j\u00e1 estava tra\u00e7ado: a paix\u00e3o pelo esporte logo fez despertar nela o desejo de seguir carreira profissional. Com o sucesso de suas primeiras lutas, ainda amadoras, Poliana seguiu para a cidade do Rio de Janeiro, para treinar na academia Nova Uni\u00e3o, um dos maiores celeiros de lutadores do Brasil. Ano passado assinou contrato com o UFC, a principal organiza\u00e7\u00e3o de MMA do mundo, em que luta na divis\u00e3o peso-palha, tendo vencido novamente seu confronto, dessa vez no in\u00edcio do m\u00eas de outubro. Poliana foi agraciada no ano passado com a Medalha do M\u00e9rito Muriaeense Jos\u00e9 Alencar e foi, ainda, uma das condutoras da Tocha Ol\u00edmpica Rio 2016, pelas ruas de Muria\u00e9.<\/p>\n<p>[ngg_images source=&#8221;galleries&#8221; container_ids=&#8221;1160&#8243; display_type=&#8221;photocrati-nextgen_basic_thumbnails&#8221; override_thumbnail_settings=&#8221;0&#8243; thumbnail_width=&#8221;100&#8243; thumbnail_height=&#8221;75&#8243; thumbnail_crop=&#8221;1&#8243; images_per_page=&#8221;0&#8243; number_of_columns=&#8221;0&#8243; ajax_pagination=&#8221;0&#8243; show_all_in_lightbox=&#8221;0&#8243; use_imagebrowser_effect=&#8221;0&#8243; show_slideshow_link=&#8221;1&#8243; slideshow_link_text=&#8221;[Show as slideshow]&#8221; order_by=&#8221;sortorder&#8221; order_direction=&#8221;ASC&#8221; returns=&#8221;included&#8221; maximum_entity_count=&#8221;500&#8243;]<\/p>\n","protected":false},"excerpt":{"rendered":"<p>Depois de brilhar mais uma vez em sua \u00faltima luta, estreando com vit\u00f3ria no UFC, a bela lutadora muriaeense, Poliana Botelho, far\u00e1 nova apari\u00e7\u00e3o na novela das 21h, For\u00e7a do Querer, da Globo, dessa vez em seu \u00faltimo cap\u00edtulo, o qual vai ao ar nessa sexta (20). Poliana aparece nesse epis\u00f3dio enfrentando a policial Jeiza [&hellip;]<\/p>\n","protected":false},"author":2,"featured_media":44880,"comment_status":"open","ping_status":"closed","sticky":false,"template":"","format":"standard","meta":{"_joinchat":[],"footnotes":""},"categories":[1],"tags":[],"class_list":["post-44879","post","type-post","status-publish","format-standard","has-post-thumbnail","hentry","category-sem-categoria"],"_links":{"self":[{"href":"http:\/\/folhadosudeste.com\/site\/index.php?rest_route=\/wp\/v2\/posts\/44879","targetHints":{"allow":["GET"]}}],"collection":[{"href":"http:\/\/folhadosudeste.com\/site\/index.php?rest_route=\/wp\/v2\/posts"}],"about":[{"href":"http:\/\/folhadosudeste.com\/site\/index.php?rest_route=\/wp\/v2\/types\/post"}],"author":[{"embeddable":true,"href":"http:\/\/folhadosudeste.com\/site\/index.php?rest_route=\/wp\/v2\/users\/2"}],"replies":[{"embeddable":true,"href":"http:\/\/folhadosudeste.com\/site\/index.php?rest_route=%2Fwp%2Fv2%2Fcomments&post=44879"}],"version-history":[{"count":1,"href":"http:\/\/folhadosudeste.com\/site\/index.php?rest_route=\/wp\/v2\/posts\/44879\/revisions"}],"predecessor-version":[{"id":44891,"href":"http:\/\/folhadosudeste.com\/site\/index.php?rest_route=\/wp\/v2\/posts\/44879\/revisions\/44891"}],"wp:featuredmedia":[{"embeddable":true,"href":"http:\/\/folhadosudeste.com\/site\/index.php?rest_route=\/wp\/v2\/media\/44880"}],"wp:attachment":[{"href":"http:\/\/folhadosudeste.com\/site\/index.php?rest_route=%2Fwp%2Fv2%2Fmedia&parent=44879"}],"wp:term":[{"taxonomy":"category","embeddable":true,"href":"http:\/\/folhadosudeste.com\/site\/index.php?rest_route=%2Fwp%2Fv2%2Fcategories&post=44879"},{"taxonomy":"post_tag","embeddable":true,"href":"http:\/\/folhadosudeste.com\/site\/index.php?rest_route=%2Fwp%2Fv2%2Ftags&post=44879"}],"curies":[{"name":"wp","href":"https:\/\/api.w.org\/{rel}","templated":true}]}}