{"id":44930,"date":"2017-10-24T17:46:39","date_gmt":"2017-10-24T17:46:39","guid":{"rendered":"http:\/\/folhadosudeste.com\/site\/?p=44930"},"modified":"2017-10-24T17:46:39","modified_gmt":"2017-10-24T17:46:39","slug":"inscricoes-para-conferencia-municipal-de-educacao-estao-abertas","status":"publish","type":"post","link":"http:\/\/folhadosudeste.com\/site\/?p=44930","title":{"rendered":"Inscri\u00e7\u00f5es para Confer\u00eancia Municipal de Educa\u00e7\u00e3o est\u00e3o abertas"},"content":{"rendered":"<p align=\"center\"><a href=\"http:\/\/folhadosudeste.com\/site\/wp-content\/uploads\/2017\/10\/Educa\u00e7\u00e3o-1.jpg\"><img loading=\"lazy\" decoding=\"async\" class=\"aligncenter wp-image-44932 size-large\" src=\"http:\/\/folhadosudeste.com\/site\/wp-content\/uploads\/2017\/10\/Educa\u00e7\u00e3o-1-1024x683.jpg\" alt=\"\" width=\"620\" height=\"414\" srcset=\"http:\/\/folhadosudeste.com\/site\/wp-content\/uploads\/2017\/10\/Educa\u00e7\u00e3o-1-1024x683.jpg 1024w, http:\/\/folhadosudeste.com\/site\/wp-content\/uploads\/2017\/10\/Educa\u00e7\u00e3o-1-300x200.jpg 300w, http:\/\/folhadosudeste.com\/site\/wp-content\/uploads\/2017\/10\/Educa\u00e7\u00e3o-1-768x512.jpg 768w, http:\/\/folhadosudeste.com\/site\/wp-content\/uploads\/2017\/10\/Educa\u00e7\u00e3o-1-290x195.jpg 290w, http:\/\/folhadosudeste.com\/site\/wp-content\/uploads\/2017\/10\/Educa\u00e7\u00e3o-1.jpg 1920w\" sizes=\"auto, (max-width: 620px) 100vw, 620px\" \/><\/a><\/p>\n<p class=\"m_-4310545181165994850gmail-MsoNoSpacing\" style=\"text-align: justify;\" align=\"center\"><i>Evento promovido pela Prefeitura em parceria com Superintend\u00eancia Regional de Ensino discutir\u00e1 propostas para melhoria do ensino<\/i><\/p>\n<p class=\"m_-4310545181165994850gmail-MsoNoSpacing\" style=\"text-align: justify;\">Est\u00e3o abertas as inscri\u00e7\u00f5es para a Confer\u00eancia Municipal de Educa\u00e7\u00e3o. O evento, promovido pela Prefeitura de Muria\u00e9, em parceria com a&nbsp;Superintend\u00eancia Regional de Ensino, acontecer\u00e1&nbsp;nos dias 30 e 31 deste m\u00eas. O objetivo \u00e9 apresentar propostas para o monitoramento e efetiva implanta\u00e7\u00e3o do Plano Nacional de Educa\u00e7\u00e3o (PNE), que estabelece metas para a melhoria do ensino.<\/p>\n<p class=\"m_-4310545181165994850gmail-MsoNoSpacing\" style=\"text-align: justify;\">O cadastro \u00e9 gratuito e pode ser feito pelo link&nbsp;<a href=\"https:\/\/goo.gl\/forms\/Q21dlBFNDS9vF8yr2\" target=\"_blank\" rel=\"noopener\" data-saferedirecturl=\"https:\/\/www.google.com\/url?hl=pt-BR&amp;q=https:\/\/goo.gl\/forms\/Q21dlBFNDS9vF8yr2&amp;source=gmail&amp;ust=1508952752226000&amp;usg=AFQjCNHwAKhr1mSf_U2MkZR1jb46OTkJ8g\">https:\/\/goo.gl\/forms\/<wbr>Q21dlBFNDS9vF8yr2<\/a>. No dia 30 (segunda-feira), a abertura acontecer\u00e1 no Anfiteatro do Col\u00e9gio Santa Marcelina, a partir das 18h30min. J\u00e1 o segundo dia de evento ser\u00e1 realizado no Bloco B do Centro Universit\u00e1rio Unifaminas, \u00e0s 8h30min. A entrada \u00e9 gratuita e aberta para profissionais das&nbsp;redes municipal, estadual e privada de ensino, assim como representantes dos movimentos sociais relacionados \u00e0 educa\u00e7\u00e3o.<\/p>\n<p class=\"m_-4310545181165994850gmail-MsoNoSpacing\" style=\"text-align: justify;\">O prefeito Grego afirma que as confer\u00eancias municipais s\u00e3o importantes para discutir, de forma participativa, solu\u00e7\u00f5es para oferecer servi\u00e7os p\u00fablicos de mais qualidade aos muriaeenses. \u201cEventos como este s\u00e3o importantes para que possamos criar pol\u00edticas p\u00fablicas na educa\u00e7\u00e3o mais eficientes, que melhor atendam a popula\u00e7\u00e3o. Com transpar\u00eancia e participa\u00e7\u00e3o estamos construindo um novo caminho para Muria\u00e9\u201d, diz.<\/p>\n<p class=\"m_-4310545181165994850gmail-MsoNoSpacing\" style=\"text-align: justify;\"><b>SERVI\u00c7O:<\/b><\/p>\n<p class=\"m_-4310545181165994850gmail-MsoNoSpacing\" style=\"text-align: justify;\"><b>INSCRI\u00c7\u00d5ES PARA CONFER\u00caNCIA MUNICIPAL DE EDUCA\u00c7\u00c3O:<\/b><\/p>\n<p class=\"m_-4310545181165994850gmail-MsoNoSpacing\" style=\"text-align: justify;\">Endere\u00e7o eletr\u00f4nico:&nbsp;<a href=\"https:\/\/goo.gl\/forms\/Q21dlBFNDS9vF8yr2\" target=\"_blank\" rel=\"noopener\" data-saferedirecturl=\"https:\/\/www.google.com\/url?hl=pt-BR&amp;q=https:\/\/goo.gl\/forms\/Q21dlBFNDS9vF8yr2&amp;source=gmail&amp;ust=1508952752226000&amp;usg=AFQjCNHwAKhr1mSf_U2MkZR1jb46OTkJ8g\">https:\/\/goo.gl\/forms\/<wbr>Q21dlBFNDS9vF8yr2<\/a><\/p>\n<p class=\"m_-4310545181165994850gmail-MsoNoSpacing\" style=\"text-align: justify;\">Mais informa\u00e7\u00f5es na Secretaria Municipal de Educa\u00e7\u00e3o, Esporte e Lazer (localizada no primeiro andar do Centro Administrativo)<\/p>\n<p class=\"m_-4310545181165994850gmail-MsoNoSpacing\" style=\"text-align: justify;\">Telefone: 3729-1233<\/p>\n<p class=\"m_-4310545181165994850gmail-MsoNoSpacing\" style=\"text-align: justify;\">Inscri\u00e7\u00f5es gratuitas<\/p>\n<p class=\"m_-4310545181165994850gmail-MsoNoSpacing\" style=\"text-align: justify;\">&nbsp;<\/p>\n<p class=\"m_-4310545181165994850gmail-MsoNoSpacing\" style=\"text-align: justify;\"><b>DATAS E LOCAIS DO EVENTO:<\/b><\/p>\n<p class=\"m_-4310545181165994850gmail-MsoNoSpacing\" style=\"text-align: justify;\">Dia: 30 de outubro<\/p>\n<p class=\"m_-4310545181165994850gmail-MsoNoSpacing\" style=\"text-align: justify;\">Hor\u00e1rio: \u00e0s 18h30min<\/p>\n<p class=\"m_-4310545181165994850gmail-MsoNoSpacing\" style=\"text-align: justify;\">Local: Anfiteatro do Col\u00e9gio Santa Marcelina (<a href=\"https:\/\/maps.google.com\/?q=Rua+Bar%C3%A3o+do+Monte+Alto,+2&amp;entry=gmail&amp;source=g\">Rua Bar\u00e3o do Monte Alto, 2<\/a>, Centro)<\/p>\n<p class=\"m_-4310545181165994850gmail-MsoNoSpacing\" style=\"text-align: justify;\">Dia: 31 de outubro<\/p>\n<p class=\"m_-4310545181165994850gmail-MsoNoSpacing\" style=\"text-align: justify;\">Hor\u00e1rio: 8h30min<\/p>\n<p class=\"m_-4310545181165994850gmail-MsoNoSpacing\" style=\"text-align: justify;\">Local: Bloco B do Centro Universit\u00e1rio Unifaminas (<a href=\"https:\/\/maps.google.com\/?q=Avenida+Cristiano+Ferreira+Varella,+655&amp;entry=gmail&amp;source=g\">Avenida Cristiano Ferreira Varella, 655<\/a>, bairro Universit\u00e1rio)<\/p>\n<p class=\"m_-4310545181165994850gmail-MsoNoSpacing\" style=\"text-align: justify;\"><i>*Entrada aberta aos profissionais e&nbsp;<\/i><i>representantes<\/i>&nbsp;<i>dos movimentos sociais relacionados \u00e0 educa\u00e7\u00e3o<\/i><\/p>\n","protected":false},"excerpt":{"rendered":"<p>Evento promovido pela Prefeitura em parceria com Superintend\u00eancia Regional de Ensino discutir\u00e1 propostas para melhoria do ensino Est\u00e3o abertas as inscri\u00e7\u00f5es para a Confer\u00eancia Municipal de Educa\u00e7\u00e3o. O evento, promovido pela Prefeitura de Muria\u00e9, em parceria com a&nbsp;Superintend\u00eancia Regional de Ensino, acontecer\u00e1&nbsp;nos dias 30 e 31 deste m\u00eas. O objetivo \u00e9 apresentar propostas para o [&hellip;]<\/p>\n","protected":false},"author":6,"featured_media":44932,"comment_status":"open","ping_status":"closed","sticky":false,"template":"","format":"standard","meta":{"_joinchat":[],"footnotes":""},"categories":[1],"tags":[],"class_list":["post-44930","post","type-post","status-publish","format-standard","has-post-thumbnail","hentry","category-sem-categoria"],"_links":{"self":[{"href":"http:\/\/folhadosudeste.com\/site\/index.php?rest_route=\/wp\/v2\/posts\/44930","targetHints":{"allow":["GET"]}}],"collection":[{"href":"http:\/\/folhadosudeste.com\/site\/index.php?rest_route=\/wp\/v2\/posts"}],"about":[{"href":"http:\/\/folhadosudeste.com\/site\/index.php?rest_route=\/wp\/v2\/types\/post"}],"author":[{"embeddable":true,"href":"http:\/\/folhadosudeste.com\/site\/index.php?rest_route=\/wp\/v2\/users\/6"}],"replies":[{"embeddable":true,"href":"http:\/\/folhadosudeste.com\/site\/index.php?rest_route=%2Fwp%2Fv2%2Fcomments&post=44930"}],"version-history":[{"count":1,"href":"http:\/\/folhadosudeste.com\/site\/index.php?rest_route=\/wp\/v2\/posts\/44930\/revisions"}],"predecessor-version":[{"id":44933,"href":"http:\/\/folhadosudeste.com\/site\/index.php?rest_route=\/wp\/v2\/posts\/44930\/revisions\/44933"}],"wp:featuredmedia":[{"embeddable":true,"href":"http:\/\/folhadosudeste.com\/site\/index.php?rest_route=\/wp\/v2\/media\/44932"}],"wp:attachment":[{"href":"http:\/\/folhadosudeste.com\/site\/index.php?rest_route=%2Fwp%2Fv2%2Fmedia&parent=44930"}],"wp:term":[{"taxonomy":"category","embeddable":true,"href":"http:\/\/folhadosudeste.com\/site\/index.php?rest_route=%2Fwp%2Fv2%2Fcategories&post=44930"},{"taxonomy":"post_tag","embeddable":true,"href":"http:\/\/folhadosudeste.com\/site\/index.php?rest_route=%2Fwp%2Fv2%2Ftags&post=44930"}],"curies":[{"name":"wp","href":"https:\/\/api.w.org\/{rel}","templated":true}]}}