{"id":44934,"date":"2017-10-24T18:57:32","date_gmt":"2017-10-24T18:57:32","guid":{"rendered":"http:\/\/folhadosudeste.com\/site\/?p=44934"},"modified":"2017-10-24T18:57:32","modified_gmt":"2017-10-24T18:57:32","slug":"concurso-premia-melhores-cafes-da-regiao","status":"publish","type":"post","link":"http:\/\/folhadosudeste.com\/site\/?p=44934","title":{"rendered":"Concurso premia melhores caf\u00e9s da regi\u00e3o"},"content":{"rendered":"<p align=\"center\"><a href=\"http:\/\/folhadosudeste.com\/site\/wp-content\/uploads\/2017\/10\/IMG_5624.jpg\"><img loading=\"lazy\" decoding=\"async\" class=\"aligncenter wp-image-44935 size-large\" src=\"http:\/\/folhadosudeste.com\/site\/wp-content\/uploads\/2017\/10\/IMG_5624-1024x611.jpg\" alt=\"\" width=\"620\" height=\"370\" srcset=\"http:\/\/folhadosudeste.com\/site\/wp-content\/uploads\/2017\/10\/IMG_5624-1024x611.jpg 1024w, http:\/\/folhadosudeste.com\/site\/wp-content\/uploads\/2017\/10\/IMG_5624-300x179.jpg 300w, http:\/\/folhadosudeste.com\/site\/wp-content\/uploads\/2017\/10\/IMG_5624-768x458.jpg 768w, http:\/\/folhadosudeste.com\/site\/wp-content\/uploads\/2017\/10\/IMG_5624.jpg 1500w\" sizes=\"auto, (max-width: 620px) 100vw, 620px\" \/><\/a><\/p>\n<p class=\"m_-5072037996475824185gmail-MsoNoSpacing\" style=\"text-align: justify;\" align=\"center\"><i>Evento realizado pela Emater com apoio da Prefeitura valoriza cafeicultores e melhora qualidade do gr\u00e3o<\/i><\/p>\n<p class=\"m_-5072037996475824185gmail-MsoNoSpacing\" style=\"text-align: justify;\">O XVI Concurso Regional de Qualidade dos Caf\u00e9s das Matas de Minas premiou os melhores caf\u00e9s produzidos na regi\u00e3o. A competi\u00e7\u00e3o teve in\u00edcio em mar\u00e7o, com a participa\u00e7\u00e3o de 384 propriedades de 17 munic\u00edpios. A iniciativa, realizada pela Emater com apoio das prefeituras da regi\u00e3o e institui\u00e7\u00f5es ligadas ao setor cafeeiro, tem o objetivo de valorizar os cafeicultores e incentivar a melhoria da qualidade do gr\u00e3o. A premia\u00e7\u00e3o aconteceu na manh\u00e3 desta quinta-feira (19), no Sesc.<\/p>\n<p class=\"m_-5072037996475824185gmail-MsoNoSpacing\" style=\"text-align: justify;\">Os produtores campe\u00f5es nas categorias&nbsp;<span class=\"il\">Caf\u00e9<\/span>&nbsp;Cereja Descascado,&nbsp;<span class=\"il\">Caf\u00e9<\/span>&nbsp;Natural Terras Baixas e&nbsp;<span class=\"il\">Caf\u00e9<\/span>&nbsp;Natural Terras Altas foram agraciados com trof\u00e9u, insumos agr\u00edcolas e equipamentos utilizados na lavoura. A programa\u00e7\u00e3o incluiu tamb\u00e9m palestra sobre a qualidade dos caf\u00e9s da safra de 2017.<\/p>\n<p class=\"m_-5072037996475824185gmail-MsoNoSpacing\" style=\"text-align: justify;\">F\u00e1bio de Abreu, de Espera Feliz, foi o vencedor na categoria Cereja Descascado. \u201cVencer este concurso \u00e9 o reconhecimento do trabalho realizado em nossa propriedade. Estamos trabalhando para melhorar nosso&nbsp;<span class=\"il\">caf\u00e9<\/span>&nbsp;a cada ano\u201d, conta F\u00e1bio, que participa do concurso h\u00e1 oito anos e, ap\u00f3s a terceira coloca\u00e7\u00e3o em 2016, conquistou o primeiro lugar este ano.<\/p>\n<p class=\"m_-5072037996475824185gmail-MsoNoSpacing\" style=\"text-align: justify;\"><b>Concurso incentiva melhoria da qualidade do&nbsp;<span class=\"il\">caf\u00e9<\/span><\/b><\/p>\n<p class=\"m_-5072037996475824185gmail-MsoNoSpacing\" style=\"text-align: justify;\">O gerente regional da Emater, Paulo Alexandre Carvalho, cita a contribui\u00e7\u00e3o do concurso para a melhoria do&nbsp;<span class=\"il\">caf\u00e9<\/span>. \u201cUm dos objetivos deste concurso \u00e9 incentivar o melhoramento da qualidade do&nbsp;<span class=\"il\">caf\u00e9<\/span>&nbsp;produzido na regi\u00e3o. Aprimorando a qualidade, aumenta-se tamb\u00e9m o valor do produto e as chances de concorr\u00eancia no mercado, que est\u00e1 cada vez mais exigente e competitivo. Hoje, o&nbsp;<span class=\"il\">caf\u00e9<\/span>&nbsp;produzido na regi\u00e3o est\u00e1 ganhando concursos nacionais e sendo reconhecido no mundo inteiro\u201d, comenta.&nbsp; &nbsp;<\/p>\n<p class=\"m_-5072037996475824185gmail-MsoNoSpacing\" style=\"text-align: justify;\">Presente no evento, o prefeito Grego frisa que o concurso agrega valor e qualidade aos caf\u00e9s produzidos na regi\u00e3o. \u201cParabenizo todos os cafeicultores participantes deste concurso, principalmente os que venceram. Mais importante do que a quantidade produzida \u00e9 a busca incessante pela qualidade do&nbsp;<span class=\"il\">caf\u00e9<\/span>, para que se possa alcan\u00e7ar mercados, gerando emprego e renda\u201d, diz.<\/p>\n<p class=\"m_-5072037996475824185gmail-MsoNoSpacing\" style=\"text-align: justify;\">&nbsp;<\/p>\n<p class=\"m_-5072037996475824185gmail-MsoNoSpacing\" style=\"text-align: justify;\"><b>Confira os ganhadores de 2017:<\/b><\/p>\n<p class=\"m_-5072037996475824185gmail-MsoNoSpacing\" style=\"text-align: justify;\"><b>Categoria Cereja Descascado:<\/b><\/p>\n<p class=\"m_-5072037996475824185gmail-MsoNoSpacing\" style=\"text-align: justify;\">1\u00ba lugar: F\u00e1bio Prot\u00e1zio de Abreu (Espera Feliz)<\/p>\n<p class=\"m_-5072037996475824185gmail-MsoNoSpacing\" style=\"text-align: justify;\">2\u00ba lugar: Ant\u00f4nio c\u00e9sar Faria Neto (Espera Feliz)<\/p>\n<p class=\"m_-5072037996475824185gmail-MsoNoSpacing\" style=\"text-align: justify;\">3\u00ba lugar: Ant\u00f4nio da Silva Cassim (Eugen\u00f3polis)<\/p>\n<p class=\"m_-5072037996475824185gmail-MsoNoSpacing\" style=\"text-align: justify;\"><b>Categoria Terras Baixas:<\/b><\/p>\n<p class=\"m_-5072037996475824185gmail-MsoNoSpacing\" style=\"text-align: justify;\">1\u00ba lugar: Ant\u00f4nio La\u00e9rcio da Costa (S\u00e3o Sebasti\u00e3o da Vargem Alegre)<\/p>\n<p class=\"m_-5072037996475824185gmail-MsoNoSpacing\" style=\"text-align: justify;\">2\u00ba lugar: Vander Bernardino Sp\u00ednola (Miradouro)<\/p>\n<p class=\"m_-5072037996475824185gmail-MsoNoSpacing\" style=\"text-align: justify;\">3\u00ba lugar: Ana da Penha Ribeiro Laviola (S\u00e3o Francisco do Gl\u00f3ria)<\/p>\n<p class=\"m_-5072037996475824185gmail-MsoNoSpacing\" style=\"text-align: justify;\">4\u00ba lugar: Gilvan Vieira Santana (Divino)<\/p>\n<p class=\"m_-5072037996475824185gmail-MsoNoSpacing\" style=\"text-align: justify;\">5\u00ba lugar: Vilerson Ricardo Laviola (S\u00e3o Francisco do Gl\u00f3ria)<\/p>\n<p class=\"m_-5072037996475824185gmail-MsoNoSpacing\" style=\"text-align: justify;\">6\u00ba lugar: Victor Lopes Alves (Carangola)<\/p>\n<p class=\"m_-5072037996475824185gmail-MsoNoSpacing\" style=\"text-align: justify;\">&nbsp;<\/p>\n<p class=\"m_-5072037996475824185gmail-MsoNoSpacing\" style=\"text-align: justify;\"><b>Categoria Terras Altas:<\/b><\/p>\n<p class=\"m_-5072037996475824185gmail-MsoNoSpacing\" style=\"text-align: justify;\">1\u00ba lugar: Vilma Cristina de Souza (Divino)<\/p>\n<p class=\"m_-5072037996475824185gmail-MsoNoSpacing\" style=\"text-align: justify;\">2\u00ba lugar: Maria Geralda Abreu de Lacerda (Espera Feliz)<\/p>\n<p class=\"m_-5072037996475824185gmail-MsoNoSpacing\" style=\"text-align: justify;\">3\u00ba lugar: Bruno Henrique Ribeiro (Divino)<\/p>\n<p class=\"m_-5072037996475824185gmail-MsoNoSpacing\" style=\"text-align: justify;\">4\u00ba lugar: Jos\u00e9 Alexandre Abreu de Lacerda (Espera Feliz)<\/p>\n<p class=\"m_-5072037996475824185gmail-MsoNoSpacing\" style=\"text-align: justify;\">5\u00ba lugar: Jos\u00e9 Luiz Viana (Divino)<\/p>\n<p class=\"m_-5072037996475824185gmail-MsoNoSpacing\" style=\"text-align: justify;\">6\u00ba lugar: David Gon\u00e7alves (Carangola)<\/p>\n<p>[ngg_images source=&#8221;galleries&#8221; container_ids=&#8221;1162&#8243; display_type=&#8221;photocrati-nextgen_basic_thumbnails&#8221; override_thumbnail_settings=&#8221;0&#8243; thumbnail_width=&#8221;100&#8243; thumbnail_height=&#8221;75&#8243; thumbnail_crop=&#8221;1&#8243; images_per_page=&#8221;0&#8243; number_of_columns=&#8221;0&#8243; ajax_pagination=&#8221;0&#8243; show_all_in_lightbox=&#8221;0&#8243; use_imagebrowser_effect=&#8221;0&#8243; show_slideshow_link=&#8221;1&#8243; slideshow_link_text=&#8221;[Show as slideshow]&#8221; order_by=&#8221;sortorder&#8221; order_direction=&#8221;ASC&#8221; returns=&#8221;included&#8221; maximum_entity_count=&#8221;500&#8243;]<\/p>\n","protected":false},"excerpt":{"rendered":"<p>Evento realizado pela Emater com apoio da Prefeitura valoriza cafeicultores e melhora qualidade do gr\u00e3o O XVI Concurso Regional de Qualidade dos Caf\u00e9s das Matas de Minas premiou os melhores caf\u00e9s produzidos na regi\u00e3o. A competi\u00e7\u00e3o teve in\u00edcio em mar\u00e7o, com a participa\u00e7\u00e3o de 384 propriedades de 17 munic\u00edpios. A iniciativa, realizada pela Emater com [&hellip;]<\/p>\n","protected":false},"author":6,"featured_media":44935,"comment_status":"open","ping_status":"closed","sticky":false,"template":"","format":"standard","meta":{"_joinchat":[],"footnotes":""},"categories":[1],"tags":[],"class_list":["post-44934","post","type-post","status-publish","format-standard","has-post-thumbnail","hentry","category-sem-categoria"],"_links":{"self":[{"href":"http:\/\/folhadosudeste.com\/site\/index.php?rest_route=\/wp\/v2\/posts\/44934","targetHints":{"allow":["GET"]}}],"collection":[{"href":"http:\/\/folhadosudeste.com\/site\/index.php?rest_route=\/wp\/v2\/posts"}],"about":[{"href":"http:\/\/folhadosudeste.com\/site\/index.php?rest_route=\/wp\/v2\/types\/post"}],"author":[{"embeddable":true,"href":"http:\/\/folhadosudeste.com\/site\/index.php?rest_route=\/wp\/v2\/users\/6"}],"replies":[{"embeddable":true,"href":"http:\/\/folhadosudeste.com\/site\/index.php?rest_route=%2Fwp%2Fv2%2Fcomments&post=44934"}],"version-history":[{"count":1,"href":"http:\/\/folhadosudeste.com\/site\/index.php?rest_route=\/wp\/v2\/posts\/44934\/revisions"}],"predecessor-version":[{"id":45080,"href":"http:\/\/folhadosudeste.com\/site\/index.php?rest_route=\/wp\/v2\/posts\/44934\/revisions\/45080"}],"wp:featuredmedia":[{"embeddable":true,"href":"http:\/\/folhadosudeste.com\/site\/index.php?rest_route=\/wp\/v2\/media\/44935"}],"wp:attachment":[{"href":"http:\/\/folhadosudeste.com\/site\/index.php?rest_route=%2Fwp%2Fv2%2Fmedia&parent=44934"}],"wp:term":[{"taxonomy":"category","embeddable":true,"href":"http:\/\/folhadosudeste.com\/site\/index.php?rest_route=%2Fwp%2Fv2%2Fcategories&post=44934"},{"taxonomy":"post_tag","embeddable":true,"href":"http:\/\/folhadosudeste.com\/site\/index.php?rest_route=%2Fwp%2Fv2%2Ftags&post=44934"}],"curies":[{"name":"wp","href":"https:\/\/api.w.org\/{rel}","templated":true}]}}