{"id":45146,"date":"2017-10-27T13:00:57","date_gmt":"2017-10-27T13:00:57","guid":{"rendered":"http:\/\/folhadosudeste.com\/site\/?p=45146"},"modified":"2017-10-27T13:03:19","modified_gmt":"2017-10-27T13:03:19","slug":"sicoob-credisudeste-apoia-concurso-regional-de-qualidade-dos-cafes-das-matas-de-minas","status":"publish","type":"post","link":"http:\/\/folhadosudeste.com\/site\/?p=45146","title":{"rendered":"SOLENIDADE DE ENCERRAMENTO E PREMIA\u00c7\u00c3O DO XVI CONCURSO REGIONAL DE QUALIDADE DOS CAF\u00c9S DA MATAS DE MINAS \u2013 REGI\u00c3O MURIA\u00c9"},"content":{"rendered":"<p style=\"text-align: justify;\"><a href=\"http:\/\/folhadosudeste.com\/site\/wp-content\/uploads\/2017\/10\/EMATER.jpg\"><img loading=\"lazy\" decoding=\"async\" class=\"size-full wp-image-45147 aligncenter\" src=\"http:\/\/folhadosudeste.com\/site\/wp-content\/uploads\/2017\/10\/EMATER.jpg\" alt=\"\" width=\"620\" height=\"202\" srcset=\"http:\/\/folhadosudeste.com\/site\/wp-content\/uploads\/2017\/10\/EMATER.jpg 620w, http:\/\/folhadosudeste.com\/site\/wp-content\/uploads\/2017\/10\/EMATER-300x98.jpg 300w\" sizes=\"auto, (max-width: 620px) 100vw, 620px\" \/><\/a><\/p>\n<p style=\"text-align: justify;\">No dia 19\/10, foi realizada a Solenidade de Encerramento e Premia\u00e7\u00e3o do XVI Concurso Regional de Qualidade dos Caf\u00e9s da Matas de Minas \u2013 Regi\u00e3o Muria\u00e9, no Restaurante Serra do Sol do SESC, com a presen\u00e7a de v\u00e1rios produtores, representantes de entidades ligadas \u00e0 atividade agropecu\u00e1ria, como a EMATER MG (representada por seu gerente regional, Paulo Alexandre Carvalho, e o agr\u00f4nomo Rob\u00e9rio Torres, entre outros). Concorreram cerca de 385 produtores rurais. O evento contou com caf\u00e9 da manh\u00e3 e almo\u00e7o.<\/p>\n<p style=\"text-align: justify;\">Segundo Jo\u00e3o Carlos Cabral, Carlinhos Cabral, prefeito de Espera Feliz desde 2013, a cidade vem ganhando com um dos melhores caf\u00e9s do Brasil, se destacando. <em>\u201cJunto com a Emater e Secretaria de Agricultura, a cada dia estamos fazendo o melhor para nosso munic\u00edpio. \u00c9 um prazer muito grande presenciar novamente Espera Feliz no topo, com nossos ganhadores. Queremos agradecer a Emater e principalmente aos produtores, n\u00e3o s\u00f3 da nossa cidade, mas de toda regi\u00e3o. Desejo que cada vez continuem fazendo um caf\u00e9 de melhor qualidade\u201d,<\/em> exp\u00f5e.<\/p>\n<p style=\"text-align: justify;\">Para F\u00e1bio Abreu, da Comunidade Futura do Rio, \u00e9 uma alegria muito imensa chegar a esse n\u00edvel, pois a vida na ro\u00e7a \u00e9 muito sofrida, mas com empenho e o apoio necess\u00e1rio, \u00e9 poss\u00edvel at\u00e9 mesmo exportar para os grandes pa\u00edses.<\/p>\n<p style=\"text-align: justify;\">Ricardo Tadeu Galv\u00e3o Pereira, coordenador t\u00e9cnico regional, explica que esse evento busca despertar os produtores para a produ\u00e7\u00e3o de alta qualidade. <em>\u201cNossa regi\u00e3o tem caracter\u00edsticas privilegiadas para produ\u00e7\u00e3o de caf\u00e9 e muitos produtores n\u00e3o ficam sabendo dessas caracter\u00edsticas. Agradecemos aos parceiros que possibilitam a cada ano que as amostras sejam melhores\u201d<\/em>, completa.<\/p>\n<p style=\"text-align: justify;\">Confira a classifica\u00e7\u00e3o nas 3 modalidades (as cidades de Divino e Espera Feliz ficaram, respectivamente, com 5 e 3 premia\u00e7\u00f5es, totalizando 8, e os demais munic\u00edpios vencedores foram S\u00e3o Francisco do Gl\u00f3ria, Carangola, S\u00e3o Sebasti\u00e3o da Vargem Alegre, Miradouro e Eugen\u00f3polis):<\/p>\n<p style=\"text-align: justify;\"><strong>CAF\u00c9 DAS TERRAS BAIXAS &#8211; AT\u00c9 900 METROS:<\/strong> 1\u00ba Lugar:&nbsp;Ant\u00f4nio La\u00e9rcio da Costa \u2013 S.S. da Vargem Alegre.&nbsp;2\u00ba Lugar:&nbsp;Vander Bernardino Spinola \u2013 Miradouro.&nbsp;3\u00ba Lugar:&nbsp;Ana da Penha Ribeiro Laviola \u2013 S. F. do Gl\u00f3ria.&nbsp;4\u00ba Lugar:&nbsp;Gilvan Vieira Santana \u2013 Divino.&nbsp;5\u00ba Lugar:&nbsp;Vilerson Ricardo Laviola \u2013 S.F. do Gl\u00f3ria.&nbsp;6\u00ba Lugar:&nbsp;Victor Lopes Alves \u2013 Carangola<\/p>\n<p style=\"text-align: justify;\"><strong>CAF\u00c9 DAS TERRA ALTAS &#8211; ACIMA DE 900 METROS:<\/strong> 1\u00ba Lugar:&nbsp;Vilma Cristina de Souza &#8211; Divino.&nbsp;2\u00ba Lugar:&nbsp;Vilma Cristina de Souza &#8211; Divino.&nbsp;3\u00ba Lugar:Bruno Henrique Ribeiro &#8211; Divino.&nbsp;4\u00ba Lugar:&nbsp;Jos\u00e9 Alexandre Abreu de Lacerda &#8211; Espera Feliz.&nbsp;5\u00ba Lugar:&nbsp;Jos\u00e9 Luiz Viana &#8211; Divino.&nbsp;6\u00ba Lugar:&nbsp;David Gon\u00e7alves &#8211; Carangola.<\/p>\n<p style=\"text-align: justify;\"><strong>CAF\u00c9 CEREJA DESCASCADO:<\/strong> 1\u00ba Lugar: F\u00e1bio Protazio de Abreu \u2013 Espera Feliz; &nbsp;2\u00ba Lugar: Ant\u00f4nio C\u00e9sar Faria Neto \u2013 Espera Feliz; 3\u00ba Lugar: Ant\u00f4nio da Silva Cassim \u2013 Eugen\u00f3polis.<\/p>\n<p style=\"text-align: justify;\"><strong>Sicoob Credisudeste Apoia Concurso Regional De Qualidade Dos Caf\u00e9s Das Matas De Minas<\/strong><\/p>\n<p style=\"text-align: justify;\">O evento teve a participa\u00e7\u00e3o do SICOOB CREDISUDESTE, que est\u00e1 sempre pronto para apoiar iniciativas ligadas ao desenvolvimento regional, especialmente as voltadas para a agropecu\u00e1ria. Os objetivos do evento foram: identificar, promover e premiar os cafeicultores, pela obten\u00e7\u00e3o de caf\u00e9s de qualidade, incentivar a constante melhoria da qualidade como meio mais eficaz na conquista de mercados, agregar valores ao produto e atender \u00e0 crescente demanda por produtos diferenciados.<\/p>\n<p style=\"text-align: justify;\">Segundo Clodoaldo Heitor, gerente de neg\u00f3cios SICOOB CREDISUDESTE \u2013 Ag\u00eancia Muria\u00e9, \u00e9 uma honra ser parceiro deste evento, pois a cooperativa est\u00e1 sempre presente prestigiando e apoiando iniciativas como essa. \u201cComo uma cooperativa de cr\u00e9dito, nossa filosofia realmente visa o desenvolvimento local e somos parceiros da Emater de longa data. Atrav\u00e9s de concursos como esse, os caf\u00e9s da nossa regi\u00e3o est\u00e3o ganhando o mundo, divulgando assim nosso produto e nossa regi\u00e3o\u201d, afirma.<\/p>\n<p style=\"text-align: justify;\"><strong>Munic\u00edpio de Divino se destaca no Concurso Regional de Qualidade dos Caf\u00e9s da Matas de Minas \u2013 Regi\u00e3o Muria\u00e9<\/strong><\/p>\n<p style=\"text-align: justify;\">O munic\u00edpio de Divino deu um verdadeiro show no \u2018Encerramento e Premia\u00e7\u00e3o do XVI Concurso Regional de Qualidade dos Caf\u00e9s da Matas de Minas \u2013 Regi\u00e3o Muria\u00e9\u2019, que aconteceu no dia 19 de outubro realizado pela Emater MG, no Restaurante Serra do Sol do SESC. A cidade conquistou 5 pr\u00eamios: na categoria \u2018Terras Baixas \u2013 at\u00e9 900m\u2019 o 4\u00ba Lugar com Gilvan Vieira Santana e na categoria \u2018Terras Altas \u2013 acima de 900m\u2019 o 1\u00ba e 2\u00ba lugar com Vilma Cristina de Souza, o 3\u00ba lugar com Bruno Henrique Ribeiro e o 5\u00ba lugar com Jos\u00e9 Luiz Viana. Divino foi o munic\u00edpio que conquistou o maior n\u00famero de premia\u00e7\u00f5es nesta edi\u00e7\u00e3o, mostrando sua for\u00e7a no segmento da agropecu\u00e1ria.<\/p>\n<p style=\"text-align: justify;\">Segundo Gilvan Pinheiro de Faria, prefeito de Divino, foi uma satisfa\u00e7\u00e3o e alegria participar, com sua cidade se destacando mais na parte de Agricultura, pois, quando entrou no governo, este segmento estava vinculado ao Meio Ambiente, e dessa forma n\u00e3o sobressairia, ent\u00e3o nomeou um secret\u00e1rio municipal para cada pasta. <em>\u201cFelizmente pudemos fazer com que as pessoas da Zona Rural trabalhassem mais animados e o resultado veio com este evento, mostrando um trabalho de parceria da Prefeitura com a Emater, Secretaria de Agricultura, e todos os colaboradores envolvidos direta e indiretamente com o munic\u00edpio. O caf\u00e9 hoje \u00e9 um ponto forte, mas leite tamb\u00e9m tem sido um grande avan\u00e7o para o Sistema Balde Cheio, no qual muitos est\u00e3o investindo e os resultados est\u00e3o vindo. Tem que ter esse incentivo ao produtor e estamos trabalhando com outros meios de produ\u00e7\u00e3o, possibilitando grandes conquistas para a regi\u00e3o. Os desafios t\u00eam sido grandes, com muitas dificuldades, principalmente vindas da pol\u00edtica nacional, mas vamos ajustando e temos conseguido bons resultados\u201d,<\/em> afirma.<\/p>\n<p style=\"text-align: justify;\">&nbsp;<\/p>\n<p style=\"text-align: justify;\">&nbsp;<\/p>\n<p>[ngg_images source=&#8221;galleries&#8221; container_ids=&#8221;1165&#8243; display_type=&#8221;photocrati-nextgen_basic_thumbnails&#8221; override_thumbnail_settings=&#8221;0&#8243; thumbnail_width=&#8221;100&#8243; thumbnail_height=&#8221;75&#8243; thumbnail_crop=&#8221;1&#8243; images_per_page=&#8221;0&#8243; number_of_columns=&#8221;0&#8243; ajax_pagination=&#8221;0&#8243; show_all_in_lightbox=&#8221;0&#8243; use_imagebrowser_effect=&#8221;0&#8243; show_slideshow_link=&#8221;1&#8243; slideshow_link_text=&#8221;[Show as slideshow]&#8221; order_by=&#8221;sortorder&#8221; order_direction=&#8221;ASC&#8221; returns=&#8221;included&#8221; maximum_entity_count=&#8221;500&#8243;]<\/p>\n","protected":false},"excerpt":{"rendered":"<p>No dia 19\/10, foi realizada a Solenidade de Encerramento e Premia\u00e7\u00e3o do XVI Concurso Regional de Qualidade dos Caf\u00e9s da Matas de Minas \u2013 Regi\u00e3o Muria\u00e9, no Restaurante Serra do Sol do SESC, com a presen\u00e7a de v\u00e1rios produtores, representantes de entidades ligadas \u00e0 atividade agropecu\u00e1ria, como a EMATER MG (representada por seu gerente regional, [&hellip;]<\/p>\n","protected":false},"author":2,"featured_media":45147,"comment_status":"open","ping_status":"closed","sticky":false,"template":"","format":"standard","meta":{"_joinchat":[],"footnotes":""},"categories":[1],"tags":[],"class_list":["post-45146","post","type-post","status-publish","format-standard","has-post-thumbnail","hentry","category-sem-categoria"],"_links":{"self":[{"href":"http:\/\/folhadosudeste.com\/site\/index.php?rest_route=\/wp\/v2\/posts\/45146","targetHints":{"allow":["GET"]}}],"collection":[{"href":"http:\/\/folhadosudeste.com\/site\/index.php?rest_route=\/wp\/v2\/posts"}],"about":[{"href":"http:\/\/folhadosudeste.com\/site\/index.php?rest_route=\/wp\/v2\/types\/post"}],"author":[{"embeddable":true,"href":"http:\/\/folhadosudeste.com\/site\/index.php?rest_route=\/wp\/v2\/users\/2"}],"replies":[{"embeddable":true,"href":"http:\/\/folhadosudeste.com\/site\/index.php?rest_route=%2Fwp%2Fv2%2Fcomments&post=45146"}],"version-history":[{"count":3,"href":"http:\/\/folhadosudeste.com\/site\/index.php?rest_route=\/wp\/v2\/posts\/45146\/revisions"}],"predecessor-version":[{"id":45184,"href":"http:\/\/folhadosudeste.com\/site\/index.php?rest_route=\/wp\/v2\/posts\/45146\/revisions\/45184"}],"wp:featuredmedia":[{"embeddable":true,"href":"http:\/\/folhadosudeste.com\/site\/index.php?rest_route=\/wp\/v2\/media\/45147"}],"wp:attachment":[{"href":"http:\/\/folhadosudeste.com\/site\/index.php?rest_route=%2Fwp%2Fv2%2Fmedia&parent=45146"}],"wp:term":[{"taxonomy":"category","embeddable":true,"href":"http:\/\/folhadosudeste.com\/site\/index.php?rest_route=%2Fwp%2Fv2%2Fcategories&post=45146"},{"taxonomy":"post_tag","embeddable":true,"href":"http:\/\/folhadosudeste.com\/site\/index.php?rest_route=%2Fwp%2Fv2%2Ftags&post=45146"}],"curies":[{"name":"wp","href":"https:\/\/api.w.org\/{rel}","templated":true}]}}