{"id":45185,"date":"2017-10-27T13:06:04","date_gmt":"2017-10-27T13:06:04","guid":{"rendered":"http:\/\/folhadosudeste.com\/site\/?p=45185"},"modified":"2017-10-27T13:06:04","modified_gmt":"2017-10-27T13:06:04","slug":"festa-da-primavera-da-comunidade-sao-jose-operario","status":"publish","type":"post","link":"http:\/\/folhadosudeste.com\/site\/?p=45185","title":{"rendered":"FESTA DA PRIMAVERA DA COMUNIDADE S\u00c3O JOS\u00c9 OPER\u00c1RIO"},"content":{"rendered":"<p style=\"text-align: justify;\"><a href=\"http:\/\/folhadosudeste.com\/site\/wp-content\/uploads\/2017\/10\/FESTA-DA-PRIMAVERA.jpg\"><img loading=\"lazy\" decoding=\"async\" class=\"aligncenter size-full wp-image-45186\" src=\"http:\/\/folhadosudeste.com\/site\/wp-content\/uploads\/2017\/10\/FESTA-DA-PRIMAVERA.jpg\" alt=\"\" width=\"620\" height=\"253\" srcset=\"http:\/\/folhadosudeste.com\/site\/wp-content\/uploads\/2017\/10\/FESTA-DA-PRIMAVERA.jpg 620w, http:\/\/folhadosudeste.com\/site\/wp-content\/uploads\/2017\/10\/FESTA-DA-PRIMAVERA-300x122.jpg 300w\" sizes=\"auto, (max-width: 620px) 100vw, 620px\" \/><\/a><\/p>\n<p style=\"text-align: justify;\">Na noite de s\u00e1bado (21), foi realizada a tradicional Festa da Primavera, na Comunidade S\u00e3o Jos\u00e9 Oper\u00e1rio- Par\u00f3quia Santa Cruz (Safira). O evento contou com o Desfile do Garoto e Garota Primavera, concurso que elege os jovens participantes (6-18 anos) mais talentosos na moda, de ambos os sexos, al\u00e9m do desfile das roupas das lojas patrocinadoras. Segundo Maria Aparecida de Oliveira Matos (Cida), vice-coordenadora da Comunidade S\u00e3o Jos\u00e9 Oper\u00e1rio, componente da Equipe de Festas (que conta com cerca de 50 pessoas das pastorais), esse \u00e9 um evento que d\u00e1 uma oportunidade aos jovens e adolescentes para a \u00e1rea da moda. <em>\u201cAlguns que j\u00e1 participaram conosco j\u00e1 est\u00e3o at\u00e9 trabalhando em S\u00e3o Paulo. Acabamos incentivando talentos\u201d,<\/em> explica.<\/p>\n<p style=\"text-align: justify;\">De acordo com Sebasti\u00e3o Martins, coordenador administrativo, componente de uma equipe de sete pessoas que tomam as decis\u00f5es em conjunto, esse \u00e9 um evento para arrecadar fundos para o projeto de amplia\u00e7\u00e3o da igreja (incluindo salas de Catequese) e do sal\u00e3o de festas. Ele mostrou sua satisfa\u00e7\u00e3o com a participa\u00e7\u00e3o das 450-500 pessoas presentes, participando tamb\u00e9m do bingo (2 bezerros, 1 leitoa assada, 1 faqueiro, 1 panela el\u00e9trica e um conjunto de 20 cristais), todos os pr\u00eamios doados por patrocinadores \u2013 pessoas e empres\u00e1rios que participam da comunidade. <em>\u201cAgradecemos tamb\u00e9m o apoio do p\u00e1roco Pe. Paulo Roberto, pois tivemos a sorte e privil\u00e9gio de receb\u00ea-lo, com seu trabalho de evangeliza\u00e7\u00e3o, incentivo e apoio, caminhando junto conosco, um trabalho excelente em t\u00e3o pouco tempo. N\u00e3o podemos esquecer de agradecer tamb\u00e9m os outros padres que passaram por aqui e tamb\u00e9m deixaram sua contribui\u00e7\u00e3o. E o Pe. Elcio, tamb\u00e9m servindo e ajudando a comunidade\u201d,<\/em> completa.<\/p>\n<p>[ngg_images source=&#8221;galleries&#8221; container_ids=&#8221;1166&#8243; display_type=&#8221;photocrati-nextgen_basic_thumbnails&#8221; override_thumbnail_settings=&#8221;0&#8243; thumbnail_width=&#8221;100&#8243; thumbnail_height=&#8221;75&#8243; thumbnail_crop=&#8221;1&#8243; images_per_page=&#8221;0&#8243; number_of_columns=&#8221;0&#8243; ajax_pagination=&#8221;0&#8243; show_all_in_lightbox=&#8221;0&#8243; use_imagebrowser_effect=&#8221;0&#8243; show_slideshow_link=&#8221;1&#8243; slideshow_link_text=&#8221;[Show as slideshow]&#8221; order_by=&#8221;sortorder&#8221; order_direction=&#8221;ASC&#8221; returns=&#8221;included&#8221; maximum_entity_count=&#8221;500&#8243;]<\/p>\n","protected":false},"excerpt":{"rendered":"<p>Na noite de s\u00e1bado (21), foi realizada a tradicional Festa da Primavera, na Comunidade S\u00e3o Jos\u00e9 Oper\u00e1rio- Par\u00f3quia Santa Cruz (Safira). O evento contou com o Desfile do Garoto e Garota Primavera, concurso que elege os jovens participantes (6-18 anos) mais talentosos na moda, de ambos os sexos, al\u00e9m do desfile das roupas das lojas [&hellip;]<\/p>\n","protected":false},"author":2,"featured_media":45186,"comment_status":"open","ping_status":"closed","sticky":false,"template":"","format":"standard","meta":{"_joinchat":[],"footnotes":""},"categories":[1],"tags":[],"class_list":["post-45185","post","type-post","status-publish","format-standard","has-post-thumbnail","hentry","category-sem-categoria"],"_links":{"self":[{"href":"http:\/\/folhadosudeste.com\/site\/index.php?rest_route=\/wp\/v2\/posts\/45185","targetHints":{"allow":["GET"]}}],"collection":[{"href":"http:\/\/folhadosudeste.com\/site\/index.php?rest_route=\/wp\/v2\/posts"}],"about":[{"href":"http:\/\/folhadosudeste.com\/site\/index.php?rest_route=\/wp\/v2\/types\/post"}],"author":[{"embeddable":true,"href":"http:\/\/folhadosudeste.com\/site\/index.php?rest_route=\/wp\/v2\/users\/2"}],"replies":[{"embeddable":true,"href":"http:\/\/folhadosudeste.com\/site\/index.php?rest_route=%2Fwp%2Fv2%2Fcomments&post=45185"}],"version-history":[{"count":1,"href":"http:\/\/folhadosudeste.com\/site\/index.php?rest_route=\/wp\/v2\/posts\/45185\/revisions"}],"predecessor-version":[{"id":45213,"href":"http:\/\/folhadosudeste.com\/site\/index.php?rest_route=\/wp\/v2\/posts\/45185\/revisions\/45213"}],"wp:featuredmedia":[{"embeddable":true,"href":"http:\/\/folhadosudeste.com\/site\/index.php?rest_route=\/wp\/v2\/media\/45186"}],"wp:attachment":[{"href":"http:\/\/folhadosudeste.com\/site\/index.php?rest_route=%2Fwp%2Fv2%2Fmedia&parent=45185"}],"wp:term":[{"taxonomy":"category","embeddable":true,"href":"http:\/\/folhadosudeste.com\/site\/index.php?rest_route=%2Fwp%2Fv2%2Fcategories&post=45185"},{"taxonomy":"post_tag","embeddable":true,"href":"http:\/\/folhadosudeste.com\/site\/index.php?rest_route=%2Fwp%2Fv2%2Ftags&post=45185"}],"curies":[{"name":"wp","href":"https:\/\/api.w.org\/{rel}","templated":true}]}}