{"id":45214,"date":"2017-10-27T13:08:27","date_gmt":"2017-10-27T13:08:27","guid":{"rendered":"http:\/\/folhadosudeste.com\/site\/?p=45214"},"modified":"2017-10-27T13:08:27","modified_gmt":"2017-10-27T13:08:27","slug":"bairro-santa-terezinha-celebra-o-dia-de-frei-galvao","status":"publish","type":"post","link":"http:\/\/folhadosudeste.com\/site\/?p=45214","title":{"rendered":"BAIRRO SANTA TEREZINHA CELEBRA O DIA DE FREI GALV\u00c3O"},"content":{"rendered":"<p style=\"text-align: justify;\"><a href=\"http:\/\/folhadosudeste.com\/site\/wp-content\/uploads\/2017\/10\/FREI-GALV\u00c3O.jpg\"><img loading=\"lazy\" decoding=\"async\" class=\"aligncenter size-full wp-image-45215\" src=\"http:\/\/folhadosudeste.com\/site\/wp-content\/uploads\/2017\/10\/FREI-GALV\u00c3O.jpg\" alt=\"\" width=\"620\" height=\"256\" srcset=\"http:\/\/folhadosudeste.com\/site\/wp-content\/uploads\/2017\/10\/FREI-GALV\u00c3O.jpg 620w, http:\/\/folhadosudeste.com\/site\/wp-content\/uploads\/2017\/10\/FREI-GALV\u00c3O-300x124.jpg 300w\" sizes=\"auto, (max-width: 620px) 100vw, 620px\" \/><\/a><\/p>\n<p style=\"text-align: justify;\">A Comunidade Santo Antonio de Sant\u2019ana Galv\u00e3o (bairro Santa Terezinha), esteve em festa na noite da \u00faltima quarta (25), dia em que os fi\u00e9is rendem homenagens ao santo que d\u00e1 nome \u00e0 comunidade. A data 25\/10 marca os 10 anos de canoniza\u00e7\u00e3o de Frei Galv\u00e3o, por isso o bairro comemorou seu dia com grande participa\u00e7\u00e3o e devo\u00e7\u00e3o do povo, recebendo as b\u00ean\u00e7\u00e3os durante a Santa Missa presidida pelo Pe. Carlos Henrique Mariosa, P\u00e1roco da Par\u00f3quia Nossa Senhora Aparecida do Porto, que atende tamb\u00e9m os bairros vizinhos. Na ocasi\u00e3o, outras comunidades tamb\u00e9m estiveram presentes, confraternizando com bingos e saboreando as del\u00edcias preparadas pela equipe da cozinha.<\/p>\n<p style=\"text-align: justify;\"><em>\u201cComemorar o dia de Frei Galv\u00e3o significa encher nossos cora\u00e7\u00f5es de alegria e esperan\u00e7a. Apesar das guerras e trevas vivenciadas na atualidade, ele nos apresenta a alegria e a esperan\u00e7a, a paz, a uni\u00e3o e o amor, que sobressaem muito mais do que essas imagens negativas que o mundo nos traz. Deixamos nossos parab\u00e9ns \u00e0 Soninha, l\u00edder da Comunidade Frei Galv\u00e3o, se destacando na simplicidade e humildade. Como o pr\u00f3prio nome j\u00e1 diz, \u00e9 uma jun\u00e7\u00e3o de \u2018comum\u2019 \u2018uni\u00e3o\u2019 e \u2018unidade\u2019. Comemoramos com muito entusiasmo essa extens\u00e3o da Eucaristia\u201d,<\/em> afirma.&nbsp;<\/p>\n<p style=\"text-align: justify;\"><strong>A hist\u00f3ria de vida de Frei Galv\u00e3o<\/strong><\/p>\n<p style=\"text-align: justify;\">Ant\u00f4nio de Sant\u2019Anna Galv\u00e3o, popularmente conhecido como&nbsp;Frei Galv\u00e3o,&nbsp;nasceu no dia 10 de maio de 1739, na atual cidade de Guaratinguet\u00e1 (SP). Seu ambiente familiar era profundamente religioso e viveu com seus irm\u00e3os numa casa grande e rica, pois seus pais gozavam de prest\u00edgio social e influ\u00eancia pol\u00edtica. Trabalhou como oper\u00e1rio de constru\u00e7\u00e3o e servente de carpinteiro, tendo seu nome recorrido por estes profissionais para aben\u00e7oar o trabalho. Ficou \u00f3rf\u00e3o muito cedo e seu cora\u00e7\u00e3o foi tocado para seguir os passos de Jesus Cristo, sendo frade franciscano. Sempre foi modelo de ora\u00e7\u00e3o, uma pessoa que gostava de visitar os doentes e tinha um carinho muito grande com o pr\u00f3ximo. Mostrou que a santidade come\u00e7a de ber\u00e7o, com uma fam\u00edlia de muita religiosidade e ora\u00e7\u00e3o.<\/p>\n<p style=\"text-align: justify;\">Foi envidado, aos 13 anos, \u00e0 Bahia, a fim de estudar no semin\u00e1rio dos padres jesu\u00edtas. Em 1760, ingressou no noviciado da Prov\u00edncia Franciscana da Imaculada Concei\u00e7\u00e3o, no Convento de S\u00e3o Boaventura do Macacu, na Capitania do Rio de Janeiro. Foi ordenado sacerdote no dia 11 de julho de 1762, sendo transferido para o Convento de S\u00e3o Francisco em S\u00e3o Paulo. Cheio do esp\u00edrito da caridade, n\u00e3o media sacrif\u00edcios para aliviar os sofrimentos alheios. Por isso o povo a ele recorria em suas necessidades.<\/p>\n<p style=\"text-align: justify;\">\u00c0s 10 horas do dia 23 de dezembro de 1822, no Mosteiro da Luz de S\u00e3o Paulo, havendo recebido todos os sacramentos, adormeceu santamente no Senhor, contando com seus quase 84 anos de idade. Foi sepultado na Capela-Mor da Igreja do Mosteiro da Luz, e sua sepultura ainda hoje continua sendo visitada pelos fi\u00e9is. As pessoas come\u00e7aram a fazer peregrina\u00e7\u00f5es e receber suas gra\u00e7as.<\/p>\n<p style=\"text-align: justify;\">O dia 25 de outubro, dia oficial do Santo, foi estabelecido, na Liturgia, pelo saudoso Papa Jo\u00e3o Paulo II, na ocasi\u00e3o da beatifica\u00e7\u00e3o de Frei Galv\u00e3o em 1998 em Roma. Com a canoniza\u00e7\u00e3o do primeiro Santo que nasceu, viveu e morreu no Brasil, a 11 de maio de 2007, o Papa Bento XVI manteve a data de 25 de outubro.<\/p>\n<p style=\"text-align: justify;\">Paulo de Assis e Jussara que comp\u00f5e a equipe de coordenadores da comunidade, parabenizam e agradecem ao Pe. Carlos Mariosa pela bel\u00edssima celebra\u00e7\u00e3o em homenagem ao Santo Padroeiro e a todos que vieram prestigiar e confraternizar conosco deste momento de ora\u00e7\u00e3o e tamb\u00e9m de festa.<\/p>\n<p>[ngg_images source=&#8221;galleries&#8221; container_ids=&#8221;1167&#8243; display_type=&#8221;photocrati-nextgen_basic_thumbnails&#8221; override_thumbnail_settings=&#8221;0&#8243; thumbnail_width=&#8221;100&#8243; thumbnail_height=&#8221;75&#8243; thumbnail_crop=&#8221;1&#8243; images_per_page=&#8221;0&#8243; number_of_columns=&#8221;0&#8243; ajax_pagination=&#8221;0&#8243; show_all_in_lightbox=&#8221;0&#8243; use_imagebrowser_effect=&#8221;0&#8243; show_slideshow_link=&#8221;1&#8243; slideshow_link_text=&#8221;[Show as slideshow]&#8221; order_by=&#8221;sortorder&#8221; order_direction=&#8221;ASC&#8221; returns=&#8221;included&#8221; maximum_entity_count=&#8221;500&#8243;]<\/p>\n","protected":false},"excerpt":{"rendered":"<p>A Comunidade Santo Antonio de Sant\u2019ana Galv\u00e3o (bairro Santa Terezinha), esteve em festa na noite da \u00faltima quarta (25), dia em que os fi\u00e9is rendem homenagens ao santo que d\u00e1 nome \u00e0 comunidade. A data 25\/10 marca os 10 anos de canoniza\u00e7\u00e3o de Frei Galv\u00e3o, por isso o bairro comemorou seu dia com grande participa\u00e7\u00e3o [&hellip;]<\/p>\n","protected":false},"author":2,"featured_media":45215,"comment_status":"open","ping_status":"closed","sticky":false,"template":"","format":"standard","meta":{"_joinchat":[],"footnotes":""},"categories":[1],"tags":[],"class_list":["post-45214","post","type-post","status-publish","format-standard","has-post-thumbnail","hentry","category-sem-categoria"],"_links":{"self":[{"href":"http:\/\/folhadosudeste.com\/site\/index.php?rest_route=\/wp\/v2\/posts\/45214","targetHints":{"allow":["GET"]}}],"collection":[{"href":"http:\/\/folhadosudeste.com\/site\/index.php?rest_route=\/wp\/v2\/posts"}],"about":[{"href":"http:\/\/folhadosudeste.com\/site\/index.php?rest_route=\/wp\/v2\/types\/post"}],"author":[{"embeddable":true,"href":"http:\/\/folhadosudeste.com\/site\/index.php?rest_route=\/wp\/v2\/users\/2"}],"replies":[{"embeddable":true,"href":"http:\/\/folhadosudeste.com\/site\/index.php?rest_route=%2Fwp%2Fv2%2Fcomments&post=45214"}],"version-history":[{"count":1,"href":"http:\/\/folhadosudeste.com\/site\/index.php?rest_route=\/wp\/v2\/posts\/45214\/revisions"}],"predecessor-version":[{"id":45232,"href":"http:\/\/folhadosudeste.com\/site\/index.php?rest_route=\/wp\/v2\/posts\/45214\/revisions\/45232"}],"wp:featuredmedia":[{"embeddable":true,"href":"http:\/\/folhadosudeste.com\/site\/index.php?rest_route=\/wp\/v2\/media\/45215"}],"wp:attachment":[{"href":"http:\/\/folhadosudeste.com\/site\/index.php?rest_route=%2Fwp%2Fv2%2Fmedia&parent=45214"}],"wp:term":[{"taxonomy":"category","embeddable":true,"href":"http:\/\/folhadosudeste.com\/site\/index.php?rest_route=%2Fwp%2Fv2%2Fcategories&post=45214"},{"taxonomy":"post_tag","embeddable":true,"href":"http:\/\/folhadosudeste.com\/site\/index.php?rest_route=%2Fwp%2Fv2%2Ftags&post=45214"}],"curies":[{"name":"wp","href":"https:\/\/api.w.org\/{rel}","templated":true}]}}