{"id":45250,"date":"2017-10-27T13:15:39","date_gmt":"2017-10-27T13:15:39","guid":{"rendered":"http:\/\/folhadosudeste.com\/site\/?p=45250"},"modified":"2017-10-27T13:15:39","modified_gmt":"2017-10-27T13:15:39","slug":"vinicius-levate-lanca-seu-livro-a-voz-de-minha-cadeira","status":"publish","type":"post","link":"http:\/\/folhadosudeste.com\/site\/?p=45250","title":{"rendered":"VIN\u00cdCIUS LEVATE LAN\u00c7A SEU LIVRO \u2018A VOZ DE MINHA CADEIRA\u2019"},"content":{"rendered":"<p style=\"text-align: justify;\"><a href=\"http:\/\/folhadosudeste.com\/site\/wp-content\/uploads\/2017\/10\/LIVRO.jpg\"><img loading=\"lazy\" decoding=\"async\" class=\"aligncenter size-full wp-image-45251\" src=\"http:\/\/folhadosudeste.com\/site\/wp-content\/uploads\/2017\/10\/LIVRO.jpg\" alt=\"\" width=\"620\" height=\"242\" srcset=\"http:\/\/folhadosudeste.com\/site\/wp-content\/uploads\/2017\/10\/LIVRO.jpg 620w, http:\/\/folhadosudeste.com\/site\/wp-content\/uploads\/2017\/10\/LIVRO-300x117.jpg 300w\" sizes=\"auto, (max-width: 620px) 100vw, 620px\" \/><\/a><\/p>\n<p style=\"text-align: justify;\">O jovem estudante muriaeense, e cadeirante, Vin\u00edcius Levate, 18 anos, lan\u00e7ou seu livro \u2018A Voz de Minha Cadeira\u2019, na noite de sexta feira 20 de outubro, no Teatro Zaccaria Marques. Em um momento de muita alegria e emo\u00e7\u00e3o, ele cantou e encantou a plat\u00e9ia com m\u00fasicas compostas por ele e amigos, al\u00e9m de uma m\u00fasica da banda Legi\u00e3o Urbana, acompanhado por m\u00fasicos renomados de Muria\u00e9.<\/p>\n<p style=\"text-align: justify;\">Segundo Vinicius Andrade Levate, o deficiente, como qualquer outro ser humano ou animal, n\u00e3o \u00e9 o dono do mundo, mas filho do dono. Para ele, \u00e9 uma satisfa\u00e7\u00e3o receber os cumprimentos de todos, porque um arquiteto maior, que se chama Deus, lhe desenhou para estar ali, recebendo os abra\u00e7os, j\u00e1 que muitas pessoas lhe tiram o sono mas n\u00e3o lhe tiram o sonho. <em>\u201cVer a homenagem da minha irm\u00e3 \u00e9 ver algu\u00e9m que representa algo maior para mim, um talism\u00e3 e j\u00f3ia preciosa na minha vida. Minha irm\u00e3 Maria Fernanda \u00e9 a gra\u00e7a mais perfeita desse mundo, transforma todos os h\u00e1bitos em atos, que transcorrem purificadamente de seu cora\u00e7\u00e3o. Todos os compromissos em can\u00e7\u00e3o e em raz\u00e3o. Seu ato \u00e9 uma can\u00e7\u00e3o e eu a fiz para ela para dizer que a felicidade vem de longe e n\u00e3o mora perto. Estou muito feliz, \u00e9 uma satisfa\u00e7\u00e3o muito grande ver o deficiente inclu\u00eddo na sociedade. At\u00e9 que ponto voc\u00ea precisa falar, cantar, se expressar para ver algu\u00e9m fazer uma m\u00fasica para voc\u00ea, para sentir uma palavra ecoando do cora\u00e7\u00e3o da outra. N\u00f3s temos muita facilidade de escutar palavras verbais, mas nos falta audi\u00e7\u00e3o para as palavras sentimentais\u201d,<\/em> explica.<\/p>\n<p style=\"text-align: justify;\">De acordo com sua m\u00e3e, Adriana de Paula Andrade, \u00e9 uma alegria conviver com Vin\u00edcius, um rapaz que luta pelos direitos das pessoas com necessidades especiais e mostra uma alegria de viver contagiante e que, apesar das dificuldades, a vida \u00e9 feita para se viver com muita alegria. <em>\u201cFico muito feliz em saber que todo meu esfor\u00e7o valeu a pena. Hoje, eles s\u00e3o educados e politizados. Agrade\u00e7o a todos que deram seu apoio, principalmente a Fundarte e todos os amigos da prefeitura\u201d,<\/em> acrescenta.<\/p>\n<p style=\"text-align: justify;\">Para seu pai, Carlos Fernando Alves Levate, \u00e9 muito gratificante ver o resultado de um trabalho que resolveram fazer com Vin\u00edcius. <em>\u201cUsamos os textos que escrevemos para ele, resolvemos montar o livro e deu certo. O Vin\u00edcius \u00e9 uma pessoa carism\u00e1tica, querida e o resultado \u00e9 esse: um teatro lotado e os livros sendo vendidos. Isso \u00e9 muito gratificante, fico muito feliz. O livro est\u00e1 \u00e0 venda no Mercad\u00e3o Levate, onde trabalho, e na Kapa Papelaria, perto da Escola Silveira Brum. Nossa fam\u00edlia \u00e9 aben\u00e7oada e unida. Estamos sempre juntos, o que acho crucial na forma\u00e7\u00e3o de um filho. Sempre procuramos vencer os obst\u00e1culos da vida, contando sempre com o apoio de todos\u201d,<\/em> completa.<\/p>\n<p style=\"text-align: justify;\">\u2018A Voz de Minha Cadeira\u2019 tem os seguintes colaboradores: Vin\u00edcius Andrade Levate (texto); B\u00e1rbara Andrade Torres (proponente); M\u00e1rcia Maria da Silva (corre\u00e7\u00e3o ortogr\u00e1fica); Flaviano Guin\u00e9 (fotografia); Mariana Mazzini Soldati Romero (diagrama\u00e7\u00e3o) e Juizforana Gr\u00e1fica e Editora (impress\u00e3o).<\/p>\n<p>[ngg_images source=&#8221;galleries&#8221; container_ids=&#8221;1169&#8243; display_type=&#8221;photocrati-nextgen_basic_thumbnails&#8221; override_thumbnail_settings=&#8221;0&#8243; thumbnail_width=&#8221;100&#8243; thumbnail_height=&#8221;75&#8243; thumbnail_crop=&#8221;1&#8243; images_per_page=&#8221;0&#8243; number_of_columns=&#8221;0&#8243; ajax_pagination=&#8221;0&#8243; show_all_in_lightbox=&#8221;0&#8243; use_imagebrowser_effect=&#8221;0&#8243; show_slideshow_link=&#8221;1&#8243; slideshow_link_text=&#8221;[Show as slideshow]&#8221; order_by=&#8221;sortorder&#8221; order_direction=&#8221;ASC&#8221; returns=&#8221;included&#8221; maximum_entity_count=&#8221;500&#8243;]<\/p>\n","protected":false},"excerpt":{"rendered":"<p>O jovem estudante muriaeense, e cadeirante, Vin\u00edcius Levate, 18 anos, lan\u00e7ou seu livro \u2018A Voz de Minha Cadeira\u2019, na noite de sexta feira 20 de outubro, no Teatro Zaccaria Marques. Em um momento de muita alegria e emo\u00e7\u00e3o, ele cantou e encantou a plat\u00e9ia com m\u00fasicas compostas por ele e amigos, al\u00e9m de uma m\u00fasica [&hellip;]<\/p>\n","protected":false},"author":2,"featured_media":45251,"comment_status":"open","ping_status":"closed","sticky":false,"template":"","format":"standard","meta":{"_joinchat":[],"footnotes":""},"categories":[1],"tags":[],"class_list":["post-45250","post","type-post","status-publish","format-standard","has-post-thumbnail","hentry","category-sem-categoria"],"_links":{"self":[{"href":"http:\/\/folhadosudeste.com\/site\/index.php?rest_route=\/wp\/v2\/posts\/45250","targetHints":{"allow":["GET"]}}],"collection":[{"href":"http:\/\/folhadosudeste.com\/site\/index.php?rest_route=\/wp\/v2\/posts"}],"about":[{"href":"http:\/\/folhadosudeste.com\/site\/index.php?rest_route=\/wp\/v2\/types\/post"}],"author":[{"embeddable":true,"href":"http:\/\/folhadosudeste.com\/site\/index.php?rest_route=\/wp\/v2\/users\/2"}],"replies":[{"embeddable":true,"href":"http:\/\/folhadosudeste.com\/site\/index.php?rest_route=%2Fwp%2Fv2%2Fcomments&post=45250"}],"version-history":[{"count":1,"href":"http:\/\/folhadosudeste.com\/site\/index.php?rest_route=\/wp\/v2\/posts\/45250\/revisions"}],"predecessor-version":[{"id":45282,"href":"http:\/\/folhadosudeste.com\/site\/index.php?rest_route=\/wp\/v2\/posts\/45250\/revisions\/45282"}],"wp:featuredmedia":[{"embeddable":true,"href":"http:\/\/folhadosudeste.com\/site\/index.php?rest_route=\/wp\/v2\/media\/45251"}],"wp:attachment":[{"href":"http:\/\/folhadosudeste.com\/site\/index.php?rest_route=%2Fwp%2Fv2%2Fmedia&parent=45250"}],"wp:term":[{"taxonomy":"category","embeddable":true,"href":"http:\/\/folhadosudeste.com\/site\/index.php?rest_route=%2Fwp%2Fv2%2Fcategories&post=45250"},{"taxonomy":"post_tag","embeddable":true,"href":"http:\/\/folhadosudeste.com\/site\/index.php?rest_route=%2Fwp%2Fv2%2Ftags&post=45250"}],"curies":[{"name":"wp","href":"https:\/\/api.w.org\/{rel}","templated":true}]}}