{"id":45283,"date":"2017-10-27T13:24:14","date_gmt":"2017-10-27T13:24:14","guid":{"rendered":"http:\/\/folhadosudeste.com\/site\/?p=45283"},"modified":"2017-10-27T13:24:14","modified_gmt":"2017-10-27T13:24:14","slug":"7-encontrao-da-pastoral-da-crianca-a-nivel-de-forania","status":"publish","type":"post","link":"http:\/\/folhadosudeste.com\/site\/?p=45283","title":{"rendered":"7\u00b0 ENCONTR\u00c3O DA PASTORAL DA CRIAN\u00c7A A N\u00cdVEL DE FORANIA"},"content":{"rendered":"<p style=\"text-align: justify;\"><a href=\"http:\/\/folhadosudeste.com\/site\/wp-content\/uploads\/2017\/10\/PASTORAL-DA-CRIAN\u00c7A.jpg\"><img loading=\"lazy\" decoding=\"async\" class=\"aligncenter size-full wp-image-45284\" src=\"http:\/\/folhadosudeste.com\/site\/wp-content\/uploads\/2017\/10\/PASTORAL-DA-CRIAN\u00c7A.jpg\" alt=\"\" width=\"620\" height=\"184\" srcset=\"http:\/\/folhadosudeste.com\/site\/wp-content\/uploads\/2017\/10\/PASTORAL-DA-CRIAN\u00c7A.jpg 620w, http:\/\/folhadosudeste.com\/site\/wp-content\/uploads\/2017\/10\/PASTORAL-DA-CRIAN\u00c7A-300x89.jpg 300w\" sizes=\"auto, (max-width: 620px) 100vw, 620px\" \/><\/a><\/p>\n<p style=\"text-align: justify;\">Foi realizado, no domingo 22 de outubro em Muria\u00e9, o 7\u00b0 Encontr\u00e3o da Pastoral da Crian\u00e7a a N\u00edvel de Forania, na Igreja Nossa Senhora Imaculada Concei\u00e7\u00e3o (Barra).<\/p>\n<p style=\"text-align: justify;\">Segundo Mauricio Piorizzi, Bacharel e Juiz de Direito, foi muito proveitoso o encontro, oportunidade em que ele deixou algumas palavras e c\u00e2nticos. <em>\u201cBusquei levar uma mensagem de paz e lembrar do sonho de Deus para cada pessoa, mostrando que cada um \u00e9 importante perante os olhos do Senhor, que cada um pode ser renovado, fortalecido para a caminhada, principalmente nesse movimento t\u00e3o importante que \u00e9 a Pastoral da Crian\u00e7a, levando aos pequenos a for\u00e7a que vem do alto, a sa\u00fade &nbsp;do corpo e da alma. Foi uma oportunidade em que tenho certeza de que cada um saiu melhor do que chegou, pois sem Deus ficamos vazios. \u00c9 Ele que d\u00e1 sentido a nossa jornada, sem Ele n\u00e3o haveria vida\u201d,<\/em> explica.<\/p>\n<p style=\"text-align: justify;\">Pe. Adilson Nery, que presidiu a celebra\u00e7\u00e3o da missa na ocasi\u00e3o, destacou que foi um momento de <em>\u201creabastecimento da f\u00e9 e \u00e2nimo para dar continuidade \u00e0 bela miss\u00e3o da Pastora da Crian\u00e7a. Tamb\u00e9m pudemos celebrar a f\u00e9, a vida, louvar a Deus por todos estes l\u00edderes, que d\u00e3o assist\u00eancia \u00e0s crian\u00e7as e fam\u00edlias necessitadas, ajudando a igreja a dar continuidade ao an\u00fancio do Reino, levando vida em abund\u00e2ncia para todos\u201d,<\/em> afirma, lembrando que s\u00e3o 14 par\u00f3quias que comp\u00f5em a Forania da regi\u00e3o de Muria\u00e9.<\/p>\n<p style=\"text-align: justify;\"><em>\u201cO Encontr\u00e3o para n\u00f3s, volunt\u00e1rios da Pastoral da Crian\u00e7a \u00e9 um dia de confraterniza\u00e7\u00e3o, troca de ideias, experi\u00eancias, aprendizagem. Procuramos fazer desse tempo, momento de partilha e crescimento. Momento de reflex\u00e3o sobre os ensinamentos deixados pela saudosa Dra Zilda Arns. Sr Maur\u00edcio Antonio Silva nos acolheu com um momento \u00edmpar de espiritualidade e com sua alegria contagiante nos conduziu a excelentes din\u00e2micas\u201d,<\/em> analisa Lourdinha.<\/p>\n<p style=\"text-align: justify;\">Segundo ela, Dr. Maur\u00edcio Piorizzi estava inspirado: <em>&#8220;Deus nos chama para ir em dire\u00e7\u00e3o aos mais necessitados, mas sem ora\u00e7\u00e3o nosso trabalho se torna in\u00fatil. Somos multiplicadores da vida, mission\u00e1rios da caridade&#8221;<\/em>.<\/p>\n<p style=\"text-align: justify;\">J\u00e1 a palestra &#8220;Outubro Rosa \u2013 Preven\u00e7\u00e3o do C\u00e2ncer de Mama&#8221; foi ministrada por Erika e Aline.<\/p>\n<p style=\"text-align: justify;\"><em>\u201cAgradecemos aos Padres Carlos, Adilson e Cust\u00f3dio, Maur\u00edcio, Erika, Aline, Dr. Maur\u00edcio, Marlene (Coordenadora Diocesana) e a todos os volunt\u00e1rios da Pastoral da Crian\u00e7a presentes ao evento e principalmente a Lucimar Freire e sua equipe (coordenadores, l\u00edderes e apoios) que organizaram com muito carinho e efici\u00eancia o Encontr\u00e3o deste ano\u201d, <\/em>destaca.<\/p>\n<p>[ngg_images source=&#8221;galleries&#8221; container_ids=&#8221;1170&#8243; display_type=&#8221;photocrati-nextgen_basic_thumbnails&#8221; override_thumbnail_settings=&#8221;0&#8243; thumbnail_width=&#8221;100&#8243; thumbnail_height=&#8221;75&#8243; thumbnail_crop=&#8221;1&#8243; images_per_page=&#8221;0&#8243; number_of_columns=&#8221;0&#8243; ajax_pagination=&#8221;0&#8243; show_all_in_lightbox=&#8221;0&#8243; use_imagebrowser_effect=&#8221;0&#8243; show_slideshow_link=&#8221;1&#8243; slideshow_link_text=&#8221;[Show as slideshow]&#8221; order_by=&#8221;sortorder&#8221; order_direction=&#8221;ASC&#8221; returns=&#8221;included&#8221; maximum_entity_count=&#8221;500&#8243;]<\/p>\n","protected":false},"excerpt":{"rendered":"<p>Foi realizado, no domingo 22 de outubro em Muria\u00e9, o 7\u00b0 Encontr\u00e3o da Pastoral da Crian\u00e7a a N\u00edvel de Forania, na Igreja Nossa Senhora Imaculada Concei\u00e7\u00e3o (Barra). Segundo Mauricio Piorizzi, Bacharel e Juiz de Direito, foi muito proveitoso o encontro, oportunidade em que ele deixou algumas palavras e c\u00e2nticos. \u201cBusquei levar uma mensagem de paz [&hellip;]<\/p>\n","protected":false},"author":2,"featured_media":45284,"comment_status":"open","ping_status":"closed","sticky":false,"template":"","format":"standard","meta":{"_joinchat":[],"footnotes":""},"categories":[1],"tags":[],"class_list":["post-45283","post","type-post","status-publish","format-standard","has-post-thumbnail","hentry","category-sem-categoria"],"_links":{"self":[{"href":"http:\/\/folhadosudeste.com\/site\/index.php?rest_route=\/wp\/v2\/posts\/45283","targetHints":{"allow":["GET"]}}],"collection":[{"href":"http:\/\/folhadosudeste.com\/site\/index.php?rest_route=\/wp\/v2\/posts"}],"about":[{"href":"http:\/\/folhadosudeste.com\/site\/index.php?rest_route=\/wp\/v2\/types\/post"}],"author":[{"embeddable":true,"href":"http:\/\/folhadosudeste.com\/site\/index.php?rest_route=\/wp\/v2\/users\/2"}],"replies":[{"embeddable":true,"href":"http:\/\/folhadosudeste.com\/site\/index.php?rest_route=%2Fwp%2Fv2%2Fcomments&post=45283"}],"version-history":[{"count":1,"href":"http:\/\/folhadosudeste.com\/site\/index.php?rest_route=\/wp\/v2\/posts\/45283\/revisions"}],"predecessor-version":[{"id":45333,"href":"http:\/\/folhadosudeste.com\/site\/index.php?rest_route=\/wp\/v2\/posts\/45283\/revisions\/45333"}],"wp:featuredmedia":[{"embeddable":true,"href":"http:\/\/folhadosudeste.com\/site\/index.php?rest_route=\/wp\/v2\/media\/45284"}],"wp:attachment":[{"href":"http:\/\/folhadosudeste.com\/site\/index.php?rest_route=%2Fwp%2Fv2%2Fmedia&parent=45283"}],"wp:term":[{"taxonomy":"category","embeddable":true,"href":"http:\/\/folhadosudeste.com\/site\/index.php?rest_route=%2Fwp%2Fv2%2Fcategories&post=45283"},{"taxonomy":"post_tag","embeddable":true,"href":"http:\/\/folhadosudeste.com\/site\/index.php?rest_route=%2Fwp%2Fv2%2Ftags&post=45283"}],"curies":[{"name":"wp","href":"https:\/\/api.w.org\/{rel}","templated":true}]}}