{"id":45334,"date":"2017-10-27T13:27:26","date_gmt":"2017-10-27T13:27:26","guid":{"rendered":"http:\/\/folhadosudeste.com\/site\/?p=45334"},"modified":"2017-10-27T13:27:26","modified_gmt":"2017-10-27T13:27:26","slug":"unifaminas-sedia-vi-jornada-de-ginecologia-e-obstetricia-da-regional-sogimig-de-muriae-e-i-congresso-de-saude-da-mulher-do-curso-de-medicina","status":"publish","type":"post","link":"http:\/\/folhadosudeste.com\/site\/?p=45334","title":{"rendered":"UNIFAMINAS SEDIA VI JORNADA DE GINECOLOGIA E OBSTETR\u00cdCIA DA REGIONAL SOGIMIG DE MURIA\u00c9 E I CONGRESSO DE SA\u00daDE DA MULHER DO CURSO DE MEDICINA"},"content":{"rendered":"<p style=\"text-align: justify;\"><a href=\"http:\/\/folhadosudeste.com\/site\/wp-content\/uploads\/2017\/10\/UNIFAMINAS.jpg\"><img loading=\"lazy\" decoding=\"async\" class=\"aligncenter size-full wp-image-45335\" src=\"http:\/\/folhadosudeste.com\/site\/wp-content\/uploads\/2017\/10\/UNIFAMINAS.jpg\" alt=\"\" width=\"620\" height=\"293\" srcset=\"http:\/\/folhadosudeste.com\/site\/wp-content\/uploads\/2017\/10\/UNIFAMINAS.jpg 620w, http:\/\/folhadosudeste.com\/site\/wp-content\/uploads\/2017\/10\/UNIFAMINAS-300x142.jpg 300w\" sizes=\"auto, (max-width: 620px) 100vw, 620px\" \/><\/a><\/p>\n<p style=\"text-align: justify;\">Na noite da \u00faltima sexta (20) e manh\u00e3 do \u00faltimo s\u00e1bado (21), foi realizada a VI Jornada de Ginecologia e Obstetr\u00edcia da Regional SOGIMIG de Muria\u00e9 e I Congresso de Sa\u00fade da Mulher do curso de Medicina do UNIFAMINAS.<\/p>\n<p style=\"text-align: justify;\">O evento come\u00e7ou, no dia 20\/10, com as inscri\u00e7\u00f5es e entrega de credenciais, solenidade de abertura e as palestras: \u2018SOGIMIG e a mudan\u00e7a do cen\u00e1rio para a assist\u00eancia obst\u00e9trica\u2019 (com o palestrante Dr. Carlos Henrique Mascarenhas Silva e os moderadores Dr. Carlos Wilson Dala Paula Abreu e Dra. Laura Cerqueira Guar\u00e7oni Baesso), \u2018Valoriza\u00e7\u00e3o e defesa profissional no momento atual em Ginecologia e Obstetr\u00edcia\u2019 (com a palestrante Dra. Cl\u00e1udia Navarro C. D. Lemos e os moderadores Dr. Richard Duvanel Rodrigues e Dr. Jos\u00e9 Carlos Alves Cerqueira) e \u2018Rastreamento do c\u00e2ncer na mulher\u2019 (com o palestrante Dr. Agnaldo Lopes Silva Filho e os moderadores Dr. Luiz Carlos Navarro de Oliveira e Dra. Izabela Andrade Ambr\u00f3sio), finalizando com um coquetel.<\/p>\n<p style=\"text-align: justify;\">J\u00e1 no dia 21\/10, foram realizadas as palestras \u2018Cisto ovariano: at\u00e9 quando ter conduta expectante?\u2019 (com o palestrante Dr. Agnaldo Lopes Silva Filho e os moderadores Dra. S\u00f4nia de Ara\u00fajo Fonseca e Dr. Luiz Fernando Albergaria de Melo), \u2018Otimizando a fertilidade natural\u2019 (com a palestrante Dra. In\u00eas Katerina Damasceno Cavallo Cruzeiro e os moderadores Dr. Paulo C\u00e9sar de Oliveira e Dr. Wanderley Teixeira J\u00fanior), \u2018Infec\u00e7\u00f5es no pr\u00e9-natal: zika v\u00edrus, chikungunya e s\u00edfilis. Como prevenir e conduzir\u2019 (com a palestrante Dra. Regina Am\u00e9lia Lopes Pessoa de Aguiar e os moderadores Dra. Carla Andreia dos Santos Sim\u00f5es e Dr. Alim Alves Demian), \u2018Contracep\u00e7\u00e3o revers\u00edvel de longa dura\u00e7\u00e3o: impacto na sa\u00fade da mulher\u2019 (com a palestrante Dr. Agnaldo Lopes Silva Filho e os moderadores Dra. Maria L\u00facia Andrade Abreu e Dra. D\u00e9bora da Silva Nora Henri Guitton) e \u2018Idade e reprodu\u00e7\u00e3o: reflex\u00f5es e conseq\u00fc\u00eancias do adiamento\u2019 (com o palestrante Dra. Cl\u00e1udia Navarro C. D. Lemos e os moderadores Dra. Maria \u00c2ngela Girardi e Dr. Em\u00edlio Garavini). Tamb\u00e9m foi servido um coffee break e a oportunidade dos participantes visitarem os stands montados.<\/p>\n<p style=\"text-align: justify;\">Segundo Dr. Carlos Wilson Abreu, ginecologista, coordenador do N\u00facleo de Sa\u00fade da Mulher do curso de Medicina da UNIFAMINAS, professor da disciplina de mesmo nome e chefe do Servi\u00e7o da Maternidade e de Ginecologia da Casa de Caridade de Muria\u00e9 \u2013 Hospital S\u00e3o Paulo (HSP), a SOGIMIG (Associa\u00e7\u00e3o dos M\u00e9dicos Ginecologistas de Minas Gerais) se interioriza cada vez mais, sempre trazendo cursos de educa\u00e7\u00e3o continuada para o interior. <em>\u201c\u00c9 um privil\u00e9gio ser o vice-presidente da Regi\u00e3o Sudeste e um privil\u00e9gio ainda maior trazer esses profissionais de renome, levando conhecimento para a classe m\u00e9dica ginecologista, obstetra e os acad\u00eamicos do Centro Universit\u00e1rio UNIFAMINAS, m\u00e9dicos de toda regi\u00e3o como congressistas e moderadores nas palestras. Para n\u00f3s, m\u00e9dicos formados, \u00e9 uma excelente oportunidade de aprimorar a sa\u00fade da mulher, e, para os alunos, come\u00e7arem essa conviv\u00eancia com os especialistas e o dia-a-dia da nossa especialidade. At\u00e9 porque trabalhamos com Sa\u00fade da Mulher desde o 2\u00ba ano aqui no curso de Medicina da UNIFAMINAS. Est\u00e3o vivenciando cada vez mais os ambulat\u00f3rios, o atendimento com o cliente e o curr\u00edculo teve mudan\u00e7a, ent\u00e3o, desde o 1\u00ba per\u00edodo, eles j\u00e1 participam dos atendimentos nas Unidades de Sa\u00fade. Aprendem com uma pr\u00e1tica direcionada\u201d,<\/em> explica.<\/p>\n<p style=\"text-align: justify;\">De acordo com Eduardo Batista Candido, m\u00e9dico especialista em Ginecologia-Obstetr\u00edcia, Ginecologia Oncol\u00f3gica, Mestrado em C\u00e2ncer do C\u00f3lon Uterino e Doutorado em C\u00e2ncer de Ov\u00e1rio, professor da UFMG no Departamento de Ginecologia, \u00e9 imprescind\u00edvel a condi\u00e7\u00e3o da mulher no cuidado com sua sa\u00fade e h\u00e1 um apelo cada vez mais frequente e necess\u00e1rio para que ela procure o profissional para cuidar de sua sa\u00fade, pois o ginecologista acaba sendo o m\u00e9dico de refer\u00eancia para a vida dela, fator de extrema import\u00e2ncia para que se direcione a condi\u00e7\u00e3o de sua sa\u00fade e o encaminhamento para outras especialidades, al\u00e9m de mostrar os cuidados a serem tomados. <em>\u201cO c\u00e2ncer de mama \u00e9 o mais frequente na vida da mulher e o de colo uterino tamb\u00e9m \u00e9 um dos mais comuns. Isso \u00e9 diagnosticado precocemente pelo ginecologista e, se tratado corretamente, ela ter\u00e1 capacidade de ter uma sobrevida com qualidade, sem que seja afetada pela condi\u00e7\u00e3o deste tumor inicial. Outra quest\u00e3o \u00e9 o cuidado com a sa\u00fade de maneira geral, com rela\u00e7\u00e3o \u00e0s Doen\u00e7as Sexualmente Transmiss\u00edveis, cada vez mais frequentes. Temos observado um aumento exponencial nos casos de s\u00edfilis em nosso pa\u00eds, com repercuss\u00e3o sobre as gestantes e os fetos, trazendo sequelas muitas vezes irrepar\u00e1veis. Em uma consulta de rotina com seu ginecologista, ela pode se conscientizar que isso \u00e9 de extrema import\u00e2ncia para que viva bem e por muitos anos. Temos que destacar sempre a import\u00e2ncia da profilaxia. Gostaria de agradecer o convite para debater assuntos t\u00e3o importantes como a vacina contra o HPV, lembrando da import\u00e2ncia de levar pra vacinar, porque \u00e9 um fator que determina a qualidade de vida das pessoas, evitando um desconforto no futuro, de modo que as crian\u00e7as, no futuro adultos, n\u00e3o tenham les\u00f5es como verrugas genitais (que s\u00e3o bastante estigmatizantes), c\u00e2ncer de c\u00f3lon uterino, de \u00fatero, de oro-faringe, de p\u00eanis, de vulva, de vagina, enfim, tudo muito comum e prevalente, mas temos a profilaxia prim\u00e1ria que \u00e9 a vacina gratuita\u201d, <\/em>completa.<\/p>\n<p>[ngg_images source=&#8221;galleries&#8221; container_ids=&#8221;1171&#8243; display_type=&#8221;photocrati-nextgen_basic_thumbnails&#8221; override_thumbnail_settings=&#8221;0&#8243; thumbnail_width=&#8221;100&#8243; thumbnail_height=&#8221;75&#8243; thumbnail_crop=&#8221;1&#8243; images_per_page=&#8221;0&#8243; number_of_columns=&#8221;0&#8243; ajax_pagination=&#8221;0&#8243; show_all_in_lightbox=&#8221;0&#8243; use_imagebrowser_effect=&#8221;0&#8243; show_slideshow_link=&#8221;1&#8243; slideshow_link_text=&#8221;[Show as slideshow]&#8221; order_by=&#8221;sortorder&#8221; order_direction=&#8221;ASC&#8221; returns=&#8221;included&#8221; maximum_entity_count=&#8221;500&#8243;]<\/p>\n","protected":false},"excerpt":{"rendered":"<p>Na noite da \u00faltima sexta (20) e manh\u00e3 do \u00faltimo s\u00e1bado (21), foi realizada a VI Jornada de Ginecologia e Obstetr\u00edcia da Regional SOGIMIG de Muria\u00e9 e I Congresso de Sa\u00fade da Mulher do curso de Medicina do UNIFAMINAS. O evento come\u00e7ou, no dia 20\/10, com as inscri\u00e7\u00f5es e entrega de credenciais, solenidade de abertura [&hellip;]<\/p>\n","protected":false},"author":2,"featured_media":45335,"comment_status":"open","ping_status":"closed","sticky":false,"template":"","format":"standard","meta":{"_joinchat":[],"footnotes":""},"categories":[1],"tags":[],"class_list":["post-45334","post","type-post","status-publish","format-standard","has-post-thumbnail","hentry","category-sem-categoria"],"_links":{"self":[{"href":"http:\/\/folhadosudeste.com\/site\/index.php?rest_route=\/wp\/v2\/posts\/45334","targetHints":{"allow":["GET"]}}],"collection":[{"href":"http:\/\/folhadosudeste.com\/site\/index.php?rest_route=\/wp\/v2\/posts"}],"about":[{"href":"http:\/\/folhadosudeste.com\/site\/index.php?rest_route=\/wp\/v2\/types\/post"}],"author":[{"embeddable":true,"href":"http:\/\/folhadosudeste.com\/site\/index.php?rest_route=\/wp\/v2\/users\/2"}],"replies":[{"embeddable":true,"href":"http:\/\/folhadosudeste.com\/site\/index.php?rest_route=%2Fwp%2Fv2%2Fcomments&post=45334"}],"version-history":[{"count":1,"href":"http:\/\/folhadosudeste.com\/site\/index.php?rest_route=\/wp\/v2\/posts\/45334\/revisions"}],"predecessor-version":[{"id":45366,"href":"http:\/\/folhadosudeste.com\/site\/index.php?rest_route=\/wp\/v2\/posts\/45334\/revisions\/45366"}],"wp:featuredmedia":[{"embeddable":true,"href":"http:\/\/folhadosudeste.com\/site\/index.php?rest_route=\/wp\/v2\/media\/45335"}],"wp:attachment":[{"href":"http:\/\/folhadosudeste.com\/site\/index.php?rest_route=%2Fwp%2Fv2%2Fmedia&parent=45334"}],"wp:term":[{"taxonomy":"category","embeddable":true,"href":"http:\/\/folhadosudeste.com\/site\/index.php?rest_route=%2Fwp%2Fv2%2Fcategories&post=45334"},{"taxonomy":"post_tag","embeddable":true,"href":"http:\/\/folhadosudeste.com\/site\/index.php?rest_route=%2Fwp%2Fv2%2Ftags&post=45334"}],"curies":[{"name":"wp","href":"https:\/\/api.w.org\/{rel}","templated":true}]}}