{"id":45390,"date":"2017-11-02T10:51:59","date_gmt":"2017-11-02T10:51:59","guid":{"rendered":"http:\/\/folhadosudeste.com\/site\/?p=45390"},"modified":"2017-11-02T10:51:59","modified_gmt":"2017-11-02T10:51:59","slug":"dra-tarciana-aguiar-braga-ministra-palestra-para-atiradores-do-tg-muriae","status":"publish","type":"post","link":"http:\/\/folhadosudeste.com\/site\/?p=45390","title":{"rendered":"DRA. TARCIANA AGUIAR BRAGA MINISTRA PALESTRA PARA ATIRADORES DO TG-MURIA\u00c9"},"content":{"rendered":"<p style=\"text-align: justify;\"><a href=\"http:\/\/folhadosudeste.com\/site\/wp-content\/uploads\/2017\/11\/DRA-TARCIANA.jpg\"><img loading=\"lazy\" decoding=\"async\" class=\"aligncenter size-full wp-image-45391\" src=\"http:\/\/folhadosudeste.com\/site\/wp-content\/uploads\/2017\/11\/DRA-TARCIANA.jpg\" alt=\"\" width=\"620\" height=\"231\" srcset=\"http:\/\/folhadosudeste.com\/site\/wp-content\/uploads\/2017\/11\/DRA-TARCIANA.jpg 620w, http:\/\/folhadosudeste.com\/site\/wp-content\/uploads\/2017\/11\/DRA-TARCIANA-300x112.jpg 300w\" sizes=\"auto, (max-width: 620px) 100vw, 620px\" \/><\/a><\/p>\n<p style=\"text-align: justify;\">A psic\u00f3loga e acad\u00eamica do curso de direito Dra.Tarciana Aguiar Braga ministrou uma importante palestra na manh\u00e3 do dia 27\/10, na sede da corpora\u00e7\u00e3o do Tiro de Guerra de Muria\u00e9. Tendo como p\u00fablico-alvo os quase 90 atiradores que se formam no final do m\u00eas de novembro. Com o tema \u2018Ver\u00e1s que um filho teu n\u00e3o foge \u00e0 luta\u2019, abordou a quest\u00e3o da motiva\u00e7\u00e3o e o amor \u00e0 p\u00e1tria.<\/p>\n<p style=\"text-align: justify;\"><em>&#8220;Nessa reta final do curso, busquei valorizar o empenho e a determina\u00e7\u00e3o para que encerrem a instru\u00e7\u00e3o com o mesmo vigor que iniciaram, ressaltando os pilares b\u00e1sicos da institui\u00e7\u00e3o que caminham no sentido da cidadania, civismo, corporativismo e disciplina.<\/em><\/p>\n<p style=\"text-align: justify;\">Destaca Dra. Tarciana que <em>\u201ca vida muito nos exige, conquistar vit\u00f3rias e formar verdadeiros combatentes comp\u00f5e superar obst\u00e1culos atrav\u00e9s de supera\u00e7\u00e3o e acendrado civismo. Agrade\u00e7o ao Sgto. Marco Ant\u00f4nio da Cunha pelo convite e ao atirador Ewander pelo interm\u00e9dio, ressalto que me sinto honrada pelaoportunidade, me colocando \u00e0 inteira disposi\u00e7\u00e3o para realiza\u00e7\u00e3o de novos eventos. Aos atiradores, minhas mais elevadas estimas, parabenizando-os pela disciplina e corporativismo. Desejo que no ato da consagra\u00e7\u00e3o da formatura possam celebrar o orgulho e a realiza\u00e7\u00e3o pessoal por ter cumprido com efici\u00eancia sua miss\u00e3o junto \u00e0 P\u00e1tria, se destacando enquanto essencialmente brasileiros\u201d<\/em><em>.<\/em><\/p>\n<p style=\"text-align: justify;\">O instrutor do TG, Sgto. Marco Ant\u00f4nio da Cunha, h\u00e1 2 anos na corpora\u00e7\u00e3o, explica que o grupo come\u00e7ou com 100 atiradores, mas ao longo do curso 13 foram desligados. Ele explica que o ano da instru\u00e7\u00e3o termina em 30 de novembro e refor\u00e7a que se aproxima o grande desafio do TG: a avalia\u00e7\u00e3o da instru\u00e7\u00e3o em nossa cidade, que ser\u00e1 feita por uma equipe de Belo Horizonte,que ir\u00e1 avaliar coletiva e individualmente. <em>\u201cCom a participa\u00e7\u00e3o da Dra. Tarciana Braga, pudemos ajudar na prepara\u00e7\u00e3o deles e na quest\u00e3o da motiva\u00e7\u00e3o. Agradecemos pela brilhante palestra que ela ministrou e cujos resultados foram muito satisfat\u00f3rios. Vale lembrar que o alistamento militar ocorre no ano em que o cidad\u00e3o completa 18 anos, sendo de 01\/01 a 30\/06, ocasi\u00e3o em que ele deve procurar a Junta de Servi\u00e7o Militar, localizada no 4\u00ba andar da C\u00e2mara de Vereadores, munido de seus documentos pessoais, foto 3\/4 e comprovante de resid\u00eancia para efetuar a inscri\u00e7\u00e3o. Quem n\u00e3o se alistar no per\u00edodo oportuno, quando completa 18 anos, se torna refrat\u00e1rio e complica sua situa\u00e7\u00e3o para tirar outros documentos, como matr\u00edcula na faculdade, passaporte, etc. Todos os cidad\u00e3os devem ter o documento de dispensa da corpora\u00e7\u00e3o ou certificado de reservista no caso de servir\u201d,<\/em> completa.<\/p>\n<p>[ngg_images source=&#8221;galleries&#8221; container_ids=&#8221;1172&#8243; display_type=&#8221;photocrati-nextgen_basic_thumbnails&#8221; override_thumbnail_settings=&#8221;0&#8243; thumbnail_width=&#8221;100&#8243; thumbnail_height=&#8221;75&#8243; thumbnail_crop=&#8221;1&#8243; images_per_page=&#8221;0&#8243; number_of_columns=&#8221;0&#8243; ajax_pagination=&#8221;0&#8243; show_all_in_lightbox=&#8221;0&#8243; use_imagebrowser_effect=&#8221;0&#8243; show_slideshow_link=&#8221;1&#8243; slideshow_link_text=&#8221;[Show as slideshow]&#8221; order_by=&#8221;sortorder&#8221; order_direction=&#8221;ASC&#8221; returns=&#8221;included&#8221; maximum_entity_count=&#8221;500&#8243;]<\/p>\n","protected":false},"excerpt":{"rendered":"<p>A psic\u00f3loga e acad\u00eamica do curso de direito Dra.Tarciana Aguiar Braga ministrou uma importante palestra na manh\u00e3 do dia 27\/10, na sede da corpora\u00e7\u00e3o do Tiro de Guerra de Muria\u00e9. Tendo como p\u00fablico-alvo os quase 90 atiradores que se formam no final do m\u00eas de novembro. Com o tema \u2018Ver\u00e1s que um filho teu n\u00e3o [&hellip;]<\/p>\n","protected":false},"author":2,"featured_media":45391,"comment_status":"open","ping_status":"closed","sticky":false,"template":"","format":"standard","meta":{"_joinchat":[],"footnotes":""},"categories":[1],"tags":[],"class_list":["post-45390","post","type-post","status-publish","format-standard","has-post-thumbnail","hentry","category-sem-categoria"],"_links":{"self":[{"href":"http:\/\/folhadosudeste.com\/site\/index.php?rest_route=\/wp\/v2\/posts\/45390","targetHints":{"allow":["GET"]}}],"collection":[{"href":"http:\/\/folhadosudeste.com\/site\/index.php?rest_route=\/wp\/v2\/posts"}],"about":[{"href":"http:\/\/folhadosudeste.com\/site\/index.php?rest_route=\/wp\/v2\/types\/post"}],"author":[{"embeddable":true,"href":"http:\/\/folhadosudeste.com\/site\/index.php?rest_route=\/wp\/v2\/users\/2"}],"replies":[{"embeddable":true,"href":"http:\/\/folhadosudeste.com\/site\/index.php?rest_route=%2Fwp%2Fv2%2Fcomments&post=45390"}],"version-history":[{"count":1,"href":"http:\/\/folhadosudeste.com\/site\/index.php?rest_route=\/wp\/v2\/posts\/45390\/revisions"}],"predecessor-version":[{"id":45400,"href":"http:\/\/folhadosudeste.com\/site\/index.php?rest_route=\/wp\/v2\/posts\/45390\/revisions\/45400"}],"wp:featuredmedia":[{"embeddable":true,"href":"http:\/\/folhadosudeste.com\/site\/index.php?rest_route=\/wp\/v2\/media\/45391"}],"wp:attachment":[{"href":"http:\/\/folhadosudeste.com\/site\/index.php?rest_route=%2Fwp%2Fv2%2Fmedia&parent=45390"}],"wp:term":[{"taxonomy":"category","embeddable":true,"href":"http:\/\/folhadosudeste.com\/site\/index.php?rest_route=%2Fwp%2Fv2%2Fcategories&post=45390"},{"taxonomy":"post_tag","embeddable":true,"href":"http:\/\/folhadosudeste.com\/site\/index.php?rest_route=%2Fwp%2Fv2%2Ftags&post=45390"}],"curies":[{"name":"wp","href":"https:\/\/api.w.org\/{rel}","templated":true}]}}