{"id":45428,"date":"2017-11-02T10:58:36","date_gmt":"2017-11-02T10:58:36","guid":{"rendered":"http:\/\/folhadosudeste.com\/site\/?p=45428"},"modified":"2017-11-06T11:24:05","modified_gmt":"2017-11-06T11:24:05","slug":"e-silveira-brum-realiza-feira-de-ciencias","status":"publish","type":"post","link":"http:\/\/folhadosudeste.com\/site\/?p=45428","title":{"rendered":"E. \u201cSILVEIRA BRUM\u201d REALIZA FEIRA DE CI\u00caNCIAS"},"content":{"rendered":"<p style=\"text-align: justify;\"><strong><a href=\"http:\/\/folhadosudeste.com\/site\/wp-content\/uploads\/2017\/11\/SILVEIRA-BRUM.jpg\"><img loading=\"lazy\" decoding=\"async\" class=\"aligncenter size-full wp-image-45429\" src=\"http:\/\/folhadosudeste.com\/site\/wp-content\/uploads\/2017\/11\/SILVEIRA-BRUM.jpg\" alt=\"\" width=\"620\" height=\"284\" srcset=\"http:\/\/folhadosudeste.com\/site\/wp-content\/uploads\/2017\/11\/SILVEIRA-BRUM.jpg 620w, http:\/\/folhadosudeste.com\/site\/wp-content\/uploads\/2017\/11\/SILVEIRA-BRUM-300x137.jpg 300w, http:\/\/folhadosudeste.com\/site\/wp-content\/uploads\/2017\/11\/SILVEIRA-BRUM-272x125.jpg 272w\" sizes=\"auto, (max-width: 620px) 100vw, 620px\" \/><\/a>&nbsp;<\/strong><\/p>\n<p style=\"text-align: justify;\">Na manh\u00e3 de s\u00e1bado (28\/10), foi realizada a Feira de Ci\u00eancias da Escola Estadual Silveira Brum com muito sucesso. Os pais e familiares dos alunos prestigiaram os trabalhos expostos e apresentados, bem como aprovaram as explica\u00e7\u00f5es dos estudantes, que mostraram o que t\u00eam aprendido.<\/p>\n<p style=\"text-align: justify;\">Segundo a diretora Nilza Helena F\u00e1tima de Souza Salvato, a Feira de Ci\u00eancias aconteceu em todas as escolas p\u00fablicas estaduais de Minas Gerais. Os temas apresentados, nesta escola, foram de acordo com os estudos realizados durante o ano letivo. Os alunos e familiares participaram ativamente da execu\u00e7\u00e3o dos trabalhos e grande parte desse sucesso se deve \u00e0 parceria ESCOLA\/FAM\u00ccLIA. Foi uma oportunidade de maior aprendizagem, avalia Nilza.<\/p>\n<p style=\"text-align: justify;\">Lara Vit\u00f3ria Leite Gon\u00e7alves, 6 anos, 1\u00ba ano na E.E. Silveira Brum, explica que sua maquete estava representando o Rio Muria\u00e9: \u201cEle est\u00e1 muito polu\u00eddo, devemos salv\u00e1-lo, n\u00e3o jogar lixo nele, porque ele est\u00e1 morrendo. Fiz o trabalho junto com minha m\u00e3e. Ficou muito bom, as pessoas gostaram\u201d, afirma.<\/p>\n<p style=\"text-align: justify;\">Heitor Tomas Fonseca de Aquino, 4\u00ba ano na Escola, explicou sobre o projeto da filtra\u00e7\u00e3o de \u00e1gua: \u201cQuando ela chega nas esta\u00e7\u00f5es, h\u00e1 diversas etapas de tratamento. A filtra\u00e7\u00e3o \u00e9 uma dessas etapas. Ela atravessa uma camada formada por areia, para tirar as impurezas s\u00f3lidas\u201d.<\/p>\n<p style=\"text-align: justify;\">Pablo Giovani completa: \u201cA filtra\u00e7\u00e3o da \u00e1gua serve para bebermos \u00e1gua limpa, evitar doen\u00e7as e bact\u00e9rias. Colocamos \u00e1gua, pedra, carv\u00e3o, algod\u00e3o e cascalho grosso\u201d.<\/p>\n<p style=\"text-align: justify;\">Bernardo Oliveira Sarapi\u00e3o, do 1\u00ba ano, lembra que precisamos plantar mais \u00e1rvores, diminuir as queimadas e reduzir o uso de agrot\u00f3xicos nas planta\u00e7\u00f5es. \u201cE tamb\u00e9m n\u00e3o jogar lixo nos lugares inapropriados, conscientizando para as pessoas n\u00e3o fazerem isso\u201d, destaca.<\/p>\n<p style=\"text-align: justify;\">Maria Eduarda Fontes Ramos, do 5\u00ba ano, lembra que o Sistema Solar \u00e9 formado por planetas de diferentes tamanhos. \u201cO Sol \u00e9 uma estrela de pequeno porte que habita na Via L\u00e1ctea e \u00e9 muito importante. S\u00e3o 8 planetas, sendo que Plut\u00e3o \u00e9 um planeta-an\u00e3o. A feira foi incr\u00edvel\u201d, analisa.<\/p>\n<p style=\"text-align: justify;\">Assim como esses alunos mencionados, todos os outros queriam que os visitantes assistissem as explica\u00e7\u00f5es dos seus trabalhos realizados e as faziam com muita desenvoltura e compet\u00eancia.<\/p>\n<p style=\"text-align: justify;\">A diretora e toda a equipe da E.E. \u201cSilveira Brum\u201d agradecem aos familiares pelo grande apoio ao evento e aos visitantes que vieram prestigiar esta FEIRA DE CI\u00caNCIAS.<\/p>\n<p>[ngg_images source=&#8221;galleries&#8221; container_ids=&#8221;1180&#8243; display_type=&#8221;photocrati-nextgen_basic_thumbnails&#8221; override_thumbnail_settings=&#8221;0&#8243; thumbnail_width=&#8221;100&#8243; thumbnail_height=&#8221;75&#8243; thumbnail_crop=&#8221;1&#8243; images_per_page=&#8221;0&#8243; number_of_columns=&#8221;0&#8243; ajax_pagination=&#8221;0&#8243; show_all_in_lightbox=&#8221;0&#8243; use_imagebrowser_effect=&#8221;0&#8243; show_slideshow_link=&#8221;1&#8243; slideshow_link_text=&#8221;[Show as slideshow]&#8221; order_by=&#8221;sortorder&#8221; order_direction=&#8221;ASC&#8221; returns=&#8221;included&#8221; maximum_entity_count=&#8221;500&#8243;]<\/p>\n","protected":false},"excerpt":{"rendered":"<p>&nbsp; Na manh\u00e3 de s\u00e1bado (28\/10), foi realizada a Feira de Ci\u00eancias da Escola Estadual Silveira Brum com muito sucesso. Os pais e familiares dos alunos prestigiaram os trabalhos expostos e apresentados, bem como aprovaram as explica\u00e7\u00f5es dos estudantes, que mostraram o que t\u00eam aprendido. Segundo a diretora Nilza Helena F\u00e1tima de Souza Salvato, a [&hellip;]<\/p>\n","protected":false},"author":2,"featured_media":45429,"comment_status":"open","ping_status":"closed","sticky":false,"template":"","format":"standard","meta":{"_joinchat":[],"footnotes":""},"categories":[1],"tags":[],"class_list":["post-45428","post","type-post","status-publish","format-standard","has-post-thumbnail","hentry","category-sem-categoria"],"_links":{"self":[{"href":"http:\/\/folhadosudeste.com\/site\/index.php?rest_route=\/wp\/v2\/posts\/45428","targetHints":{"allow":["GET"]}}],"collection":[{"href":"http:\/\/folhadosudeste.com\/site\/index.php?rest_route=\/wp\/v2\/posts"}],"about":[{"href":"http:\/\/folhadosudeste.com\/site\/index.php?rest_route=\/wp\/v2\/types\/post"}],"author":[{"embeddable":true,"href":"http:\/\/folhadosudeste.com\/site\/index.php?rest_route=\/wp\/v2\/users\/2"}],"replies":[{"embeddable":true,"href":"http:\/\/folhadosudeste.com\/site\/index.php?rest_route=%2Fwp%2Fv2%2Fcomments&post=45428"}],"version-history":[{"count":3,"href":"http:\/\/folhadosudeste.com\/site\/index.php?rest_route=\/wp\/v2\/posts\/45428\/revisions"}],"predecessor-version":[{"id":45762,"href":"http:\/\/folhadosudeste.com\/site\/index.php?rest_route=\/wp\/v2\/posts\/45428\/revisions\/45762"}],"wp:featuredmedia":[{"embeddable":true,"href":"http:\/\/folhadosudeste.com\/site\/index.php?rest_route=\/wp\/v2\/media\/45429"}],"wp:attachment":[{"href":"http:\/\/folhadosudeste.com\/site\/index.php?rest_route=%2Fwp%2Fv2%2Fmedia&parent=45428"}],"wp:term":[{"taxonomy":"category","embeddable":true,"href":"http:\/\/folhadosudeste.com\/site\/index.php?rest_route=%2Fwp%2Fv2%2Fcategories&post=45428"},{"taxonomy":"post_tag","embeddable":true,"href":"http:\/\/folhadosudeste.com\/site\/index.php?rest_route=%2Fwp%2Fv2%2Ftags&post=45428"}],"curies":[{"name":"wp","href":"https:\/\/api.w.org\/{rel}","templated":true}]}}