{"id":45463,"date":"2017-11-02T11:04:00","date_gmt":"2017-11-02T11:04:00","guid":{"rendered":"http:\/\/folhadosudeste.com\/site\/?p=45463"},"modified":"2017-11-02T11:04:00","modified_gmt":"2017-11-02T11:04:00","slug":"crcmg-entrega-mais-duas-carteiras-de-identidade-profissional","status":"publish","type":"post","link":"http:\/\/folhadosudeste.com\/site\/?p=45463","title":{"rendered":"CRCMG ENTREGA MAIS DUAS CARTEIRAS DE IDENTIDADE PROFISSIONAL"},"content":{"rendered":"<p style=\"text-align: justify;\"><a href=\"http:\/\/folhadosudeste.com\/site\/wp-content\/uploads\/2017\/11\/LUIZ-DAGNONI.jpg\"><img loading=\"lazy\" decoding=\"async\" class=\"aligncenter size-full wp-image-45464\" src=\"http:\/\/folhadosudeste.com\/site\/wp-content\/uploads\/2017\/11\/LUIZ-DAGNONI.jpg\" alt=\"\" width=\"620\" height=\"247\" srcset=\"http:\/\/folhadosudeste.com\/site\/wp-content\/uploads\/2017\/11\/LUIZ-DAGNONI.jpg 620w, http:\/\/folhadosudeste.com\/site\/wp-content\/uploads\/2017\/11\/LUIZ-DAGNONI-300x120.jpg 300w\" sizes=\"auto, (max-width: 620px) 100vw, 620px\" \/><\/a><\/p>\n<p style=\"text-align: justify;\">Foi realizada, na tarde da \u00faltima quarta (1\u00ba), pela Delegacia Seccional do CRCMG \u2013 Muria\u00e9, em sua sede, a entrega de mais duas&nbsp;Carteiras de Identidade Profissional aos novos contadores: B\u00e1rbara Machado Chaves (CRC MG 119676\/0-O) e Thiago Souza de Paula (CRC MG 119660\/0-O), concedidas pelas m\u00e3os de Luis Dagnoni Filho, delegado seccional da CRMG Muria\u00e9. Eles fizeram na ocasi\u00e3o o juramento da profiss\u00e3o.<\/p>\n<p style=\"text-align: justify;\">B\u00e1rbara, que se formou Bacharel em Ci\u00eancias Cont\u00e1beis pelo Centro Universit\u00e1rio UNIFAMINAS, ap\u00f3s 4 anos de dedica\u00e7\u00e3o nos estudos, trabalha atualmente no escrit\u00f3rio de seu pai, a empresa L.A. Contabilidade. <em>\u201c\u00c9 uma profiss\u00e3o que est\u00e1 crescendo no mercado e sendo cada vez mais valorizada. Sinto uma grande satisfa\u00e7\u00e3o em receber essa habilita\u00e7\u00e3o e seguir a carreira do meu pai. Espero contribuir de maneira satisfat\u00f3ria para nossa regi\u00e3o como profissional e honrar a profiss\u00e3o cont\u00e1bil\u201d,<\/em> avalia.<\/p>\n<p style=\"text-align: justify;\">Segundo Luis Dagnoni Filho, entregar as&nbsp;Carteiras de Identidade Profissional \u00e9 um prazer muito grande, representando um \u00f3rg\u00e3o t\u00e3o importante. <em>\u201cFico muito feliz de ver jovens em uma profiss\u00e3o promissora como a nossa. Desejo que possam fazer um bom trabalho na cidade. O Conselho Regional est\u00e1 voltado para a valoriza\u00e7\u00e3o do profissional e \u00e9 muito importante para despertar neles a vontade de fazer um trabalho bem feito. S\u00e3o profissionais que mostram ter um futuro brilhante, com a experi\u00eancia, \u00e9tica e responsabilidade, o que nos deixa muito feliz. Eles escolheram o caminho que acharam melhor. As empresas, \u00e0s vezes, n\u00e3o exigem muito do profissional de contabilidade, ent\u00e3o muitos acomodam. Mas o Conselho est\u00e1 preocupado com a educa\u00e7\u00e3o, para que cada contador esteja sempre atualizado. Tem novas normas para o setor p\u00fablico tamb\u00e9m e o \u00fanico profissional que tem a habilita\u00e7\u00e3o para transcender isso para a popula\u00e7\u00e3o \u00e9 o contador. Muitas vezes esses profissionais n\u00e3o s\u00e3o mostrados para a sociedade, mas a contabilidade est\u00e1 pronta para trazer muita transpar\u00eancia\u201d,<\/em> afirma.<\/p>\n<p>[ngg_images source=&#8221;galleries&#8221; container_ids=&#8221;1175&#8243; display_type=&#8221;photocrati-nextgen_basic_thumbnails&#8221; override_thumbnail_settings=&#8221;0&#8243; thumbnail_width=&#8221;100&#8243; thumbnail_height=&#8221;75&#8243; thumbnail_crop=&#8221;1&#8243; images_per_page=&#8221;0&#8243; number_of_columns=&#8221;0&#8243; ajax_pagination=&#8221;0&#8243; show_all_in_lightbox=&#8221;0&#8243; use_imagebrowser_effect=&#8221;0&#8243; show_slideshow_link=&#8221;1&#8243; slideshow_link_text=&#8221;[Show as slideshow]&#8221; order_by=&#8221;sortorder&#8221; order_direction=&#8221;ASC&#8221; returns=&#8221;included&#8221; maximum_entity_count=&#8221;500&#8243;]<\/p>\n","protected":false},"excerpt":{"rendered":"<p>Foi realizada, na tarde da \u00faltima quarta (1\u00ba), pela Delegacia Seccional do CRCMG \u2013 Muria\u00e9, em sua sede, a entrega de mais duas&nbsp;Carteiras de Identidade Profissional aos novos contadores: B\u00e1rbara Machado Chaves (CRC MG 119676\/0-O) e Thiago Souza de Paula (CRC MG 119660\/0-O), concedidas pelas m\u00e3os de Luis Dagnoni Filho, delegado seccional da CRMG Muria\u00e9. [&hellip;]<\/p>\n","protected":false},"author":2,"featured_media":45464,"comment_status":"open","ping_status":"closed","sticky":false,"template":"","format":"standard","meta":{"_joinchat":[],"footnotes":""},"categories":[1],"tags":[],"class_list":["post-45463","post","type-post","status-publish","format-standard","has-post-thumbnail","hentry","category-sem-categoria"],"_links":{"self":[{"href":"http:\/\/folhadosudeste.com\/site\/index.php?rest_route=\/wp\/v2\/posts\/45463","targetHints":{"allow":["GET"]}}],"collection":[{"href":"http:\/\/folhadosudeste.com\/site\/index.php?rest_route=\/wp\/v2\/posts"}],"about":[{"href":"http:\/\/folhadosudeste.com\/site\/index.php?rest_route=\/wp\/v2\/types\/post"}],"author":[{"embeddable":true,"href":"http:\/\/folhadosudeste.com\/site\/index.php?rest_route=\/wp\/v2\/users\/2"}],"replies":[{"embeddable":true,"href":"http:\/\/folhadosudeste.com\/site\/index.php?rest_route=%2Fwp%2Fv2%2Fcomments&post=45463"}],"version-history":[{"count":1,"href":"http:\/\/folhadosudeste.com\/site\/index.php?rest_route=\/wp\/v2\/posts\/45463\/revisions"}],"predecessor-version":[{"id":45473,"href":"http:\/\/folhadosudeste.com\/site\/index.php?rest_route=\/wp\/v2\/posts\/45463\/revisions\/45473"}],"wp:featuredmedia":[{"embeddable":true,"href":"http:\/\/folhadosudeste.com\/site\/index.php?rest_route=\/wp\/v2\/media\/45464"}],"wp:attachment":[{"href":"http:\/\/folhadosudeste.com\/site\/index.php?rest_route=%2Fwp%2Fv2%2Fmedia&parent=45463"}],"wp:term":[{"taxonomy":"category","embeddable":true,"href":"http:\/\/folhadosudeste.com\/site\/index.php?rest_route=%2Fwp%2Fv2%2Fcategories&post=45463"},{"taxonomy":"post_tag","embeddable":true,"href":"http:\/\/folhadosudeste.com\/site\/index.php?rest_route=%2Fwp%2Fv2%2Ftags&post=45463"}],"curies":[{"name":"wp","href":"https:\/\/api.w.org\/{rel}","templated":true}]}}