{"id":45474,"date":"2017-11-02T11:08:32","date_gmt":"2017-11-02T11:08:32","guid":{"rendered":"http:\/\/folhadosudeste.com\/site\/?p=45474"},"modified":"2017-11-02T11:08:32","modified_gmt":"2017-11-02T11:08:32","slug":"comemoracao-do-dia-do-servidor-publico-e-dos-20-anos-do-muriae-prev","status":"publish","type":"post","link":"http:\/\/folhadosudeste.com\/site\/?p=45474","title":{"rendered":"COMEMORA\u00c7\u00c3O DO DIA DO SERVIDOR P\u00daBLICO E DOS 20 ANOS DO MURIA\u00c9-PREV"},"content":{"rendered":"<p style=\"text-align: justify;\"><a href=\"http:\/\/folhadosudeste.com\/site\/wp-content\/uploads\/2017\/11\/MURIAE-PREV.jpg\"><img loading=\"lazy\" decoding=\"async\" class=\"aligncenter size-full wp-image-45475\" src=\"http:\/\/folhadosudeste.com\/site\/wp-content\/uploads\/2017\/11\/MURIAE-PREV.jpg\" alt=\"\" width=\"620\" height=\"229\" srcset=\"http:\/\/folhadosudeste.com\/site\/wp-content\/uploads\/2017\/11\/MURIAE-PREV.jpg 620w, http:\/\/folhadosudeste.com\/site\/wp-content\/uploads\/2017\/11\/MURIAE-PREV-300x111.jpg 300w\" sizes=\"auto, (max-width: 620px) 100vw, 620px\" \/><\/a><\/p>\n<p style=\"text-align: justify;\">O MURIA\u00c9-PREV realizou, na noite da \u00faltima sexta (27), na Casa da Amizade, uma palestra especial em comemora\u00e7\u00e3o ao Dia do Servidor P\u00fablico, oficialmente celebrado em 28 de outubro. Na ocasi\u00e3o, tamb\u00e9m foram celebrados os 20 anos de hist\u00f3ria bem sucedida do MURIA\u00c9-PREV.<\/p>\n<p style=\"text-align: justify;\">O palestrante Dr. Otoni Gon\u00e7alves Guimaraes \u00e9 ex-auditor da Receita Federal do Brasil (junto ao Minist\u00e9rio da Previd\u00eancia Social), hoje aposentado como auditor, mas tamb\u00e9m consultor na \u00e1rea previdenci\u00e1ria, gest\u00e3o publica e professor. Segundo ele, a ideia \u00e9 trazer uma s\u00e9rie de reflex\u00f5es a respeito do pr\u00f3prio servidor p\u00fablico, tentar buscar contextualiz\u00e1-lo, seu hist\u00f3rico, o contexto da legalidade, e, principalmente, o contexto social, ou seja, quem ele \u00e9 na sociedade. Ministrou uma palestra voltada para o servidor p\u00fablico (seus direitos e deveres e a sua import\u00e2ncia na sociedade). <em>\u201c\u00c9 importante fazer esse paralelo. Mesmo com todas as dificuldades, temos muito que comemorar, tanto pela pr\u00f3pria vida, quanto pelas atividades. Temos que buscar motiva\u00e7\u00e3o ao longo do percurso, valorizar a pr\u00f3pria gest\u00e3o p\u00fablica e a ess\u00eancia, que \u00e9 o servidor\u201d,<\/em> explica.<\/p>\n<p style=\"text-align: justify;\">Para Mauro Costa de Oliveira, gerente geral da Caixa Econ\u00f4mica Federal \u2013Ag\u00eancia Muria\u00e9 (Centro), h\u00e1 2 meses no cargo, o MURIA\u00c9-PREV representa um parceiro important\u00edssimo, de longa data, e essa parceria vem se aprimorando, fazendo todos ganharem. <em>\u201cObservamos uma gest\u00e3o profissional, competente, e a Caixa n\u00e3o poderia ficar fora desse processo. A inten\u00e7\u00e3o \u00e9 fortalecer cada vez mais essa parceria. Estamos com alguns projetos para ano que vem, junto com a Superintend\u00eancia Regional, que fica em Juiz de Fora. Estamos sempre em contato com os diretores, buscando novas oportunidades e parcerias, a rentabilidade do MURIA\u00c9-PREV para que o servidor tenha no futuro uma previd\u00eancia saud\u00e1vel e possa guardar e garantir seu futuro, brilhante e tranq\u00fcilo, tudo com uma gest\u00e3o profissional, o vemos hoje no MURIA\u00c9-PREV\u201d,<\/em> acrescenta.<\/p>\n<p style=\"text-align: justify;\">De acordo com o presidente do MURIA\u00c9-PREV, Ant\u00f4nio Jos\u00e9 Pereira de Oliveira, a import\u00e2ncia desse evento para o \u00f3rg\u00e3o \u00e9 o reconhecimento, o trabalho prestado aos servidores, que \u201cd\u00e3o o sangue\u201d pela cidade. Al\u00e9m disso, sem o servidor p\u00fablico, a cidade seria um caos. Ant\u00f4nio Jos\u00e9 aproveitou a oportunidade para fazer uma presta\u00e7\u00e3o de contas.<em> \u201cTemos muito que agradecer ao pessoal da coleta de lixo, do esgoto, da sa\u00fade, da \u00e1gua, da educa\u00e7\u00e3o, e todos em geral que proporcionam um bom andamento e funcionamento para o munic\u00edpio. O MURIA\u00c9-PREV \u00e9 o maior patrim\u00f4nio do servidor, ent\u00e3o nada mais justo que prestarmos essa homenagem, comemorando o dia do servidor p\u00fablico e os 20 anos de exist\u00eancia vitoriosa deste \u00f3rg\u00e3o, que atualmente \u00e9 considerado o 1\u00b0 RPPS (Regime Pr\u00f3prio de Previd\u00eancia Social) da Zona da Mata Mineira. Estamos muitos satisfeitos com os resultados da nossa gest\u00e3o. A equipe do MURIA\u00c9-PREV parabeniza todos os servidores p\u00fablicos municipais e agradece a Caixa Econ\u00f4mica Federal, que j\u00e1 \u00e9 nossa parceria h\u00e1 longos anos, sempre patrocinando nossos eventos, e \u00e9 uma parceria vitoriosa. Ant\u00f4nio Jos\u00e9 disse ainda que esta \u00e9 uma pequena homenagem aos servidores representantes de todos os seguimentos da Administra\u00e7\u00e3o que receberam t\u00edtulos de Honra ao M\u00e9rito\u201d, <\/em>completa.<\/p>\n<p style=\"text-align: justify;\">Alessandro Rodrigues Campos, assumiu, em 2012, a presid\u00eancia do Comit\u00ea de Investimentos. Ele destaca o patrim\u00f4nio l\u00edquido de R$ 78 milh\u00f5es do MURIA\u00c9-PREV e que \u00e9 um desafio muito grande fazer dele um dos maiores fundos previdenci\u00e1rios, j\u00e1 que foi essa a promessa nos setores municipais. <em>\u201cAno que vem o Ant\u00f4nio Jos\u00e9 encerrar\u00e1 o segundo mandato de gest\u00e3o e \u00e9 com grande satisfa\u00e7\u00e3o que digo que vamos entregar ao pr\u00f3ximo gestor, com patrim\u00f4nio l\u00edquido de R$ 200 milh\u00f5es, o maior fundo de previd\u00eancia da Zona da Mata Mineira. Os direitos previdenci\u00e1rios est\u00e3o garantidos\u201d,<\/em> explica.<\/p>\n<p style=\"text-align: justify;\">Dr. Marcos Guarino, vice-prefeito de Muria\u00e9, tamb\u00e9m aproveitou a oportunidade para parabenizar todos os servidores p\u00fablicos de Muria\u00e9 e a gest\u00e3o da equipe do Ant\u00f4nio Jos\u00e9, que vem fazendo um excelente trabalho no MURIA\u00c9-PREV. <em>\u201cEles carregam o sistema p\u00fablico em geral e isso nos deixa muito satisfeito e honrados\u201d,<\/em> analisa.<\/p>\n<p style=\"text-align: justify;\">Segundo Jo\u00e3o Francisco dos Santos, chefe de gabinete \u2013 que esteve representando o prefeito Grego, impossibilitado de comparecer devido a outros compromissos agendados \u2013, afirmou que essa foi uma festa maravilhosa. <em>\u201cIniciei minha carreira com 20 anos de idade. Fui servidor concursado durante 11 anos, e, naquela \u00e9poca, n\u00e3o t\u00ednhamos MURIA\u00c9-PREV. Realmente, \u00e9 um patrim\u00f4nio muriaeense, para garantir a aposentadoria dos servidores\u201d,<\/em> refor\u00e7a.<\/p>\n<p style=\"text-align: justify;\">Maria da Concei\u00e7\u00e3o Rodrigues de Souza (Nininha), secret\u00e1ria municipal de Educa\u00e7\u00e3o, foi homenageada na ocasi\u00e3o. <em>\u201c\u00c9 uma satisfa\u00e7\u00e3o muito grande estar \u00e0 frente de uma secretaria t\u00e3o grande e o maior n\u00famero de funcion\u00e1rios se concentra em nossa pasta. Felizmente, eles t\u00eam o Ant\u00f4nio Jos\u00e9 e sua equipe frente ao MURIA\u00c9-PREV, que tem nos procurado sempre, para fazer trabalho de conscientiza\u00e7\u00e3o. O MURIA\u00c9-PREV est\u00e1 com uma parceria muito boa\u201d,<\/em> destaca.<\/p>\n<p style=\"text-align: justify;\">Maria Cristina Navarro, ex-secret\u00e1ria de Educa\u00e7\u00e3o, hoje aposentada no MURIA\u00c9-PREV, tamb\u00e9m foi homenageada. <em>\u201c\u00c9 uma satisfa\u00e7\u00e3o imensa receber essa Honra ao M\u00e9rito do Servidor P\u00fablico. Inclusive, dedico essa premia\u00e7\u00e3o a todas as minhas colegas servidoras da Educa\u00e7\u00e3o, pelo trabalho, dedica\u00e7\u00e3o e compromisso. \u00c9 muito gratificante. Fiquei muito feliz\u201d,<\/em> exp\u00f5e.<\/p>\n<p style=\"text-align: justify;\">Jair Abreu, servidor p\u00fablico estadual h\u00e1 38 anos e meio, \u00e9 conselheiro nato do Poder Legislativo no MURIA\u00c9-PREV e participa de todas as reuni\u00f5es. Explicou que o MURIA\u00c9-PREV \u00e9 um \u00f3rg\u00e3o para atender bem ao servidor p\u00fablico municipal. <em>\u201cA equipe do MURIA\u00c9-PREV est\u00e1 muito bem direcionada na pessoa do Ant\u00f4nio Jos\u00e9, atendendo bem \u00e0s adapta\u00e7\u00f5es, bem fortalecida naquilo que se prop\u00f5e. \u00c9 uma responsabilidade muito grande gerir esse capital, mas vemos que est\u00e1 tudo consolidado, de forma transparente, mostrando tudo o que \u00e9 feito para n\u00f3s, parabenizo a todos os servidores p\u00fablicos e ao MURIA\u00c9-PREV pelos 20 anos de exist\u00eancia\u201d,<\/em> finaliza.<\/p>\n<p style=\"text-align: justify;\">A servidora Sandra Suely da Silva (Sussu), 33 anos de prefeitura no departamento pessoal) \u00e9 exemplo de dedica\u00e7\u00e3o ao servi\u00e7o P\u00fablico, documentos e situa\u00e7\u00e3o funcional de todos os servidores municipais dependem de seu trabalho. <em>\u201cComo servidora eu aprendi a servir, ent\u00e3o isso me deu este diferencial; me sinto muito honrada com esta homenagem, sei que tenho feito o meu melhor, porque onde trabalho \u00e9 muita responsabilidade, com pessoal e documentos, \u00e9 preciso estar muito atenta, para n\u00e3o cometer erros, que podem trazer preju\u00edzos para os funcion\u00e1rios. O MURIA\u00c9 PREV, com a equipe do Ant\u00f4nio Jos\u00e9, s\u00e3o pessoas excelentes, tamb\u00e9m como servidores, temos anos de trabalho juntos, confio no trabalho deles, s\u00e3o muitos respons\u00e1veis, porque \u00e9 uma parceria, do Muria\u00e9 Prev com a Prefeitura, porque toda a vida profissional do funcion\u00e1rio p\u00fablico passa pelo departamento pessoal da prefeitura de Muria\u00e9\u201d,<\/em> finalizou.<\/p>\n<p style=\"text-align: justify;\">Tamb\u00e9m este presente no evento o Secret\u00e1rio Municipal de Planejamento e Gest\u00e3o, (Silvio M\u00e1rcio Bousada Salvato). O Secret\u00e1rio Municipal de Fazenda, (C\u00e9lio Carlos Rosa de Paula), o Secret\u00e1rio Municipal de Administra\u00e7\u00e3o (Dr. S\u00e9rgio Soares Duarte), O vereador Dr. Jos\u00e9 Carlos Alves Cerqueira e a vereadora Miriam Facchini.<\/p>\n<p>[ngg_images source=&#8221;galleries&#8221; container_ids=&#8221;1176&#8243; display_type=&#8221;photocrati-nextgen_basic_thumbnails&#8221; override_thumbnail_settings=&#8221;0&#8243; thumbnail_width=&#8221;100&#8243; thumbnail_height=&#8221;75&#8243; thumbnail_crop=&#8221;1&#8243; images_per_page=&#8221;0&#8243; number_of_columns=&#8221;0&#8243; ajax_pagination=&#8221;0&#8243; show_all_in_lightbox=&#8221;0&#8243; use_imagebrowser_effect=&#8221;0&#8243; show_slideshow_link=&#8221;1&#8243; slideshow_link_text=&#8221;[Show as slideshow]&#8221; order_by=&#8221;sortorder&#8221; order_direction=&#8221;ASC&#8221; returns=&#8221;included&#8221; maximum_entity_count=&#8221;500&#8243;]<\/p>\n","protected":false},"excerpt":{"rendered":"<p>O MURIA\u00c9-PREV realizou, na noite da \u00faltima sexta (27), na Casa da Amizade, uma palestra especial em comemora\u00e7\u00e3o ao Dia do Servidor P\u00fablico, oficialmente celebrado em 28 de outubro. Na ocasi\u00e3o, tamb\u00e9m foram celebrados os 20 anos de hist\u00f3ria bem sucedida do MURIA\u00c9-PREV. O palestrante Dr. Otoni Gon\u00e7alves Guimaraes \u00e9 ex-auditor da Receita Federal do [&hellip;]<\/p>\n","protected":false},"author":2,"featured_media":45475,"comment_status":"open","ping_status":"closed","sticky":false,"template":"","format":"standard","meta":{"_joinchat":[],"footnotes":""},"categories":[1],"tags":[],"class_list":["post-45474","post","type-post","status-publish","format-standard","has-post-thumbnail","hentry","category-sem-categoria"],"_links":{"self":[{"href":"http:\/\/folhadosudeste.com\/site\/index.php?rest_route=\/wp\/v2\/posts\/45474","targetHints":{"allow":["GET"]}}],"collection":[{"href":"http:\/\/folhadosudeste.com\/site\/index.php?rest_route=\/wp\/v2\/posts"}],"about":[{"href":"http:\/\/folhadosudeste.com\/site\/index.php?rest_route=\/wp\/v2\/types\/post"}],"author":[{"embeddable":true,"href":"http:\/\/folhadosudeste.com\/site\/index.php?rest_route=\/wp\/v2\/users\/2"}],"replies":[{"embeddable":true,"href":"http:\/\/folhadosudeste.com\/site\/index.php?rest_route=%2Fwp%2Fv2%2Fcomments&post=45474"}],"version-history":[{"count":1,"href":"http:\/\/folhadosudeste.com\/site\/index.php?rest_route=\/wp\/v2\/posts\/45474\/revisions"}],"predecessor-version":[{"id":45524,"href":"http:\/\/folhadosudeste.com\/site\/index.php?rest_route=\/wp\/v2\/posts\/45474\/revisions\/45524"}],"wp:featuredmedia":[{"embeddable":true,"href":"http:\/\/folhadosudeste.com\/site\/index.php?rest_route=\/wp\/v2\/media\/45475"}],"wp:attachment":[{"href":"http:\/\/folhadosudeste.com\/site\/index.php?rest_route=%2Fwp%2Fv2%2Fmedia&parent=45474"}],"wp:term":[{"taxonomy":"category","embeddable":true,"href":"http:\/\/folhadosudeste.com\/site\/index.php?rest_route=%2Fwp%2Fv2%2Fcategories&post=45474"},{"taxonomy":"post_tag","embeddable":true,"href":"http:\/\/folhadosudeste.com\/site\/index.php?rest_route=%2Fwp%2Fv2%2Ftags&post=45474"}],"curies":[{"name":"wp","href":"https:\/\/api.w.org\/{rel}","templated":true}]}}