{"id":45582,"date":"2017-11-02T11:15:47","date_gmt":"2017-11-02T11:15:47","guid":{"rendered":"http:\/\/folhadosudeste.com\/site\/?p=45582"},"modified":"2017-11-02T11:15:47","modified_gmt":"2017-11-02T11:15:47","slug":"muriae-realiza-conferencia-municipal-popular-de-educacao","status":"publish","type":"post","link":"http:\/\/folhadosudeste.com\/site\/?p=45582","title":{"rendered":"MURIA\u00c9 REALIZA CONFER\u00caNCIA MUNICIPAL POPULAR DE EDUCA\u00c7\u00c3O"},"content":{"rendered":"<p style=\"text-align: justify;\"><a href=\"http:\/\/folhadosudeste.com\/site\/wp-content\/uploads\/2017\/11\/CONFERENCIA.jpg\"><img loading=\"lazy\" decoding=\"async\" class=\"aligncenter size-full wp-image-45583\" src=\"http:\/\/folhadosudeste.com\/site\/wp-content\/uploads\/2017\/11\/CONFERENCIA.jpg\" alt=\"\" width=\"620\" height=\"236\" srcset=\"http:\/\/folhadosudeste.com\/site\/wp-content\/uploads\/2017\/11\/CONFERENCIA.jpg 620w, http:\/\/folhadosudeste.com\/site\/wp-content\/uploads\/2017\/11\/CONFERENCIA-300x114.jpg 300w\" sizes=\"auto, (max-width: 620px) 100vw, 620px\" \/><\/a><\/p>\n<p style=\"text-align: justify;\">A Prefeitura de Muria\u00e9, por meio da Secretaria Municipal de Educa\u00e7\u00e3o, Esporte e Lazer, em parceria com a Superintend\u00eancia Regional de Ensino , Rede Privada , Pais, Alunos, Conselho Municipal de Educa\u00e7\u00e3o,Movimentos Sociais, realizou essa semana em duas etapas, sua Confer\u00eancia Municipal Popular de Educa\u00e7\u00e3o. A abertura foi feita na segunda-feira (30), no Anfiteatro do Col\u00e9gio Santa Marcelina,&nbsp; tendo como palestrante a professora Maria das Gra\u00e7as Bittencourt (Fite), com o tema \u2018A qualidade Social da Educa\u00e7\u00e3o e a Garantia dos Direitos da Aprendizagem dos Alunos\u2019. A segunda etapa aconteceu na ter\u00e7a-feira (31), no Centro Universit\u00e1rio UNIFAMINAS. Este momento foi enriquecido com a palestra da Prof\u00aa Dra. Em\u00edlia Cipriano (tema: \u2018Saberes e Sabores de um Educador \u2013 Etapa P\u00fablica de Ensino\u2019) e o estudo dos 9 eixos do PNE. Foi um momento de participa\u00e7\u00e3o democr\u00e1tica que terminou com a elei\u00e7\u00e3o dos delegados da etapa territorial, da Confer\u00eancia que acontecer\u00e1 em Santos Dumont.<\/p>\n<p style=\"text-align: justify;\">Objetivo geral foi a mobiliza\u00e7\u00e3o social e apresenta\u00e7\u00e3o do conjunto de propostas relativas ao monitoramento e avalia\u00e7\u00e3o e \u00e0 efetiva implementa\u00e7\u00e3o do Plano Nacional de Educa\u00e7\u00e3o \u2013 PNE.<\/p>\n<p style=\"text-align: justify;\">A Secret\u00e1ria Municipal de Educa\u00e7\u00e3o Esporte e Lazer, Maria da Concei\u00e7\u00e3o Rodrigues de Souza (Nininha), afirma que os educadores estiveram preparados para a confer\u00eancia sendo envolvidos os representantes de todas as redes (Municipal, Estadual, Ensino Superior, Privadas, movimentos sociais, pais e alunos). \u201c<em>Essa experi\u00eancia contribuiram para o estudo que estamos fazendo visando a qualidade da educa\u00e7\u00e3o. Foram dias altamente produtivos, com os estudos dos eixos. Tivemos o enriquecimento de nossas professoras Em\u00edlia Cipriano e Maria das Gra\u00e7as Bittecourt, que falaram sobre o trabalho do professor na sala de aula. Foi um evento muito importante para o Munic\u00edpio de Muria\u00e9, uma vez que havia representa\u00e7\u00e3o de todas as redes.Momentos como estes, fortalecem nosso prop\u00f3sito de desenvolver uma educa\u00e7\u00e3o de qualidade, objetivando o sucesso e o progresso do aluno.<\/em><\/p>\n<p style=\"text-align: justify;\">Para Sandro Areal Carrizo, diretor da Superintend\u00eancia Regional de Ensino, a confer\u00eancia popular \u00e9 um momento de debate, discuss\u00e3o, reflex\u00f5es e apresenta\u00e7\u00e3o de propostas para melhorar a cidade, o estado e o pa\u00eds.<em> \u201cOs delegados eleitos ir\u00e3o para uma confer\u00eancia Intermunicipal, que acontecer\u00e1 em 25 de novembro na cidade de Santos Dumont MG. Acredito que foi um evento muito positivo, uma parceria que deu certo, e \u00e9 important\u00edssima essa participa\u00e7\u00e3o das faculdades, escolas e prefeituras\u201d.<\/em><\/p>\n<p>[ngg_images source=&#8221;galleries&#8221; container_ids=&#8221;1178&#8243; display_type=&#8221;photocrati-nextgen_basic_thumbnails&#8221; override_thumbnail_settings=&#8221;0&#8243; thumbnail_width=&#8221;100&#8243; thumbnail_height=&#8221;75&#8243; thumbnail_crop=&#8221;1&#8243; images_per_page=&#8221;0&#8243; number_of_columns=&#8221;0&#8243; ajax_pagination=&#8221;0&#8243; show_all_in_lightbox=&#8221;0&#8243; use_imagebrowser_effect=&#8221;0&#8243; show_slideshow_link=&#8221;1&#8243; slideshow_link_text=&#8221;[Show as slideshow]&#8221; order_by=&#8221;sortorder&#8221; order_direction=&#8221;ASC&#8221; returns=&#8221;included&#8221; maximum_entity_count=&#8221;500&#8243;]<\/p>\n","protected":false},"excerpt":{"rendered":"<p>A Prefeitura de Muria\u00e9, por meio da Secretaria Municipal de Educa\u00e7\u00e3o, Esporte e Lazer, em parceria com a Superintend\u00eancia Regional de Ensino , Rede Privada , Pais, Alunos, Conselho Municipal de Educa\u00e7\u00e3o,Movimentos Sociais, realizou essa semana em duas etapas, sua Confer\u00eancia Municipal Popular de Educa\u00e7\u00e3o. A abertura foi feita na segunda-feira (30), no Anfiteatro do [&hellip;]<\/p>\n","protected":false},"author":2,"featured_media":45583,"comment_status":"open","ping_status":"closed","sticky":false,"template":"","format":"standard","meta":{"_joinchat":[],"footnotes":""},"categories":[1],"tags":[],"class_list":["post-45582","post","type-post","status-publish","format-standard","has-post-thumbnail","hentry","category-sem-categoria"],"_links":{"self":[{"href":"http:\/\/folhadosudeste.com\/site\/index.php?rest_route=\/wp\/v2\/posts\/45582","targetHints":{"allow":["GET"]}}],"collection":[{"href":"http:\/\/folhadosudeste.com\/site\/index.php?rest_route=\/wp\/v2\/posts"}],"about":[{"href":"http:\/\/folhadosudeste.com\/site\/index.php?rest_route=\/wp\/v2\/types\/post"}],"author":[{"embeddable":true,"href":"http:\/\/folhadosudeste.com\/site\/index.php?rest_route=\/wp\/v2\/users\/2"}],"replies":[{"embeddable":true,"href":"http:\/\/folhadosudeste.com\/site\/index.php?rest_route=%2Fwp%2Fv2%2Fcomments&post=45582"}],"version-history":[{"count":1,"href":"http:\/\/folhadosudeste.com\/site\/index.php?rest_route=\/wp\/v2\/posts\/45582\/revisions"}],"predecessor-version":[{"id":45598,"href":"http:\/\/folhadosudeste.com\/site\/index.php?rest_route=\/wp\/v2\/posts\/45582\/revisions\/45598"}],"wp:featuredmedia":[{"embeddable":true,"href":"http:\/\/folhadosudeste.com\/site\/index.php?rest_route=\/wp\/v2\/media\/45583"}],"wp:attachment":[{"href":"http:\/\/folhadosudeste.com\/site\/index.php?rest_route=%2Fwp%2Fv2%2Fmedia&parent=45582"}],"wp:term":[{"taxonomy":"category","embeddable":true,"href":"http:\/\/folhadosudeste.com\/site\/index.php?rest_route=%2Fwp%2Fv2%2Fcategories&post=45582"},{"taxonomy":"post_tag","embeddable":true,"href":"http:\/\/folhadosudeste.com\/site\/index.php?rest_route=%2Fwp%2Fv2%2Ftags&post=45582"}],"curies":[{"name":"wp","href":"https:\/\/api.w.org\/{rel}","templated":true}]}}