{"id":45766,"date":"2017-11-10T11:56:02","date_gmt":"2017-11-10T11:56:02","guid":{"rendered":"http:\/\/folhadosudeste.com\/site\/?p=45766"},"modified":"2017-11-10T11:56:02","modified_gmt":"2017-11-10T11:56:02","slug":"consep-realiza-sua-reuniao-mensal-pela-primeira-vez-na-nova-sede","status":"publish","type":"post","link":"http:\/\/folhadosudeste.com\/site\/?p=45766","title":{"rendered":"CONSEP REALIZA SUA REUNI\u00c3O MENSAL PELA PRIMEIRA VEZ NA NOVA SEDE"},"content":{"rendered":"<p style=\"text-align: justify;\"><strong>&nbsp;<a href=\"http:\/\/folhadosudeste.com\/site\/wp-content\/uploads\/2017\/11\/CONSEP.jpg\"><img loading=\"lazy\" decoding=\"async\" class=\"aligncenter size-full wp-image-45767\" src=\"http:\/\/folhadosudeste.com\/site\/wp-content\/uploads\/2017\/11\/CONSEP.jpg\" alt=\"\" width=\"620\" height=\"253\" srcset=\"http:\/\/folhadosudeste.com\/site\/wp-content\/uploads\/2017\/11\/CONSEP.jpg 620w, http:\/\/folhadosudeste.com\/site\/wp-content\/uploads\/2017\/11\/CONSEP-300x122.jpg 300w\" sizes=\"auto, (max-width: 620px) 100vw, 620px\" \/><\/a><\/strong><\/p>\n<p style=\"text-align: justify;\"><strong><em>O local escolhido foi a Escola Estadual Columba Teixeira Silva, no bairro S\u00e3o Crist\u00f3v\u00e3o<\/em><\/strong><\/p>\n<p style=\"text-align: justify;\">O Conselho Comunit\u00e1rio de Seguran\u00e7a P\u00fablica de Muria\u00e9 (CONSEP) realizou sua reuni\u00e3o mensal na noite da \u00faltima quinta (9) pela primeira vez na Escola Estadual Columba Teixeira Silva (bairro S\u00e3o Crist\u00f3v\u00e3o), que agora \u00e9 sede oficial do \u00f3rg\u00e3o. Dentre os presentes, destaque para J\u00fanio Cezar Pereira de Oliveira (Delegado de Policia), Kleiton Silveira de Castro (2\u00ba Sgto. do Corpo de Bombeiros), Jos\u00e9 Filipe Pe\u00e7anha (Investigador da Pol\u00edcia), Adnilson Jos\u00e9 Amaral Peixoto (2\u00ba Ten. da Pol\u00edcia), M\u00e1rio Sebasti\u00e3o Ferreira Neto (Cabo da Pol\u00edcia Militar) e os representantes do CONSEP: Jo\u00e3o Batista Braga (presidente), Joanc\u00e9lio Jos\u00e9 da Silva Pe\u00e7anha (vice-presidente), Haroldo do Esp\u00edrito Santo (diretor financeiro), Vanderli Aparecida de Almeida (secret\u00e1ria)<\/p>\n<p style=\"text-align: justify;\">Segundo Jo\u00e3o Batista Braga, atual presidente do CONSEP, a sede foi escolhida por atender todas as recomenda\u00e7\u00f5es exigidas por lei. O Conselho \u00e9 composto de 15 pessoas volunt\u00e1rias, j\u00e1 que a atua\u00e7\u00e3o \u00e9 sem fins lucrativos, e o trabalho \u00e9 executado junto \u00e0 Pol\u00edcia Militar, Pol\u00edcia Civil, Corpo de Bombeiros e sociedade civil, para melhor desenvolvimento da cidade. A atua\u00e7\u00e3o come\u00e7ou em 2001 e agora com os documentos devidamente legalizados, ser\u00e1 levado \u00e0 C\u00e2mara Municipal como Utilidade P\u00fablica e futuramente como Estadual, um processo que ser\u00e1 feito aos poucos, com muita clareza e tranquilidade. <em>\u201cAtualmente temos uma ajuda muito grande do Poder Judici\u00e1rio, do juiz Dr. Adriano e com a promotora Dra. Jaqueline, que abriu as portas dando condi\u00e7\u00f5es para o bem estar da comunidade, principalmente na quest\u00e3o da preven\u00e7\u00e3o. Nessa \u00faltima reuni\u00e3o foi explanado para as autoridades o que tem sido feito por nossa equipe. Lamentamos muitas vezes a falta de apoio por parte de algumas pessoas, mas temos que agradecer os que nos receberam sempre de bra\u00e7os abertos e abriram as portas para n\u00f3s: o Sr. Renato, diretor dessa escola, e o Sandro Carrizo, diretor da Superintend\u00eancia Regional de Ensino. A Pol\u00edcia Militar desempenha um trabalho muito eficiente, incluindo a instru\u00e7\u00e3o em programas como o PROERD. S\u00e3o valores que acrescentar\u00e3o em nossa comunidade. Nossas reuni\u00f5es acontecem sempre nas segundas quinta feira de cada m\u00eas, ocasi\u00e3o em que discutimos os planos. Em janeiro fazemos um recesso. Estamos sempre aqui para receber a comunidade e sermos reconhecidos pela sociedade. \u00c9 sempre um prazer ver as pessoas participando e as autoridades engajadas, pois s\u00e3o pe\u00e7as fundamentais para o Conselho. Vamos conscientizar com o Corpo de Bombeiros e o Demutran, atrav\u00e9s do Cap. Pimentel, para resolver o problema de tr\u00e2nsito em Muria\u00e9, principalmente o pedestre que est\u00e1 atravessando com sinal fechado. O Sargento Kleiton veio com v\u00e1rios projetos, ent\u00e3o vamos pegar tudo que ele tem para colocar em pr\u00e1tica\u201d, <\/em>explica.<\/p>\n<p>[ngg_images source=&#8221;galleries&#8221; container_ids=&#8221;1181&#8243; display_type=&#8221;photocrati-nextgen_basic_thumbnails&#8221; override_thumbnail_settings=&#8221;0&#8243; thumbnail_width=&#8221;100&#8243; thumbnail_height=&#8221;75&#8243; thumbnail_crop=&#8221;1&#8243; images_per_page=&#8221;0&#8243; number_of_columns=&#8221;0&#8243; ajax_pagination=&#8221;0&#8243; show_all_in_lightbox=&#8221;0&#8243; use_imagebrowser_effect=&#8221;0&#8243; show_slideshow_link=&#8221;1&#8243; slideshow_link_text=&#8221;[Show as slideshow]&#8221; order_by=&#8221;sortorder&#8221; order_direction=&#8221;ASC&#8221; returns=&#8221;included&#8221; maximum_entity_count=&#8221;500&#8243;]<\/p>\n","protected":false},"excerpt":{"rendered":"<p>&nbsp; O local escolhido foi a Escola Estadual Columba Teixeira Silva, no bairro S\u00e3o Crist\u00f3v\u00e3o O Conselho Comunit\u00e1rio de Seguran\u00e7a P\u00fablica de Muria\u00e9 (CONSEP) realizou sua reuni\u00e3o mensal na noite da \u00faltima quinta (9) pela primeira vez na Escola Estadual Columba Teixeira Silva (bairro S\u00e3o Crist\u00f3v\u00e3o), que agora \u00e9 sede oficial do \u00f3rg\u00e3o. Dentre os [&hellip;]<\/p>\n","protected":false},"author":2,"featured_media":45767,"comment_status":"open","ping_status":"closed","sticky":false,"template":"","format":"standard","meta":{"_joinchat":[],"footnotes":""},"categories":[1],"tags":[],"class_list":["post-45766","post","type-post","status-publish","format-standard","has-post-thumbnail","hentry","category-sem-categoria"],"_links":{"self":[{"href":"http:\/\/folhadosudeste.com\/site\/index.php?rest_route=\/wp\/v2\/posts\/45766","targetHints":{"allow":["GET"]}}],"collection":[{"href":"http:\/\/folhadosudeste.com\/site\/index.php?rest_route=\/wp\/v2\/posts"}],"about":[{"href":"http:\/\/folhadosudeste.com\/site\/index.php?rest_route=\/wp\/v2\/types\/post"}],"author":[{"embeddable":true,"href":"http:\/\/folhadosudeste.com\/site\/index.php?rest_route=\/wp\/v2\/users\/2"}],"replies":[{"embeddable":true,"href":"http:\/\/folhadosudeste.com\/site\/index.php?rest_route=%2Fwp%2Fv2%2Fcomments&post=45766"}],"version-history":[{"count":1,"href":"http:\/\/folhadosudeste.com\/site\/index.php?rest_route=\/wp\/v2\/posts\/45766\/revisions"}],"predecessor-version":[{"id":45778,"href":"http:\/\/folhadosudeste.com\/site\/index.php?rest_route=\/wp\/v2\/posts\/45766\/revisions\/45778"}],"wp:featuredmedia":[{"embeddable":true,"href":"http:\/\/folhadosudeste.com\/site\/index.php?rest_route=\/wp\/v2\/media\/45767"}],"wp:attachment":[{"href":"http:\/\/folhadosudeste.com\/site\/index.php?rest_route=%2Fwp%2Fv2%2Fmedia&parent=45766"}],"wp:term":[{"taxonomy":"category","embeddable":true,"href":"http:\/\/folhadosudeste.com\/site\/index.php?rest_route=%2Fwp%2Fv2%2Fcategories&post=45766"},{"taxonomy":"post_tag","embeddable":true,"href":"http:\/\/folhadosudeste.com\/site\/index.php?rest_route=%2Fwp%2Fv2%2Ftags&post=45766"}],"curies":[{"name":"wp","href":"https:\/\/api.w.org\/{rel}","templated":true}]}}