{"id":45798,"date":"2017-11-10T12:05:33","date_gmt":"2017-11-10T12:05:33","guid":{"rendered":"http:\/\/folhadosudeste.com\/site\/?p=45798"},"modified":"2017-11-10T12:05:33","modified_gmt":"2017-11-10T12:05:33","slug":"sucesso-na-noite-de-massas-do-lar-ozanam","status":"publish","type":"post","link":"http:\/\/folhadosudeste.com\/site\/?p=45798","title":{"rendered":"SUCESSO NA NOITE DE MASSAS DO LAR OZANAM"},"content":{"rendered":"<p style=\"text-align: justify;\"><a href=\"http:\/\/folhadosudeste.com\/site\/wp-content\/uploads\/2017\/11\/LAR-OZANAM.jpg\"><img loading=\"lazy\" decoding=\"async\" class=\"aligncenter size-full wp-image-45799\" src=\"http:\/\/folhadosudeste.com\/site\/wp-content\/uploads\/2017\/11\/LAR-OZANAM.jpg\" alt=\"\" width=\"620\" height=\"304\" srcset=\"http:\/\/folhadosudeste.com\/site\/wp-content\/uploads\/2017\/11\/LAR-OZANAM.jpg 620w, http:\/\/folhadosudeste.com\/site\/wp-content\/uploads\/2017\/11\/LAR-OZANAM-300x147.jpg 300w\" sizes=\"auto, (max-width: 620px) 100vw, 620px\" \/><\/a><\/p>\n<p style=\"text-align: justify;\">A Obra Unida- Lar Ozanam realizou, na noite de s\u00e1bado 4 de novembro, no refeit\u00f3rio da pr\u00f3pria institui\u00e7\u00e3o, sua primeira Noite de Massas, com a participa\u00e7\u00e3o de um grande p\u00fablico. Para Henrique Dias Albino Galv\u00e3o, presidente pelo 2\u00b0 mandato, gest\u00e3o 2017 \/ 2019, foi um grande sucesso a 1\u00aa Noite de Massas, com o objetivo de arrecadar recursos para o 13\u00b0 sal\u00e1rio dos funcion\u00e1rios da casa. <em>\u201cFoi muito positivo e vamos inovar cada vez mais, corrigindo as falhas e propondo novidades. Foram vendidas 110 mesas, com 4 cadeiras, mais algumas pessoas que compraram na hora, ent\u00e3o tivemos uma m\u00e9dia de 500 pessoas presentes. Tivemos bingos e m\u00fasica ao vivo, tudo obtido por doa\u00e7\u00f5es, assim como os alimentos. Nossa administra\u00e7\u00e3o est\u00e1 tendo transpar\u00eancia e com isso temos conquistado muitos resultados. Por\u00e9m, a car\u00eancia ainda existe. Precisamos de leite de caixinha, pois os idosos tem grandes necessidades. O hor\u00e1rio de visita \u00e9 de 14h \u00e0s 16h e quem quiser fazer uma festa na casa \u00e9 s\u00f3 agendar. Agradecemos a todos que ajudaram direta ou indiretamente para que fosse poss\u00edvel realizar mais este evento\u201d,<\/em> define.<\/p>\n<p style=\"text-align: justify;\">Segundo Elder Moreira da Silva, diretor do Lar Ozanam, \u00e9 a primeira vez que eles promovem uma Noite de Massas e n\u00e3o esperavam tanto. <em>\u201cO p\u00fablico compareceu em excelente n\u00famero e bateu nossa meta. Isso ajuda muito. Tivemos v\u00e1rios patrocinadores e agradecemos muito pela colabora\u00e7\u00e3o e confian\u00e7a em nosso trabalho. Temos 48 idosos atualmente no Lar, sendo 24 homens e 24 mulheres. Outras necessidades nossa tem sido materiais de limpeza e higiene pessoal. Se as pessoas quiserem fazer doa\u00e7\u00f5es em dinheiro, temos as carteirinhas. As doa\u00e7\u00f5es de materiais n\u00f3s buscamos em casa, \u00e9 s\u00f3 ligar no 3722-4367. Nossa conta \u00e9: 5166-6 Ag\u00eancia 0286-0, Banco do Brasil\u201d,<\/em> completa.<\/p>\n<p>[ngg_images source=&#8221;galleries&#8221; container_ids=&#8221;1183&#8243; display_type=&#8221;photocrati-nextgen_basic_thumbnails&#8221; override_thumbnail_settings=&#8221;0&#8243; thumbnail_width=&#8221;100&#8243; thumbnail_height=&#8221;75&#8243; thumbnail_crop=&#8221;1&#8243; images_per_page=&#8221;0&#8243; number_of_columns=&#8221;0&#8243; ajax_pagination=&#8221;0&#8243; show_all_in_lightbox=&#8221;0&#8243; use_imagebrowser_effect=&#8221;0&#8243; show_slideshow_link=&#8221;1&#8243; slideshow_link_text=&#8221;[Show as slideshow]&#8221; order_by=&#8221;sortorder&#8221; order_direction=&#8221;ASC&#8221; returns=&#8221;included&#8221; maximum_entity_count=&#8221;500&#8243;]<\/p>\n","protected":false},"excerpt":{"rendered":"<p>A Obra Unida- Lar Ozanam realizou, na noite de s\u00e1bado 4 de novembro, no refeit\u00f3rio da pr\u00f3pria institui\u00e7\u00e3o, sua primeira Noite de Massas, com a participa\u00e7\u00e3o de um grande p\u00fablico. Para Henrique Dias Albino Galv\u00e3o, presidente pelo 2\u00b0 mandato, gest\u00e3o 2017 \/ 2019, foi um grande sucesso a 1\u00aa Noite de Massas, com o objetivo [&hellip;]<\/p>\n","protected":false},"author":2,"featured_media":45799,"comment_status":"open","ping_status":"closed","sticky":false,"template":"","format":"standard","meta":{"_joinchat":[],"footnotes":""},"categories":[1],"tags":[],"class_list":["post-45798","post","type-post","status-publish","format-standard","has-post-thumbnail","hentry","category-sem-categoria"],"_links":{"self":[{"href":"http:\/\/folhadosudeste.com\/site\/index.php?rest_route=\/wp\/v2\/posts\/45798","targetHints":{"allow":["GET"]}}],"collection":[{"href":"http:\/\/folhadosudeste.com\/site\/index.php?rest_route=\/wp\/v2\/posts"}],"about":[{"href":"http:\/\/folhadosudeste.com\/site\/index.php?rest_route=\/wp\/v2\/types\/post"}],"author":[{"embeddable":true,"href":"http:\/\/folhadosudeste.com\/site\/index.php?rest_route=\/wp\/v2\/users\/2"}],"replies":[{"embeddable":true,"href":"http:\/\/folhadosudeste.com\/site\/index.php?rest_route=%2Fwp%2Fv2%2Fcomments&post=45798"}],"version-history":[{"count":1,"href":"http:\/\/folhadosudeste.com\/site\/index.php?rest_route=\/wp\/v2\/posts\/45798\/revisions"}],"predecessor-version":[{"id":45822,"href":"http:\/\/folhadosudeste.com\/site\/index.php?rest_route=\/wp\/v2\/posts\/45798\/revisions\/45822"}],"wp:featuredmedia":[{"embeddable":true,"href":"http:\/\/folhadosudeste.com\/site\/index.php?rest_route=\/wp\/v2\/media\/45799"}],"wp:attachment":[{"href":"http:\/\/folhadosudeste.com\/site\/index.php?rest_route=%2Fwp%2Fv2%2Fmedia&parent=45798"}],"wp:term":[{"taxonomy":"category","embeddable":true,"href":"http:\/\/folhadosudeste.com\/site\/index.php?rest_route=%2Fwp%2Fv2%2Fcategories&post=45798"},{"taxonomy":"post_tag","embeddable":true,"href":"http:\/\/folhadosudeste.com\/site\/index.php?rest_route=%2Fwp%2Fv2%2Ftags&post=45798"}],"curies":[{"name":"wp","href":"https:\/\/api.w.org\/{rel}","templated":true}]}}