{"id":45823,"date":"2017-11-10T12:08:18","date_gmt":"2017-11-10T12:08:18","guid":{"rendered":"http:\/\/folhadosudeste.com\/site\/?p=45823"},"modified":"2017-11-10T12:08:18","modified_gmt":"2017-11-10T12:08:18","slug":"loja-maconica-seareiros-da-paz-comemora-o-aniversario-de-martinho-e-seu-filho-rogerio-martinho","status":"publish","type":"post","link":"http:\/\/folhadosudeste.com\/site\/?p=45823","title":{"rendered":"LOJA MA\u00c7\u00d4NICA SEAREIROS DA PAZ COMEMORA O ANIVERS\u00c1RIO DE MARTINHO E SEU FILHO ROG\u00c9RIO MARTINHO"},"content":{"rendered":"<p style=\"text-align: justify;\"><a href=\"http:\/\/folhadosudeste.com\/site\/wp-content\/uploads\/2017\/11\/SR-MARTINHO.jpg\"><img loading=\"lazy\" decoding=\"async\" class=\"aligncenter size-full wp-image-45824\" src=\"http:\/\/folhadosudeste.com\/site\/wp-content\/uploads\/2017\/11\/SR-MARTINHO.jpg\" alt=\"\" width=\"620\" height=\"291\" srcset=\"http:\/\/folhadosudeste.com\/site\/wp-content\/uploads\/2017\/11\/SR-MARTINHO.jpg 620w, http:\/\/folhadosudeste.com\/site\/wp-content\/uploads\/2017\/11\/SR-MARTINHO-300x141.jpg 300w\" sizes=\"auto, (max-width: 620px) 100vw, 620px\" \/><\/a><\/p>\n<p style=\"text-align: justify;\">A noite da \u00faltima quarta (8) foi de dupla comemora\u00e7\u00e3o, com uma festa em grande estilo na Ma\u00e7onaria Seareiros da Paz, bairro S\u00e3o Francisco. Martinho C\u00e2ndido da Silva (que completa 74 anos no pr\u00f3ximo dia 11\/11) e seu filho, Rog\u00e9rio Martinho da Silva (que completou 44 anos dia 07\/11), festejaram juntos as datas, recebendo os abra\u00e7os e o carinho dos irm\u00e3os \u2018ma\u00e7ons e cunhadas\u2019, amigos e familiares. A festa teve um delicioso buffet com tem\u00e1tica \u2018Comida de Boteco\u2019 e um saboroso jantar, ambos assinados por Dutra da AABB. A m\u00fasica ao vivo ficou por conta de Elias Batalha e o sanfoneiro Jos\u00e9 (pai do cantor F\u00e1bio Ohane). Para encerrar todos cantaram parab\u00e9ns e se deliciaram com o bolo e muitos doces. Desejamos aos nossos amigos Sr. Martinho e Rog\u00e9rio Martinho muitos anos de vida, sa\u00fade e felicidades. Que todos os dias de sua vida sejam preenchidos por muita paz, amor, f\u00e9, boas amizades e muitas b\u00ean\u00e7\u00e3os de Deus!<\/p>\n<p style=\"text-align: justify;\">Martinho e seu filho Rog\u00e9rio agradecem a presen\u00e7a de todos e j\u00e1 deixam o convite para o pr\u00f3ximo ano.<\/p>\n<p>[ngg_images source=&#8221;galleries&#8221; container_ids=&#8221;1184&#8243; display_type=&#8221;photocrati-nextgen_basic_thumbnails&#8221; override_thumbnail_settings=&#8221;0&#8243; thumbnail_width=&#8221;100&#8243; thumbnail_height=&#8221;75&#8243; thumbnail_crop=&#8221;1&#8243; images_per_page=&#8221;0&#8243; number_of_columns=&#8221;0&#8243; ajax_pagination=&#8221;0&#8243; show_all_in_lightbox=&#8221;0&#8243; use_imagebrowser_effect=&#8221;0&#8243; show_slideshow_link=&#8221;1&#8243; slideshow_link_text=&#8221;[Show as slideshow]&#8221; order_by=&#8221;sortorder&#8221; order_direction=&#8221;ASC&#8221; returns=&#8221;included&#8221; maximum_entity_count=&#8221;500&#8243;]<\/p>\n","protected":false},"excerpt":{"rendered":"<p>A noite da \u00faltima quarta (8) foi de dupla comemora\u00e7\u00e3o, com uma festa em grande estilo na Ma\u00e7onaria Seareiros da Paz, bairro S\u00e3o Francisco. Martinho C\u00e2ndido da Silva (que completa 74 anos no pr\u00f3ximo dia 11\/11) e seu filho, Rog\u00e9rio Martinho da Silva (que completou 44 anos dia 07\/11), festejaram juntos as datas, recebendo os [&hellip;]<\/p>\n","protected":false},"author":2,"featured_media":45824,"comment_status":"open","ping_status":"closed","sticky":false,"template":"","format":"standard","meta":{"_joinchat":[],"footnotes":""},"categories":[1],"tags":[],"class_list":["post-45823","post","type-post","status-publish","format-standard","has-post-thumbnail","hentry","category-sem-categoria"],"_links":{"self":[{"href":"http:\/\/folhadosudeste.com\/site\/index.php?rest_route=\/wp\/v2\/posts\/45823","targetHints":{"allow":["GET"]}}],"collection":[{"href":"http:\/\/folhadosudeste.com\/site\/index.php?rest_route=\/wp\/v2\/posts"}],"about":[{"href":"http:\/\/folhadosudeste.com\/site\/index.php?rest_route=\/wp\/v2\/types\/post"}],"author":[{"embeddable":true,"href":"http:\/\/folhadosudeste.com\/site\/index.php?rest_route=\/wp\/v2\/users\/2"}],"replies":[{"embeddable":true,"href":"http:\/\/folhadosudeste.com\/site\/index.php?rest_route=%2Fwp%2Fv2%2Fcomments&post=45823"}],"version-history":[{"count":1,"href":"http:\/\/folhadosudeste.com\/site\/index.php?rest_route=\/wp\/v2\/posts\/45823\/revisions"}],"predecessor-version":[{"id":45849,"href":"http:\/\/folhadosudeste.com\/site\/index.php?rest_route=\/wp\/v2\/posts\/45823\/revisions\/45849"}],"wp:featuredmedia":[{"embeddable":true,"href":"http:\/\/folhadosudeste.com\/site\/index.php?rest_route=\/wp\/v2\/media\/45824"}],"wp:attachment":[{"href":"http:\/\/folhadosudeste.com\/site\/index.php?rest_route=%2Fwp%2Fv2%2Fmedia&parent=45823"}],"wp:term":[{"taxonomy":"category","embeddable":true,"href":"http:\/\/folhadosudeste.com\/site\/index.php?rest_route=%2Fwp%2Fv2%2Fcategories&post=45823"},{"taxonomy":"post_tag","embeddable":true,"href":"http:\/\/folhadosudeste.com\/site\/index.php?rest_route=%2Fwp%2Fv2%2Ftags&post=45823"}],"curies":[{"name":"wp","href":"https:\/\/api.w.org\/{rel}","templated":true}]}}