{"id":45926,"date":"2017-11-17T10:35:45","date_gmt":"2017-11-17T10:35:45","guid":{"rendered":"http:\/\/folhadosudeste.com\/site\/?p=45926"},"modified":"2017-11-17T10:35:45","modified_gmt":"2017-11-17T10:35:45","slug":"audiencia-publica-sobre-piscicultura-acontece-em-muriae-apos-requerimento-do-deputado-estadual-braulio-braz","status":"publish","type":"post","link":"http:\/\/folhadosudeste.com\/site\/?p=45926","title":{"rendered":"AUDI\u00caNCIA P\u00daBLICA SOBRE PISCICULTURA ACONTECE EM MURIA\u00c9, AP\u00d3S REQUERIMENTO DO DEPUTADO ESTADUAL BRAULIO BRAZ"},"content":{"rendered":"<p style=\"text-align: justify;\"><a href=\"http:\/\/folhadosudeste.com\/site\/wp-content\/uploads\/2017\/11\/BRAULIO-BRAZ.jpg\"><img loading=\"lazy\" decoding=\"async\" class=\"aligncenter size-full wp-image-45927\" src=\"http:\/\/folhadosudeste.com\/site\/wp-content\/uploads\/2017\/11\/BRAULIO-BRAZ.jpg\" alt=\"\" width=\"620\" height=\"262\" srcset=\"http:\/\/folhadosudeste.com\/site\/wp-content\/uploads\/2017\/11\/BRAULIO-BRAZ.jpg 620w, http:\/\/folhadosudeste.com\/site\/wp-content\/uploads\/2017\/11\/BRAULIO-BRAZ-300x127.jpg 300w\" sizes=\"auto, (max-width: 620px) 100vw, 620px\" \/><\/a><\/p>\n<p style=\"text-align: justify;\">Por meio de um requerimento do deputado Estadual Braulio Braz \u2013 em uma a\u00e7\u00e3o conjunta das Comiss\u00f5es, de Desenvolvimento Econ\u00f4mico e de Agropecu\u00e1ria e Agroind\u00fastria, da Assembleia Legislativa do Estado de Minas Gerais (ALMG) \u2013, a cidade de Muria\u00e9 recebeu uma audi\u00eancia p\u00fablica do Polo Piscicultura Ornamental. A solicita\u00e7\u00e3o do encontro, que aconteceu na \u00faltima segunda (13), na C\u00e2mara de Vereadores, se deu a partir de Gabriel Miranda Batista (aquarista e M\u00e9dico Veterin\u00e1rio de Patroc\u00ednio do Muria\u00e9). Na ocasi\u00e3o, estiveram reunidas diversas autoridades, piscicultores e parlamentares, com o objetivo de debater sobre os investimentos e incentivos necess\u00e1rios para o segmento, o atendimento \u00e0s demandas dos produtores e refor\u00e7ar a import\u00e2ncia do apoio do Poder P\u00fablico do p\u00f3lo, instaurado na regi\u00e3o pela Lei 22.111\/2016, de autoria do deputado Braulio Braz, j\u00e1 que, desde que foi promulgada, ainda n\u00e3o foram recebidos recursos.<\/p>\n<p style=\"text-align: justify;\">Para o deputado Braulio Braz, autor da Lei \u00e9 de extrema import\u00e2ncia o incentivo \u00e0 cria\u00e7\u00e3o e comercializa\u00e7\u00e3o dos peixes ornamentais, promovendo o desenvolvimento tecnol\u00f3gico para cultivo das esp\u00e9cies e proporcionando empregos e renda no meio rural. <em>\u201cMuito nos orgulha o reconhecimento da Zona da Mata Mineira como polo neste segmento, sendo o maior e ganhando o merecido destaque na Am\u00e9rica Latina. Nossa produ\u00e7\u00e3o regional, com oito munic\u00edpios, j\u00e1 representa 70% do total produzido no pa\u00eds. Bar\u00e3o do Monte Alto, Eugen\u00f3polis, Miradouro, Muria\u00e9, Patroc\u00ednio do Muria\u00e9, Ros\u00e1rio da Limeira, S\u00e3o Francisco do Gl\u00f3ria e Vieiras movimentam cerca de R$ 2 milh\u00f5es mensais por 400 fam\u00edlias. A piscicultura \u00e9 um mercado promissor, capaz de alavancar a economia, mas precisa ser mais valorizado. Agrade\u00e7o ao Governo de Minas Gerais, atrav\u00e9s de seus \u00f3rg\u00e3os representados nesta ocasi\u00e3o e fico muito satisfeito em ver a aproxima\u00e7\u00e3o do Poder P\u00fablico com os produtores. Instituiremos agora uma pol\u00edtica estadual de est\u00edmulo \u00e0 cria\u00e7\u00e3o e comercializa\u00e7\u00e3o de peixes ornamentais. Coloco-me \u00e0 disposi\u00e7\u00e3o para continuar defendendo essa \u00e1rea\u201d, <\/em>avalia.<\/p>\n<p style=\"text-align: justify;\">Durante a reuni\u00e3o, foram ressaltados alguns pontos interessantes, como o fato de Minas Gerais se dar ao luxo de ter um setor agropecu\u00e1rio diverso; a necessidade de mais pesquisas e assist\u00eancias t\u00e9cnicas otimizadas; o Programa de Psicultura Ornamental na Regi\u00e3o da Zona da Mata encabe\u00e7ado pelo SEBRAE desde 2012 (j\u00e1 foram investidos mais de R$ 500 mil em projetos, al\u00e9m das regulamenta\u00e7\u00f5es ambientais e consultorias) e o crescimento do setor nos \u00faltimos anos apesar da crise enfrentada pela economia nacional. As autoridades que se pronunciaram elogiaram o deputado Braulio Braz pela iniciativa e agradeceram pelo empenho em favor desta \u00e1rea econ\u00f4mica, parabenizando tamb\u00e9m pelo belo trabalho que tem feito em prol do estado, de forma geral.<\/p>\n<p style=\"text-align: justify;\">Dentre os convidados presentes, destaque para os deputados da ALMG, Roberto Andrade (presidente da Comiss\u00e3o de Desenvolvimento Econ\u00f4mico), Ant\u00f4nio Carlos Arantes (presidente da Comiss\u00e3o de Agropecu\u00e1ria e Agroind\u00fastria), al\u00e9m de Dilzon Melo e Isauro Calais; representantes de importantes entidades do Estado, como Amarildo Jos\u00e9 Brumano Kalil (secret\u00e1rio adjunto da Secretaria de Estado da Agricultura, Pecu\u00e1ria e Abastecimento \u2013 SEAPA, representando o secret\u00e1rio de Estado de Agricultura Pedro Leit\u00e3o), Gl\u00eanio Martins (presidente da Empresa de Assist\u00eancia T\u00e9cnica e Extens\u00e3o Rural do Estado Minas Gerais \u2013 EMATER), George Henrique (fiscal agropecu\u00e1rio do Instituto Mineiro de Agropecu\u00e1ria \u2013 IMA), Erika Becari de Souza Viana (analista t\u00e9cnica do Servi\u00e7o Brasileiro de Apoio \u00e0s Micro e Pequenas Empresas \u2013 SEBRAE, representado o diretor-superintendente do \u00f3rg\u00e3o, Afonso Rocha) e Alex Miliano Vogel (Mestre e Doutor em Piscicultura, representando a Empresa de Pesquisa Agropecu\u00e1ria de Minas Gerais \u2013 EPAMIG); os prefeitos Paulo Aziz (Patroc\u00ednio do Muria\u00e9), Walace Pedrosa (S\u00e3o Francisco do Gl\u00f3ria, junto a seu vice, In\u00e1cio Donizete), Almiro Lacerda (Miradouro), Vasco Navarro (Eugen\u00f3polis), Sebasti\u00e3o Machado (Marip\u00e1 de Minas) e Jos\u00e9 Maria (Ros\u00e1rio da Limeira); os ex-prefeitos Nascipe Daher (Patroc\u00ednio do Muria\u00e9), Carlos Coridon (Fervedouro), Edson Curi (Ros\u00e1rio da Limeira), Waldinei Chicareli (Vieiras); al\u00e9m dos vereadores Helena Carvalho, Reginaldo Roriz, Ivanir Souza, Evandro Maciel, M\u00edriam Fachini, Jair Abreu, Devail Gomes, Carlos Ant\u00f4nio, Ademar Camerino e Carlos Delfim (Muria\u00e9), Wanderlei Dias (Ros\u00e1rio da Limeira), Luiz Martins (S\u00e3o Francisco do Gl\u00f3ria), Jo\u00e3o Brum (Espera Feliz) e Rodrigo Fran\u00e7a (Al\u00e9m Para\u00edba, que solicitou ao deputado que inclua seu munic\u00edpio no polo). Ao final da reuni\u00e3o, estabeleceu-se como prioridade a organiza\u00e7\u00e3o das bases do Polo e as entidades controladoras comprometeram-se a possibilitar os investimentos em infraestrutura, capacita\u00e7\u00e3o e em pesquisas para expans\u00e3o da atividade.<\/p>\n<p>[ngg_images source=&#8221;galleries&#8221; container_ids=&#8221;1186&#8243; display_type=&#8221;photocrati-nextgen_basic_thumbnails&#8221; override_thumbnail_settings=&#8221;0&#8243; thumbnail_width=&#8221;100&#8243; thumbnail_height=&#8221;75&#8243; thumbnail_crop=&#8221;1&#8243; images_per_page=&#8221;0&#8243; number_of_columns=&#8221;0&#8243; ajax_pagination=&#8221;0&#8243; show_all_in_lightbox=&#8221;0&#8243; use_imagebrowser_effect=&#8221;0&#8243; show_slideshow_link=&#8221;1&#8243; slideshow_link_text=&#8221;[Show as slideshow]&#8221; order_by=&#8221;sortorder&#8221; order_direction=&#8221;ASC&#8221; returns=&#8221;included&#8221; maximum_entity_count=&#8221;500&#8243;]<\/p>\n","protected":false},"excerpt":{"rendered":"<p>Por meio de um requerimento do deputado Estadual Braulio Braz \u2013 em uma a\u00e7\u00e3o conjunta das Comiss\u00f5es, de Desenvolvimento Econ\u00f4mico e de Agropecu\u00e1ria e Agroind\u00fastria, da Assembleia Legislativa do Estado de Minas Gerais (ALMG) \u2013, a cidade de Muria\u00e9 recebeu uma audi\u00eancia p\u00fablica do Polo Piscicultura Ornamental. A solicita\u00e7\u00e3o do encontro, que aconteceu na \u00faltima [&hellip;]<\/p>\n","protected":false},"author":2,"featured_media":45927,"comment_status":"open","ping_status":"closed","sticky":false,"template":"","format":"standard","meta":{"_joinchat":[],"footnotes":""},"categories":[1],"tags":[],"class_list":["post-45926","post","type-post","status-publish","format-standard","has-post-thumbnail","hentry","category-sem-categoria"],"_links":{"self":[{"href":"http:\/\/folhadosudeste.com\/site\/index.php?rest_route=\/wp\/v2\/posts\/45926","targetHints":{"allow":["GET"]}}],"collection":[{"href":"http:\/\/folhadosudeste.com\/site\/index.php?rest_route=\/wp\/v2\/posts"}],"about":[{"href":"http:\/\/folhadosudeste.com\/site\/index.php?rest_route=\/wp\/v2\/types\/post"}],"author":[{"embeddable":true,"href":"http:\/\/folhadosudeste.com\/site\/index.php?rest_route=\/wp\/v2\/users\/2"}],"replies":[{"embeddable":true,"href":"http:\/\/folhadosudeste.com\/site\/index.php?rest_route=%2Fwp%2Fv2%2Fcomments&post=45926"}],"version-history":[{"count":1,"href":"http:\/\/folhadosudeste.com\/site\/index.php?rest_route=\/wp\/v2\/posts\/45926\/revisions"}],"predecessor-version":[{"id":45938,"href":"http:\/\/folhadosudeste.com\/site\/index.php?rest_route=\/wp\/v2\/posts\/45926\/revisions\/45938"}],"wp:featuredmedia":[{"embeddable":true,"href":"http:\/\/folhadosudeste.com\/site\/index.php?rest_route=\/wp\/v2\/media\/45927"}],"wp:attachment":[{"href":"http:\/\/folhadosudeste.com\/site\/index.php?rest_route=%2Fwp%2Fv2%2Fmedia&parent=45926"}],"wp:term":[{"taxonomy":"category","embeddable":true,"href":"http:\/\/folhadosudeste.com\/site\/index.php?rest_route=%2Fwp%2Fv2%2Fcategories&post=45926"},{"taxonomy":"post_tag","embeddable":true,"href":"http:\/\/folhadosudeste.com\/site\/index.php?rest_route=%2Fwp%2Fv2%2Ftags&post=45926"}],"curies":[{"name":"wp","href":"https:\/\/api.w.org\/{rel}","templated":true}]}}