{"id":45939,"date":"2017-11-17T10:38:14","date_gmt":"2017-11-17T10:38:14","guid":{"rendered":"http:\/\/folhadosudeste.com\/site\/?p=45939"},"modified":"2017-11-17T10:38:14","modified_gmt":"2017-11-17T10:38:14","slug":"feijoada-beneficente-teve-recursos-revertidos-para-casa-lar","status":"publish","type":"post","link":"http:\/\/folhadosudeste.com\/site\/?p=45939","title":{"rendered":"FEIJOADA BENEFICENTE TEVE RECURSOS REVERTIDOS PARA CASA LAR"},"content":{"rendered":"<p style=\"text-align: justify;\"><a href=\"http:\/\/folhadosudeste.com\/site\/wp-content\/uploads\/2017\/11\/CASA-LAR.jpg\"><img loading=\"lazy\" decoding=\"async\" class=\"aligncenter size-full wp-image-45940\" src=\"http:\/\/folhadosudeste.com\/site\/wp-content\/uploads\/2017\/11\/CASA-LAR.jpg\" alt=\"\" width=\"620\" height=\"312\" srcset=\"http:\/\/folhadosudeste.com\/site\/wp-content\/uploads\/2017\/11\/CASA-LAR.jpg 620w, http:\/\/folhadosudeste.com\/site\/wp-content\/uploads\/2017\/11\/CASA-LAR-300x151.jpg 300w\" sizes=\"auto, (max-width: 620px) 100vw, 620px\" \/><\/a><\/p>\n<p style=\"text-align: justify;\"><strong><em>Institui\u00e7\u00f5es mantidas pela Prefeitura acolhem cerca de 50 crian\u00e7as e adolescentes<\/em><\/strong><\/p>\n<p style=\"text-align: justify;\">A Casa Lar, institui\u00e7\u00e3o mantida pela Prefeitura, foi beneficiada com recursos arrecadados durante a Feijoada Amigos do Bem, organizada pelo um grupo de amigos. O evento foi realizado no domingo 12\/11, na AABB. O apoio permitiu que a unidade, que atualmente funciona na antiga Casa da Menina, na Barra, continue a atender com qualidade as cerca de 50 crian\u00e7as e adolescentes acolhidos, que est\u00e3o afastados do conv\u00edvio familiar por meio de medida protetiva de abrigo.<\/p>\n<p style=\"text-align: justify;\">A programa\u00e7\u00e3o incluiu tamb\u00e9m show da Banda \u2018A\u00ed Vem Eles\u2019, para animar ainda mais o p\u00fablico.<\/p>\n<p style=\"text-align: justify;\">Segundo Daniela Veiga Sigiliano, coordenadora da Casa Lar, junto a Maria Eliza, a ideia veio de V\u00e2nia Muhad, parceira h\u00e1 muitos anos, principalmente na Festa das Crian\u00e7as. <em>\u201cA iniciativa veio por parte dela e de um grupo de amigos. Esses recursos s\u00e3o importantes para despesas extras, al\u00e9m das custeadas pela Prefeitura, como passeios, etc.\u201d, <\/em>explica.<\/p>\n<p style=\"text-align: justify;\">De acordo com Gisele Braga de Aquino, secret\u00e1ria municipal de Desenvolvimento Social, a casa funciona 24h todos os dias da semana, abrangendo crian\u00e7as e adolescentes sob medidas protetivas decretadas pela Vara da Inf\u00e2ncia e da Adolesc\u00eancia. <em>\u201cTudo \u00e9 adquirido atrav\u00e9s da Prefeitura com processos licitat\u00f3rios, mas temos outras necessidades rotineiras, para proporcionar melhor qualidade de vida, ent\u00e3o esses recursos s\u00e3o importantes. Al\u00e9m disso, os repasses do Governo Federal e Estadual est\u00e3o em atraso. Agradecemos muito \u00e0 V\u00e2nia e sua equipe\u201d,<\/em> destaca.<\/p>\n<p style=\"text-align: justify;\">V\u00e2nia Muhad explica que sempre quis fazer algo para ajudar mais. <em>\u201cFiquei muito feliz em ter o apoio dos parceiros, como a banda A\u00ed Vem Eles, o DJ Luiz Claudio, o som de Henrique Produ\u00e7\u00f5es e a AABB\u201d,<\/em> completa.<\/p>\n<p>[ngg_images source=&#8221;galleries&#8221; container_ids=&#8221;1187&#8243; display_type=&#8221;photocrati-nextgen_basic_thumbnails&#8221; override_thumbnail_settings=&#8221;0&#8243; thumbnail_width=&#8221;100&#8243; thumbnail_height=&#8221;75&#8243; thumbnail_crop=&#8221;1&#8243; images_per_page=&#8221;0&#8243; number_of_columns=&#8221;0&#8243; ajax_pagination=&#8221;0&#8243; show_all_in_lightbox=&#8221;0&#8243; use_imagebrowser_effect=&#8221;0&#8243; show_slideshow_link=&#8221;1&#8243; slideshow_link_text=&#8221;[Show as slideshow]&#8221; order_by=&#8221;sortorder&#8221; order_direction=&#8221;ASC&#8221; returns=&#8221;included&#8221; maximum_entity_count=&#8221;500&#8243;]<\/p>\n","protected":false},"excerpt":{"rendered":"<p>Institui\u00e7\u00f5es mantidas pela Prefeitura acolhem cerca de 50 crian\u00e7as e adolescentes A Casa Lar, institui\u00e7\u00e3o mantida pela Prefeitura, foi beneficiada com recursos arrecadados durante a Feijoada Amigos do Bem, organizada pelo um grupo de amigos. O evento foi realizado no domingo 12\/11, na AABB. O apoio permitiu que a unidade, que atualmente funciona na antiga [&hellip;]<\/p>\n","protected":false},"author":2,"featured_media":45940,"comment_status":"open","ping_status":"closed","sticky":false,"template":"","format":"standard","meta":{"_joinchat":[],"footnotes":""},"categories":[1],"tags":[],"class_list":["post-45939","post","type-post","status-publish","format-standard","has-post-thumbnail","hentry","category-sem-categoria"],"_links":{"self":[{"href":"http:\/\/folhadosudeste.com\/site\/index.php?rest_route=\/wp\/v2\/posts\/45939","targetHints":{"allow":["GET"]}}],"collection":[{"href":"http:\/\/folhadosudeste.com\/site\/index.php?rest_route=\/wp\/v2\/posts"}],"about":[{"href":"http:\/\/folhadosudeste.com\/site\/index.php?rest_route=\/wp\/v2\/types\/post"}],"author":[{"embeddable":true,"href":"http:\/\/folhadosudeste.com\/site\/index.php?rest_route=\/wp\/v2\/users\/2"}],"replies":[{"embeddable":true,"href":"http:\/\/folhadosudeste.com\/site\/index.php?rest_route=%2Fwp%2Fv2%2Fcomments&post=45939"}],"version-history":[{"count":1,"href":"http:\/\/folhadosudeste.com\/site\/index.php?rest_route=\/wp\/v2\/posts\/45939\/revisions"}],"predecessor-version":[{"id":45957,"href":"http:\/\/folhadosudeste.com\/site\/index.php?rest_route=\/wp\/v2\/posts\/45939\/revisions\/45957"}],"wp:featuredmedia":[{"embeddable":true,"href":"http:\/\/folhadosudeste.com\/site\/index.php?rest_route=\/wp\/v2\/media\/45940"}],"wp:attachment":[{"href":"http:\/\/folhadosudeste.com\/site\/index.php?rest_route=%2Fwp%2Fv2%2Fmedia&parent=45939"}],"wp:term":[{"taxonomy":"category","embeddable":true,"href":"http:\/\/folhadosudeste.com\/site\/index.php?rest_route=%2Fwp%2Fv2%2Fcategories&post=45939"},{"taxonomy":"post_tag","embeddable":true,"href":"http:\/\/folhadosudeste.com\/site\/index.php?rest_route=%2Fwp%2Fv2%2Ftags&post=45939"}],"curies":[{"name":"wp","href":"https:\/\/api.w.org\/{rel}","templated":true}]}}