{"id":45958,"date":"2017-11-17T10:40:10","date_gmt":"2017-11-17T10:40:10","guid":{"rendered":"http:\/\/folhadosudeste.com\/site\/?p=45958"},"modified":"2017-11-17T10:40:10","modified_gmt":"2017-11-17T10:40:10","slug":"escola-sao-paulo-realiza-confraternizacao-em-homenagem-aos-professores","status":"publish","type":"post","link":"http:\/\/folhadosudeste.com\/site\/?p=45958","title":{"rendered":"ESCOLA S\u00c3O PAULO REALIZA CONFRATERNIZA\u00c7\u00c3O EM HOMENAGEM AOS PROFESSORES"},"content":{"rendered":"<p style=\"text-align: justify;\"><a href=\"http:\/\/folhadosudeste.com\/site\/wp-content\/uploads\/2017\/11\/ESP-DIA-DO-PROFESSOR.jpg\"><img loading=\"lazy\" decoding=\"async\" class=\"aligncenter size-full wp-image-45959\" src=\"http:\/\/folhadosudeste.com\/site\/wp-content\/uploads\/2017\/11\/ESP-DIA-DO-PROFESSOR.jpg\" alt=\"\" width=\"620\" height=\"207\" srcset=\"http:\/\/folhadosudeste.com\/site\/wp-content\/uploads\/2017\/11\/ESP-DIA-DO-PROFESSOR.jpg 620w, http:\/\/folhadosudeste.com\/site\/wp-content\/uploads\/2017\/11\/ESP-DIA-DO-PROFESSOR-300x100.jpg 300w\" sizes=\"auto, (max-width: 620px) 100vw, 620px\" \/><\/a><\/p>\n<p style=\"text-align: justify;\">Foi realizado, na sexta feira (10), no Centro Cultural Del Rey da Escola S\u00e3o Paulo, um Coquetel de Confraterniza\u00e7\u00e3o em homenagem ao Dia do Professor, oficialmente comemorado em 15 de outubro. Com a participa\u00e7\u00e3o tamb\u00e9m dos funcion\u00e1rios. O Diretor Jos\u00e9 Nicodemos Couto refor\u00e7ou a necessidade de homenagear e valorizar os professores, que s\u00e3o respons\u00e1veis pelos primeiros passos na educa\u00e7\u00e3o e cidadania das pessoas, direcionando o aprendizado dos alunos para escolherem suas profiss\u00f5es. <em>\u201cTodo profissional passa primeiro pelas instru\u00e7\u00f5es do professor. Temos a alegria e satisfa\u00e7\u00e3o de contar com mestres com inquestion\u00e1vel qualidade na arte de ensinar, por isso os alunos da Escola S\u00e3o Paulo formam-se totalmente preparados para assumir os desafios da vida adulta, seja passando em um vestibular e se destacando no Ensino Superior, seja passando em um Concurso P\u00fablico ou mesmo exercendo cargos sem forma\u00e7\u00e3o, mas com a m\u00e1xima efici\u00eancia e capacita\u00e7\u00e3o. Deixamos aos professores e todos os nossos colaboradores essa homenagem, desejando que continuem construindo o conhecimento e ajudando a colocar no mercado de trabalho profissionais da mais alta qualidade, mantendo a tradi\u00e7\u00e3o centen\u00e1ria da Escola S\u00e3o Paulo\u201d,<\/em> destaca.<\/p>\n<p>[ngg_images source=&#8221;galleries&#8221; container_ids=&#8221;1188&#8243; display_type=&#8221;photocrati-nextgen_basic_thumbnails&#8221; override_thumbnail_settings=&#8221;0&#8243; thumbnail_width=&#8221;100&#8243; thumbnail_height=&#8221;75&#8243; thumbnail_crop=&#8221;1&#8243; images_per_page=&#8221;0&#8243; number_of_columns=&#8221;0&#8243; ajax_pagination=&#8221;0&#8243; show_all_in_lightbox=&#8221;0&#8243; use_imagebrowser_effect=&#8221;0&#8243; show_slideshow_link=&#8221;1&#8243; slideshow_link_text=&#8221;[Show as slideshow]&#8221; order_by=&#8221;sortorder&#8221; order_direction=&#8221;ASC&#8221; returns=&#8221;included&#8221; maximum_entity_count=&#8221;500&#8243;]<\/p>\n","protected":false},"excerpt":{"rendered":"<p>Foi realizado, na sexta feira (10), no Centro Cultural Del Rey da Escola S\u00e3o Paulo, um Coquetel de Confraterniza\u00e7\u00e3o em homenagem ao Dia do Professor, oficialmente comemorado em 15 de outubro. Com a participa\u00e7\u00e3o tamb\u00e9m dos funcion\u00e1rios. O Diretor Jos\u00e9 Nicodemos Couto refor\u00e7ou a necessidade de homenagear e valorizar os professores, que s\u00e3o respons\u00e1veis pelos [&hellip;]<\/p>\n","protected":false},"author":2,"featured_media":45959,"comment_status":"open","ping_status":"closed","sticky":false,"template":"","format":"standard","meta":{"_joinchat":[],"footnotes":""},"categories":[1],"tags":[],"class_list":["post-45958","post","type-post","status-publish","format-standard","has-post-thumbnail","hentry","category-sem-categoria"],"_links":{"self":[{"href":"http:\/\/folhadosudeste.com\/site\/index.php?rest_route=\/wp\/v2\/posts\/45958","targetHints":{"allow":["GET"]}}],"collection":[{"href":"http:\/\/folhadosudeste.com\/site\/index.php?rest_route=\/wp\/v2\/posts"}],"about":[{"href":"http:\/\/folhadosudeste.com\/site\/index.php?rest_route=\/wp\/v2\/types\/post"}],"author":[{"embeddable":true,"href":"http:\/\/folhadosudeste.com\/site\/index.php?rest_route=\/wp\/v2\/users\/2"}],"replies":[{"embeddable":true,"href":"http:\/\/folhadosudeste.com\/site\/index.php?rest_route=%2Fwp%2Fv2%2Fcomments&post=45958"}],"version-history":[{"count":1,"href":"http:\/\/folhadosudeste.com\/site\/index.php?rest_route=\/wp\/v2\/posts\/45958\/revisions"}],"predecessor-version":[{"id":45968,"href":"http:\/\/folhadosudeste.com\/site\/index.php?rest_route=\/wp\/v2\/posts\/45958\/revisions\/45968"}],"wp:featuredmedia":[{"embeddable":true,"href":"http:\/\/folhadosudeste.com\/site\/index.php?rest_route=\/wp\/v2\/media\/45959"}],"wp:attachment":[{"href":"http:\/\/folhadosudeste.com\/site\/index.php?rest_route=%2Fwp%2Fv2%2Fmedia&parent=45958"}],"wp:term":[{"taxonomy":"category","embeddable":true,"href":"http:\/\/folhadosudeste.com\/site\/index.php?rest_route=%2Fwp%2Fv2%2Fcategories&post=45958"},{"taxonomy":"post_tag","embeddable":true,"href":"http:\/\/folhadosudeste.com\/site\/index.php?rest_route=%2Fwp%2Fv2%2Ftags&post=45958"}],"curies":[{"name":"wp","href":"https:\/\/api.w.org\/{rel}","templated":true}]}}