{"id":45969,"date":"2017-11-17T10:44:11","date_gmt":"2017-11-17T10:44:11","guid":{"rendered":"http:\/\/folhadosudeste.com\/site\/?p=45969"},"modified":"2017-11-17T10:44:11","modified_gmt":"2017-11-17T10:44:11","slug":"escola-sao-paulo-recebe-visita-e-as-bencaos-do-bispo-dom-jose-eudes","status":"publish","type":"post","link":"http:\/\/folhadosudeste.com\/site\/?p=45969","title":{"rendered":"ESCOLA S\u00c3O PAULO RECEBE VISITA E AS B\u00caN\u00c7\u00c3OS DO BISPO DOM JOS\u00c9 EUDES"},"content":{"rendered":"<p style=\"text-align: justify;\"><a href=\"http:\/\/folhadosudeste.com\/site\/wp-content\/uploads\/2017\/11\/ESP-VISITA-DO-BISPO.jpg\"><img loading=\"lazy\" decoding=\"async\" class=\"aligncenter size-full wp-image-45970\" src=\"http:\/\/folhadosudeste.com\/site\/wp-content\/uploads\/2017\/11\/ESP-VISITA-DO-BISPO.jpg\" alt=\"\" width=\"620\" height=\"238\" srcset=\"http:\/\/folhadosudeste.com\/site\/wp-content\/uploads\/2017\/11\/ESP-VISITA-DO-BISPO.jpg 620w, http:\/\/folhadosudeste.com\/site\/wp-content\/uploads\/2017\/11\/ESP-VISITA-DO-BISPO-300x115.jpg 300w\" sizes=\"auto, (max-width: 620px) 100vw, 620px\" \/><\/a><\/p>\n<p style=\"text-align: justify;\">A Escola S\u00e3o Paulo (ESP) recebeu na quinta-feira, dia nove de novembro, a ilustre visita Paroquial do Bispo Dom Jos\u00e9 Eudes (Diocese de Leopoldina), acompanhado do p\u00e1roco da Matriz S\u00e3o Paulo, Pe. C\u00edcero Machado. Na ocasi\u00e3o, Dom Jos\u00e9 visitou as depend\u00eancias da Institui\u00e7\u00e3o de Ensino, em especial as obras em fase de conclus\u00e3o, onde funcionar\u00e3o as salas e demais equipamentos da Educa\u00e7\u00e3o Infantil. Ele aben\u00e7oou as salas de aula, os profissionais e alunos da Escola. <em>\u201cAtrav\u00e9s dessa visita, vejo os grandes valores educacionais presentes na Escola. Al\u00e9m de percorrer todas as depend\u00eancias, pude ter o contato com os alunos e perceber esse verdadeiro aprendizado que eles t\u00eam aqui. Foi uma oportunidade de agradecer aos que se dedicam \u00e0 educa\u00e7\u00e3o e colocam ela em primeiro plano. \u00c9 preciso valorizar, porque tem que ser prioridade na vida de todos n\u00f3s. Fico feliz em ver uma Institui\u00e7\u00e3o de Ensino com mais de 100 anos prestando um grande bem a nossa sociedade, tendo a sua frente pessoas competentes\u201d, <\/em>explica.<\/p>\n<p style=\"text-align: justify;\">O Diretor Jos\u00e9 Nicodemos Couto agradeceu e refor\u00e7ou que a visita teve um significado muito grande, ainda mais no momento em que a Escola completa 104 anos, cujo per\u00edodo inicial de sua hist\u00f3ria ter sido administrada pela Diocese de Leopoldina, tendo \u00e0 frente o lend\u00e1rio C\u00f4nego Ivo. <em>\u201cFicamos muito felizes com a visita do nosso Bispo Dom Jos\u00e9 Eudes. \u00c9 uma emo\u00e7\u00e3o muito grande e motivo de orgulho, pois minha m\u00e3e, a saudosa Maria do Carmo, viveu um momento especial quando meu av\u00f4 fez o comodato, sem \u00f4nus para a Diocese, para que a mesma a administrasse\u201d,<\/em> completa.<\/p>\n<p>[ngg_images source=&#8221;galleries&#8221; container_ids=&#8221;1189&#8243; display_type=&#8221;photocrati-nextgen_basic_thumbnails&#8221; override_thumbnail_settings=&#8221;0&#8243; thumbnail_width=&#8221;100&#8243; thumbnail_height=&#8221;75&#8243; thumbnail_crop=&#8221;1&#8243; images_per_page=&#8221;0&#8243; number_of_columns=&#8221;0&#8243; ajax_pagination=&#8221;0&#8243; show_all_in_lightbox=&#8221;0&#8243; use_imagebrowser_effect=&#8221;0&#8243; show_slideshow_link=&#8221;1&#8243; slideshow_link_text=&#8221;[Show as slideshow]&#8221; order_by=&#8221;sortorder&#8221; order_direction=&#8221;ASC&#8221; returns=&#8221;included&#8221; maximum_entity_count=&#8221;500&#8243;]<\/p>\n","protected":false},"excerpt":{"rendered":"<p>A Escola S\u00e3o Paulo (ESP) recebeu na quinta-feira, dia nove de novembro, a ilustre visita Paroquial do Bispo Dom Jos\u00e9 Eudes (Diocese de Leopoldina), acompanhado do p\u00e1roco da Matriz S\u00e3o Paulo, Pe. C\u00edcero Machado. Na ocasi\u00e3o, Dom Jos\u00e9 visitou as depend\u00eancias da Institui\u00e7\u00e3o de Ensino, em especial as obras em fase de conclus\u00e3o, onde funcionar\u00e3o [&hellip;]<\/p>\n","protected":false},"author":2,"featured_media":45970,"comment_status":"open","ping_status":"closed","sticky":false,"template":"","format":"standard","meta":{"_joinchat":[],"footnotes":""},"categories":[1],"tags":[],"class_list":["post-45969","post","type-post","status-publish","format-standard","has-post-thumbnail","hentry","category-sem-categoria"],"_links":{"self":[{"href":"http:\/\/folhadosudeste.com\/site\/index.php?rest_route=\/wp\/v2\/posts\/45969","targetHints":{"allow":["GET"]}}],"collection":[{"href":"http:\/\/folhadosudeste.com\/site\/index.php?rest_route=\/wp\/v2\/posts"}],"about":[{"href":"http:\/\/folhadosudeste.com\/site\/index.php?rest_route=\/wp\/v2\/types\/post"}],"author":[{"embeddable":true,"href":"http:\/\/folhadosudeste.com\/site\/index.php?rest_route=\/wp\/v2\/users\/2"}],"replies":[{"embeddable":true,"href":"http:\/\/folhadosudeste.com\/site\/index.php?rest_route=%2Fwp%2Fv2%2Fcomments&post=45969"}],"version-history":[{"count":1,"href":"http:\/\/folhadosudeste.com\/site\/index.php?rest_route=\/wp\/v2\/posts\/45969\/revisions"}],"predecessor-version":[{"id":46011,"href":"http:\/\/folhadosudeste.com\/site\/index.php?rest_route=\/wp\/v2\/posts\/45969\/revisions\/46011"}],"wp:featuredmedia":[{"embeddable":true,"href":"http:\/\/folhadosudeste.com\/site\/index.php?rest_route=\/wp\/v2\/media\/45970"}],"wp:attachment":[{"href":"http:\/\/folhadosudeste.com\/site\/index.php?rest_route=%2Fwp%2Fv2%2Fmedia&parent=45969"}],"wp:term":[{"taxonomy":"category","embeddable":true,"href":"http:\/\/folhadosudeste.com\/site\/index.php?rest_route=%2Fwp%2Fv2%2Fcategories&post=45969"},{"taxonomy":"post_tag","embeddable":true,"href":"http:\/\/folhadosudeste.com\/site\/index.php?rest_route=%2Fwp%2Fv2%2Ftags&post=45969"}],"curies":[{"name":"wp","href":"https:\/\/api.w.org\/{rel}","templated":true}]}}