{"id":46031,"date":"2017-11-17T10:51:05","date_gmt":"2017-11-17T10:51:05","guid":{"rendered":"http:\/\/folhadosudeste.com\/site\/?p=46031"},"modified":"2017-11-17T10:51:05","modified_gmt":"2017-11-17T10:51:05","slug":"jeronimo-oticas-e-inaugurada-em-muriae-com-lancamento-da-marca-jg-2","status":"publish","type":"post","link":"http:\/\/folhadosudeste.com\/site\/?p=46031","title":{"rendered":"JER\u00d4NIMO \u00d3TICAS \u00c9 INAUGURADA EM MURIA\u00c9 COM LAN\u00c7AMENTO DA MARCA JG"},"content":{"rendered":"<p style=\"text-align: justify;\"><a href=\"http:\/\/folhadosudeste.com\/site\/wp-content\/uploads\/2017\/11\/OTICAS-JERONIMO.jpg\"><img loading=\"lazy\" decoding=\"async\" class=\"aligncenter size-full wp-image-46032\" src=\"http:\/\/folhadosudeste.com\/site\/wp-content\/uploads\/2017\/11\/OTICAS-JERONIMO.jpg\" alt=\"\" width=\"620\" height=\"257\" srcset=\"http:\/\/folhadosudeste.com\/site\/wp-content\/uploads\/2017\/11\/OTICAS-JERONIMO.jpg 620w, http:\/\/folhadosudeste.com\/site\/wp-content\/uploads\/2017\/11\/OTICAS-JERONIMO-300x124.jpg 300w\" sizes=\"auto, (max-width: 620px) 100vw, 620px\" \/><\/a><\/p>\n<p style=\"text-align: justify;\">No s\u00e1bado (11), foi inaugurada a Jer\u00f4nimo \u00d3ticas, sob o slogan \u2018Confian\u00e7a dos seus olhos\u2019. A loja fica localizada ao lado do outro empreendimento da fam\u00edlia: a Jer\u00f4nimo J\u00f3ias, j\u00e1 reconhecida pelo p\u00fablico de Muria\u00e9 e regi\u00e3o com a credibilidade de quase 20 anos no mercado.<\/p>\n<p style=\"text-align: justify;\">Jer\u00f4nimo Gonzaga Vicente tem uma hist\u00f3ria profissional bem sucedida nos neg\u00f3cios. Dos 5 aos 8 anos, era produtor rural. Dos 8 aos 12, quando veio para a cidade, vendeu cestas de verduras. E a mudan\u00e7a de ramo n\u00e3o parou por a\u00ed: picol\u00e9s, refrescos, sapatos (engraxate) at\u00e9 chegar ao balc\u00e3o com 12 anos. Fato \u00e9 que nunca mais parou de vender. J\u00e1 s\u00e3o 44 anos no ramo de joalheria, sendo 25 como funcion\u00e1rio e 18 como empres\u00e1rio, atuando ao lado de sua fam\u00edlia: irm\u00e3os, esposa Eliane e filhos Lucas e Matheus. Na \u00e9poca em que fundou a Jer\u00f4nimo J\u00f3ias, ele percebeu a car\u00eancia de empregos na cidade, pois mais de 200 curr\u00edculos passaram por suas m\u00e3os. Hoje, sente-se realizado em poder ofertar trabalho para 20 a 30 pessoas direta ou indiretamente.<\/p>\n<p style=\"text-align: justify;\">O empres\u00e1rio acredita ser uma honra construir uma hist\u00f3ria de sucesso com seu com\u00e9rcio, subindo um degrau de cada vez. <em>\u201cDeus permitiu que eu fizesse este sonho tornar-se realidade, pois sempre tive em mente a ideia de montar uma \u00f3tica. Acredito ser um ramo muito interessante, principalmente por estar relacionado \u00e0 sa\u00fade das pessoas. E o ser humano tende a usar cada vez mais os \u00f3culos, devido ao desgaste que sofre ao longo da vida no mundo moderno. Ent\u00e3o, buscamos aproveitar nossa credibilidade constru\u00edda ao longo do tempo, com a fidelidade dos nossos clientes, que se tornaram verdadeiros amigos. A \u00f3tica \u00e9 um ramo que precisa de pessoas com muita seriedade, para lidar com os olhos das pessoas. Aproveitei o crescimento da fam\u00edlia, com meus dois filhos, e a oportunidade de expans\u00e3o que surgiu: do lado da Jer\u00f4nimo J\u00f3ias, onde funcionava uma \u00f3tica e as funcion\u00e1rias estavam desempregadas. Unimos o \u00fatil ao agrad\u00e1vel. E ainda temos mais projetos para o futuro, pois acredito no meu potencial e no das pessoas que est\u00e3o ao meu lado. Todos t\u00eam condi\u00e7\u00f5es de crescer, depende de n\u00f3s, de como sonhamos e como corremos atr\u00e1s para realiz\u00e1-los. Fica nosso convite a todos para conhecer nossa nova loja, com a garantia de qualidade e bom pre\u00e7o\u201d,<\/em> afirma.<\/p>\n<p style=\"text-align: justify;\">Lucas Lelis Silva Vicente, filho de Jer\u00f4nimo, explica que a equipe est\u00e1 preparada, j\u00e1 que os contratados foram pessoas que j\u00e1 estavam no ramo e podem auxiliar em tudo. Buscando disponibilizar as melhores lentes e atender com qualidade os clientes, as \u00f3ticas Jer\u00f4nimo possui profissionais treinados para ler as receitas e aconselhar da melhor maneira poss\u00edvel. <em>\u201cN\u00e3o vendemos lentes, mas sim sa\u00fade e qualidade de vida. Temos tecnologia e tamb\u00e9m inova\u00e7\u00e3o, com o lan\u00e7amento da nossa marca de arma\u00e7\u00e3o, a JG, uma homenagem ao meu pai, Jer\u00f4nimo Gonzaga. Por enquanto, estamos comercializando apenas na loja, com assist\u00eancia, garantia e pre\u00e7o acess\u00edvel. Tamb\u00e9m oferecemos outras marcas conhecidas e nas arma\u00e7\u00f5es temos grandes lan\u00e7amentos, com as \u00faltimas tend\u00eancias do mercado e somente novidades da moda. Os clientes v\u00e3o encontrar aqui: Ray-Ban,Vogue, Atitude, Ana Hickman, Carolina Herrera, Lilica Ripilica (infantil feminino) e Tigor (infantil masculino). Al\u00e9m de \u00f3culos de sol e grau, temos j\u00f3ias em ouro e rel\u00f3gios, pois a demanda da loja Jer\u00f4nimo J\u00f3ias \u00e9 muito grande, ainda mais no final de ano, ent\u00e3o buscamos dividir o movimento, ajudando as pessoas a terem mais comodidade para procurar seus presentes. Vale lembrar que este m\u00eas de inaugura\u00e7\u00e3o temos promo\u00e7\u00e3o, com \u00f3culos a pre\u00e7os diferenciados\u201d,<\/em> convida.<\/p>\n<p style=\"text-align: justify;\">Mateus Lelis Silva Vicente, tamb\u00e9m filho de Jer\u00f4nimo, refor\u00e7a que fez curso t\u00e9cnico no centro do Rio de Janeiro justamente porque a fam\u00edlia tinha esse sonho de expandir o neg\u00f3cio. <em>\u201cFaltava apenas o melhor momento para investir. Agora estamos aqui, prontos para focar no cliente\u201d,<\/em> completa.<\/p>\n<p>[ngg_images source=&#8221;galleries&#8221; container_ids=&#8221;1191&#8243; display_type=&#8221;photocrati-nextgen_basic_thumbnails&#8221; override_thumbnail_settings=&#8221;0&#8243; thumbnail_width=&#8221;100&#8243; thumbnail_height=&#8221;75&#8243; thumbnail_crop=&#8221;1&#8243; images_per_page=&#8221;0&#8243; number_of_columns=&#8221;0&#8243; ajax_pagination=&#8221;0&#8243; show_all_in_lightbox=&#8221;0&#8243; use_imagebrowser_effect=&#8221;0&#8243; show_slideshow_link=&#8221;1&#8243; slideshow_link_text=&#8221;[Show as slideshow]&#8221; order_by=&#8221;sortorder&#8221; order_direction=&#8221;ASC&#8221; returns=&#8221;included&#8221; maximum_entity_count=&#8221;500&#8243;]<\/p>\n","protected":false},"excerpt":{"rendered":"<p>No s\u00e1bado (11), foi inaugurada a Jer\u00f4nimo \u00d3ticas, sob o slogan \u2018Confian\u00e7a dos seus olhos\u2019. A loja fica localizada ao lado do outro empreendimento da fam\u00edlia: a Jer\u00f4nimo J\u00f3ias, j\u00e1 reconhecida pelo p\u00fablico de Muria\u00e9 e regi\u00e3o com a credibilidade de quase 20 anos no mercado. Jer\u00f4nimo Gonzaga Vicente tem uma hist\u00f3ria profissional bem sucedida [&hellip;]<\/p>\n","protected":false},"author":2,"featured_media":46032,"comment_status":"open","ping_status":"closed","sticky":false,"template":"","format":"standard","meta":{"_joinchat":[],"footnotes":""},"categories":[1],"tags":[],"class_list":["post-46031","post","type-post","status-publish","format-standard","has-post-thumbnail","hentry","category-sem-categoria"],"_links":{"self":[{"href":"http:\/\/folhadosudeste.com\/site\/index.php?rest_route=\/wp\/v2\/posts\/46031","targetHints":{"allow":["GET"]}}],"collection":[{"href":"http:\/\/folhadosudeste.com\/site\/index.php?rest_route=\/wp\/v2\/posts"}],"about":[{"href":"http:\/\/folhadosudeste.com\/site\/index.php?rest_route=\/wp\/v2\/types\/post"}],"author":[{"embeddable":true,"href":"http:\/\/folhadosudeste.com\/site\/index.php?rest_route=\/wp\/v2\/users\/2"}],"replies":[{"embeddable":true,"href":"http:\/\/folhadosudeste.com\/site\/index.php?rest_route=%2Fwp%2Fv2%2Fcomments&post=46031"}],"version-history":[{"count":1,"href":"http:\/\/folhadosudeste.com\/site\/index.php?rest_route=\/wp\/v2\/posts\/46031\/revisions"}],"predecessor-version":[{"id":46059,"href":"http:\/\/folhadosudeste.com\/site\/index.php?rest_route=\/wp\/v2\/posts\/46031\/revisions\/46059"}],"wp:featuredmedia":[{"embeddable":true,"href":"http:\/\/folhadosudeste.com\/site\/index.php?rest_route=\/wp\/v2\/media\/46032"}],"wp:attachment":[{"href":"http:\/\/folhadosudeste.com\/site\/index.php?rest_route=%2Fwp%2Fv2%2Fmedia&parent=46031"}],"wp:term":[{"taxonomy":"category","embeddable":true,"href":"http:\/\/folhadosudeste.com\/site\/index.php?rest_route=%2Fwp%2Fv2%2Fcategories&post=46031"},{"taxonomy":"post_tag","embeddable":true,"href":"http:\/\/folhadosudeste.com\/site\/index.php?rest_route=%2Fwp%2Fv2%2Ftags&post=46031"}],"curies":[{"name":"wp","href":"https:\/\/api.w.org\/{rel}","templated":true}]}}